{"id":57394,"date":"2024-07-09T04:35:30","date_gmt":"2024-07-09T02:35:30","guid":{"rendered":"https:\/\/www.infokuryr.cz\/n\/?p=57394"},"modified":"2024-07-09T04:35:30","modified_gmt":"2024-07-09T02:35:30","slug":"nejmene-ctyri-lide-zemreli-pri-hurikanu-v-texasu","status":"publish","type":"post","link":"https:\/\/www.infokuryr.cz\/n\/2024\/07\/09\/nejmene-ctyri-lide-zemreli-pri-hurikanu-v-texasu\/","title":{"rendered":"Nejm\u00e9n\u011b \u010dty\u0159i lid\u00e9 zem\u0159eli p\u0159i hurik\u00e1nu v Texasu"},"content":{"rendered":"<div id=\"fb-root\"><\/div>\n<p class=\"lead\"><strong>Po\u010det ob\u011bt\u00ed v d\u016fsledku hurik\u00e1nu Beryl, kter\u00fd zas\u00e1hl st\u00e1t Texas, se zv\u00fd\u0161il na \u010dty\u0159i, uvedla 8. \u010dervence CNN s odvol\u00e1n\u00edm na m\u00edstn\u00ed p\u0159edstavitele.<\/strong><\/p>\n<p><span>Podle starosty Houstonu\u00a0<\/span><strong><span>Johna Whitmirea<\/span><\/strong><span>\u00a0zem\u0159eli ve m\u011bst\u011b nejm\u00e9n\u011b dva m\u00edstn\u00ed obyvatel\u00e9, z nich\u017e jeden byl ob\u011bt\u00ed po\u017e\u00e1ru, o kter\u00e9m se p\u0159edpokl\u00e1d\u00e1, \u017ee byl zp\u016fsoben \u00faderem blesku. Druh\u00fd zabit\u00fd byl policista z Houstonu, dodal starosta m\u011bsta.<\/span><\/p>\n<p><span>Dal\u0161\u00ed dva lid\u00e9 zahynuli p\u0159i p\u0159\u00edrodn\u00ed katastrof\u011b v okrese Harris. P\u0159\u00edsp\u011bvek na soci\u00e1ln\u00edch s\u00edt\u00edch ze \u010dtvrt\u00e9ho okrsku okresu Harris uv\u00e1d\u00ed, \u017ee jednou z ob\u011bt\u00ed byla 74let\u00e1 \u017eena, jej\u00ed\u017e d\u016fm zas\u00e1hl strom.<\/span><\/p>\n<p><span>Podobn\u00fd incident si vy\u017e\u00e1dal \u017eivot 53let\u00e9ho mu\u017ee, poznamenala policie.<\/span><\/p>\n<p><span>Beryl byl hurik\u00e1n 1. kategorie, kter\u00fd sv\u00fdm nejv\u011bt\u0161\u00edm dopadem zas\u00e1hl pob\u0159e\u017e\u00ed z\u00e1livu Matagorda v oblasti Houstonu. Podle americk\u00e9ho N\u00e1rodn\u00edho st\u0159ediska pro hurik\u00e1ny (NHC) dosahuj\u00ed n\u00e1razy v\u011btru v Texasu rychlosti 130 km\/h. Siln\u00fd v\u00edtr doprov\u00e1zej\u00ed prudk\u00e9 de\u0161t\u011b, bou\u0159kov\u00e9 vlny a torn\u00e1da.<\/span><\/p>\n<p><span>Podle prognostik\u016f, uv\u00e1d\u00ed CNN, p\u0159\u00edrodn\u00ed katastrofa zesl\u00e1bne do 24 hodin a do r\u00e1na 9. \u010dervence se v podob\u011b siln\u00fdch de\u0161\u0165\u016f s n\u00e1razov\u00fdm v\u011btrem p\u0159esune do Arkansasu.<\/span><\/p>\n<p><img decoding=\"async\" loading=\"lazy\" class=\"alignnone size-full wp-image-1185\" src=\"http:\/\/www.infokuryr.cz\/n\/wp-content\/uploads\/2021\/04\/kuryr-podpis.png\" alt=\"\" width=\"84\" height=\"24\" \/><\/p>\n<p>&nbsp;<\/p>\n","protected":false},"excerpt":{"rendered":"<p>Po\u010det ob\u011bt\u00ed v d\u016fsledku hurik\u00e1nu Beryl, kter\u00fd zas\u00e1hl st\u00e1t Texas, se zv\u00fd\u0161il na \u010dty\u0159i, uvedla&#8230;<\/p>\n","protected":false},"author":2,"featured_media":57395,"comment_status":"closed","ping_status":"closed","sticky":false,"template":"","format":"standard","meta":[],"categories":[7],"tags":[3438,871,2642],"_links":{"self":[{"href":"https:\/\/www.infokuryr.cz\/n\/wp-json\/wp\/v2\/posts\/57394"}],"collection":[{"href":"https:\/\/www.infokuryr.cz\/n\/wp-json\/wp\/v2\/posts"}],"about":[{"href":"https:\/\/www.infokuryr.cz\/n\/wp-json\/wp\/v2\/types\/post"}],"author":[{"embeddable":true,"href":"https:\/\/www.infokuryr.cz\/n\/wp-json\/wp\/v2\/users\/2"}],"replies":[{"embeddable":true,"href":"https:\/\/www.infokuryr.cz\/n\/wp-json\/wp\/v2\/comments?post=57394"}],"version-history":[{"count":0,"href":"https:\/\/www.infokuryr.cz\/n\/wp-json\/wp\/v2\/posts\/57394\/revisions"}],"wp:featuredmedia":[{"embeddable":true,"href":"https:\/\/www.infokuryr.cz\/n\/wp-json\/wp\/v2\/media\/57395"}],"wp:attachment":[{"href":"https:\/\/www.infokuryr.cz\/n\/wp-json\/wp\/v2\/media?parent=57394"}],"wp:term":[{"taxonomy":"category","embeddable":true,"href":"https:\/\/www.infokuryr.cz\/n\/wp-json\/wp\/v2\/categories?post=57394"},{"taxonomy":"post_tag","embeddable":true,"href":"https:\/\/www.infokuryr.cz\/n\/wp-json\/wp\/v2\/tags?post=57394"}],"curies":[{"name":"wp","href":"https:\/\/api.w.org\/{rel}","templated":true}]}}