{"id":57365,"date":"2024-07-09T00:50:39","date_gmt":"2024-07-08T22:50:39","guid":{"rendered":"https:\/\/www.infokuryr.cz\/n\/?p=57365"},"modified":"2024-07-08T19:38:56","modified_gmt":"2024-07-08T17:38:56","slug":"dalsi-ukrajinske-lzi-rusko-kritizuje-ukrajinske-tvrzeni-o-utoku-na-civilni-cile","status":"publish","type":"post","link":"https:\/\/www.infokuryr.cz\/n\/2024\/07\/09\/dalsi-ukrajinske-lzi-rusko-kritizuje-ukrajinske-tvrzeni-o-utoku-na-civilni-cile\/","title":{"rendered":"\u201eDal\u0161\u00ed ukrajinsk\u00e9 l\u017ei\u201c: Rusko kritizuje ukrajinsk\u00e9 tvrzen\u00ed o \u00fatoku na civiln\u00ed c\u00edle"},"content":{"rendered":"<div id=\"fb-root\"><\/div>\n<p><span style=\"font-size: 18pt;\"><strong>Po\u0161kozen\u00ed d\u011btsk\u00e9 nemocnice v Kyjev\u011b bylo zp\u016fsobeno chybnou protivzdu\u0161nou obranou, nikoli rusk\u00fdm raketov\u00fdm \u00fatokem, uvedlo ministerstvo obrany v Moskv\u011b<\/strong><\/span><\/p>\n<p><span>Tvrzen\u00ed ukrajinsk\u00fdch p\u0159edstavitel\u016f, \u017ee Rusko v pond\u011bl\u00ed z\u00e1m\u011brn\u011b za\u00fato\u010dilo na civiln\u00ed c\u00edle v Kyjev\u011b, jsou\u00a0<\/span><em><span><strong>\u201enaprosto nepravdiv\u00e9\u201c<\/strong>,<\/span><\/em><span>\u00a0uvedlo ministerstvo obrany v Moskv\u011b.<\/span><\/p>\n<p><span>Podle \u010detn\u00fdch vide\u00ed zve\u0159ejn\u011bn\u00fdch m\u00edstn\u00edmi m\u00e9dii ot\u0159\u00e1sla ukrajinskou metropol\u00ed na za\u010d\u00e1tku dne \u0159ada siln\u00fdch exploz\u00ed. Civilist\u00e9 na zemi byli \u00fadajn\u011b zran\u011bni.<\/span><\/p>\n<p><span>Ukrajinsk\u00fd v\u016fdce Vladimir Zelenskij obvinil Moskvu ze z\u00e1m\u011brn\u00e9ho c\u00edlen\u00ed na prominentn\u00ed d\u011btskou nemocnici a tvrdil, \u017ee\u00a0<\/span><em><span>\u201eje nemo\u017en\u00e9, aby Rusko nev\u011bd\u011blo, kam l\u00e9taj\u00ed jeho rakety a muselo se pln\u011b zodpov\u00eddat za sv\u00e9 zlo\u010diny\u201c.<\/span><\/em><\/p>\n<p><span>Ukrajinsk\u00fd ministr vnitra Igor Klimenko ozna\u010dil Rusko za\u00a0<\/span><em><span>\u201en\u00e1rod terorist\u016f a spodiny\u201c a<\/span><\/em><span>\u00a0dodal, \u017ee v hlavn\u00edm m\u011bst\u011b bylo zabito nejm\u00e9n\u011b sedm lid\u00ed.<\/span><\/p>\n<p><span>Rusk\u00e1 arm\u00e1da v pond\u011bl\u00ed potvrdila odp\u00e1len\u00ed salvy raket dlouh\u00e9ho doletu, ale zd\u016fraznila, \u017ee m\u00ed\u0159\u00ed na vojensk\u00e9 tov\u00e1rny a leti\u0161t\u011b na Ukrajin\u011b.<\/span><\/p>\n<div class=\"article__cover\">\n<div class=\"media\"><picture><source srcset=\"https:\/\/mf.b37mrtl.ru\/files\/2024.07\/original\/668bdd6f85f540577e57c4b3.jpg\" sizes=\"991px\" data-srcset=\"https:\/\/mf.b37mrtl.ru\/files\/2024.07\/original\/668bdd6f85f540577e57c4b3.jpg\" \/><img decoding=\"async\" loading=\"lazy\" class=\"read-more__cover lazyautosizes lazyloaded aligncenter\" src=\"https:\/\/mf.b37mrtl.ru\/files\/2024.07\/original\/668bdd6f85f540577e57c4b3.jpg\" sizes=\"991px\" alt=\"RT\" width=\"814\" height=\"611\" data-sizes=\"auto\" data-src=\"https:\/\/mf.b37mrtl.ru\/files\/2024.07\/original\/668bdd6f85f540577e57c4b3.jpg\" \/><\/picture>\n<div class=\"media__footer media__footer_bottom \">\n<div class=\"media__title media__title_footer\" style=\"text-align: center;\"><em>Lid\u00e9 v Kyjev\u011b p\u0159ed d\u011btskou nemocnic\u00ed Okhmatdit dne 8. \u010dervna 2024. \u00a9 Ministerstvo pro mimo\u0159\u00e1dn\u00e9 situace Ukrajiny<\/em><\/div>\n<\/div>\n<\/div>\n<\/div>\n<p><em><span>&#8222;Tvrzen\u00ed p\u0159edstavitel\u016f kyjevsk\u00e9ho re\u017eimu o \u00fadajn\u00e9m z\u00e1m\u011brn\u00e9m rusk\u00e9m \u00faderu na civiln\u00ed m\u00edsta jsou absolutn\u011b nepravdiv\u00e1,&#8220;<\/span><\/em><span>\u00a0stoj\u00ed v prohl\u00e1\u0161en\u00ed.<\/span><\/p>\n<p><strong><em>&#8222;\u010cetn\u00e9 fotografie a videa z Kyjeva nevyvratiteln\u011b potvrzuj\u00ed zni\u010den\u00ed ukrajinskou protiletadlovou st\u0159elou, kter\u00e1 byla vyp\u00e1lena z odpalovac\u00edho za\u0159\u00edzen\u00ed um\u00edst\u011bn\u00e9ho uvnit\u0159 m\u011bsta,&#8220;<\/em><\/strong><span> uvedlo rusk\u00e9 ministerstvo.<\/span><\/p>\n<p><span>Rusko \u00fadajn\u011b pou\u017eilo p\u0159i palb\u011b nadzvukov\u00e9 rakety Kin\u017e\u00e1l odpalovan\u00e9 vzduchem. Vysoc\u00ed ukrajin\u0161t\u00ed p\u0159edstavitel\u00e9 tvrdili, \u017ee zbran\u011b jsou zraniteln\u00e9 v\u016f\u010di zachycen\u00ed raketov\u00fdmi syst\u00e9my Patriot. Minul\u00fd t\u00fdden vysok\u00fd velitel protivzdu\u0161n\u00e9 obrany \u0159ekl, \u017ee \u017e\u00e1dn\u00fd Kin\u017e\u00e1l dosud neprorazil \u0161t\u00edt americk\u00e9 v\u00fdroby, p\u0159esto\u017ee jich Moskva vyp\u00e1lila p\u0159es 20.<\/span><\/p>\n<p><em><span>\u201eV\u0161echny rakety Kin\u017e\u00e1l odp\u00e1len\u00e9 na ukrajinsk\u00e9 hlavn\u00ed m\u011bsto od ozn\u00e1men\u00ed rozm\u00edst\u011bn\u00ed syst\u00e9m\u016f Patriot byly \u00fasp\u011b\u0161n\u011b zastaveny. Od kv\u011btna 2023 nedos\u00e1hla sv\u00e9ho c\u00edle v hlavn\u00edm m\u011bst\u011b ani jedna balistick\u00e1 st\u0159ela,\u201c<\/span><\/em><span>\u00a0\u0159ekl pro Ukrinform plukovn\u00edk Sergej Jarjomenko, velitel 96. brig\u00e1dy protivzdu\u0161n\u00e9 obrany.<\/span><\/p>\n<p><span>Moskva ji\u017e d\u0159\u00edve uvedla, \u017ee Kyjev sv\u00e9 m\u00edry odposlech\u016f p\u0159eh\u00e1n\u00ed. Ukrajinci tvrd\u00ed, \u017ee podle vysok\u00fdch rusk\u00fdch vojensk\u00fdch p\u0159edstavitel\u016f sest\u0159elili v\u00edce Kin\u017e\u00e1l\u016f, ne\u017e rusk\u00e9 s\u00edly skute\u010dn\u011b nasadily.<\/span><\/p>\n<p>Samoz\u0159ejm\u011b ukrajinsk\u00e9 l\u017ei hned papou\u0161kovala v\u0161echna evropsk\u00e1 pro ukrajinsk\u00e9 dezinforma\u010dn\u00ed m\u00e9dia.<\/p>\n<p><img decoding=\"async\" loading=\"lazy\" class=\"alignnone size-full wp-image-1185\" src=\"http:\/\/www.infokuryr.cz\/n\/wp-content\/uploads\/2021\/04\/kuryr-podpis.png\" alt=\"\" width=\"84\" height=\"24\" \/><\/p>\n<p>&nbsp;<\/p>\n<p>&nbsp;<\/p>\n","protected":false},"excerpt":{"rendered":"<p>Po\u0161kozen\u00ed d\u011btsk\u00e9 nemocnice v Kyjev\u011b bylo zp\u016fsobeno chybnou protivzdu\u0161nou obranou, nikoli rusk\u00fdm raketov\u00fdm \u00fatokem, uvedlo&#8230;<\/p>\n","protected":false},"author":2,"featured_media":57366,"comment_status":"closed","ping_status":"closed","sticky":false,"template":"","format":"standard","meta":[],"categories":[7],"tags":[3203,1083,871,26],"_links":{"self":[{"href":"https:\/\/www.infokuryr.cz\/n\/wp-json\/wp\/v2\/posts\/57365"}],"collection":[{"href":"https:\/\/www.infokuryr.cz\/n\/wp-json\/wp\/v2\/posts"}],"about":[{"href":"https:\/\/www.infokuryr.cz\/n\/wp-json\/wp\/v2\/types\/post"}],"author":[{"embeddable":true,"href":"https:\/\/www.infokuryr.cz\/n\/wp-json\/wp\/v2\/users\/2"}],"replies":[{"embeddable":true,"href":"https:\/\/www.infokuryr.cz\/n\/wp-json\/wp\/v2\/comments?post=57365"}],"version-history":[{"count":1,"href":"https:\/\/www.infokuryr.cz\/n\/wp-json\/wp\/v2\/posts\/57365\/revisions"}],"predecessor-version":[{"id":57367,"href":"https:\/\/www.infokuryr.cz\/n\/wp-json\/wp\/v2\/posts\/57365\/revisions\/57367"}],"wp:featuredmedia":[{"embeddable":true,"href":"https:\/\/www.infokuryr.cz\/n\/wp-json\/wp\/v2\/media\/57366"}],"wp:attachment":[{"href":"https:\/\/www.infokuryr.cz\/n\/wp-json\/wp\/v2\/media?parent=57365"}],"wp:term":[{"taxonomy":"category","embeddable":true,"href":"https:\/\/www.infokuryr.cz\/n\/wp-json\/wp\/v2\/categories?post=57365"},{"taxonomy":"post_tag","embeddable":true,"href":"https:\/\/www.infokuryr.cz\/n\/wp-json\/wp\/v2\/tags?post=57365"}],"curies":[{"name":"wp","href":"https:\/\/api.w.org\/{rel}","templated":true}]}}