{"id":57358,"date":"2024-07-09T00:46:47","date_gmt":"2024-07-08T22:46:47","guid":{"rendered":"https:\/\/www.infokuryr.cz\/n\/?p=57358"},"modified":"2024-07-08T19:22:14","modified_gmt":"2024-07-08T17:22:14","slug":"ondrej-prokop-cesko-se-jedine-propada-poslanci-se-ale-smeji-stanjura-odmitl-zverejnit-rozpocet","status":"publish","type":"post","link":"https:\/\/www.infokuryr.cz\/n\/2024\/07\/09\/ondrej-prokop-cesko-se-jedine-propada-poslanci-se-ale-smeji-stanjura-odmitl-zverejnit-rozpocet\/","title":{"rendered":"Ond\u0159ej Prokop: \u010cesko se jedin\u00e9 propad\u00e1. Poslanci se ale sm\u011bj\u00ed. Stanjura odm\u00edtl zve\u0159ejnit rozpo\u010det"},"content":{"rendered":"<div id=\"fb-root\"><\/div>\n<p><strong>\u010cesk\u00e1 republika je jedin\u00e1 zem\u011b b\u00fdval\u00e9ho v\u00fdchodn\u00edho bloku, kter\u00e1 se za posledn\u00edch 5 let propadla v kupn\u00ed s\u00edle! L\u00e9pe je na tom i Bulharsko. Poslanci p\u011btikoalice se mezit\u00edm sm\u011bj\u00ed. Kupuj\u00ed si toti\u017e nov\u00e9 byty za pen\u00edze, kter\u00e9 podle da\u0148ov\u00e9ho p\u0159izn\u00e1n\u00ed nemaj\u00ed. Kde se teda vzaly?<\/strong><\/p>\n<p>\ud83d\udc49 Stanjura odm\u00edtl zve\u0159ejnit n\u00e1vrh rozpo\u010dtu na dal\u0161\u00ed rok. Takhle netransparentn\u00edho ministra financ\u00ed jsme tu je\u0161t\u011b nem\u011bli. Kdov\u00ed, co zase chyst\u00e1 na sv\u00e9 ob\u010dany!<\/p>\n<p>\ud83d\udc49 Na\u0161e frakce v Evrop\u011b nadzvedla tlak mnoha provl\u00e1dn\u00edm fanou\u0161k\u016fm. V pr\u016fb\u011bhu posledn\u00edho t\u00fddne se k n\u00ed toti\u017e p\u0159idaly dal\u0161\u00ed strany z EU. Dnes se p\u0159idala i francouzsk\u00e1 strana Marine Le Penov\u00e9, co\u017e znamen\u00e1, \u017ee se staneme jednou z nejsiln\u011bj\u0161\u00edch frakc\u00ed v Evrop\u011b a budeme skute\u010dn\u011b m\u00edt s\u00edlu pohnout s Green Dealem, neleg\u00e1ln\u00ed migrac\u00ed a dal\u0161\u00edmi pal\u010div\u00fdmi probl\u00e9my Evropy.<\/p>\n<p>\ud83d\udc49 \u010ce\u0161i si od 1. \u010dervence v\u00fdrazn\u011b p\u0159iplat\u00ed &#8211; za spo\u0159en\u00ed, spl\u00e1cen\u00ed hypot\u00e9ky i dra\u017e\u0161\u00ed povolen\u00ed. Kv\u016fli Barto\u0161ov\u011b stavebn\u00edmu z\u00e1konu nap\u0159\u00edklad povolen\u00ed studny nebo \u010disti\u010dky odpadu vyjde na 10 tis\u00edc K\u010d. M\u00edsto sou\u010dasn\u00fdch 300 korun.<\/p>\n<p>\ud83d\udc49 \u0160okuj\u00edc\u00ed novinky z kauzy Dozimetr. \u0160\u00e9f pra\u017esk\u00e9 ODS Marek Benda byl podle policejn\u00edho spisu obl\u00edbencem mafi\u00e1na Redla. Redl cht\u011bl z Bendy ud\u011blat ministra spravedlnosti, aby zabr\u00e1nil povolen\u00ed odposlech\u016f a sledov\u00e1n\u00ed mafi\u00e1n\u016f. Dozimetr do dne\u0161n\u00edho dne nen\u00ed st\u00e1le v Praze po\u0159\u00e1dn\u011b vy\u0161et\u0159en, sl\u00edben\u00e9 audity se vle\u010dou nebo je veden\u00ed m\u011bsta taj\u00ed.<\/p>\n<p>\ud83d\udc49Nedostatek m\u00edst na st\u0159edn\u00edch \u0161kol\u00e1ch v Praze vyh\u00e1n\u00ed d\u011bti na &#8222;prac\u00e1k&#8220;. \u00da\u0159ad eviduje rekordn\u00ed po\u010det mladistv\u00fdch. Prim\u00e1tor Svoboda p\u0159itom tvrd\u00ed, \u017ee \u017e\u00e1dn\u00fd takov\u00fd probl\u00e9m neexistuje. To je dost mimo. S kolegy z ANO jsme na tuto bl\u00ed\u017e\u00edc\u00ed se krizi upozor\u0148ovali u\u017e n\u011bkolik let.<\/p>\n<p>\ud83d\udc49 Kolaps na pra\u017esk\u00e9m leti\u0161ti. Lid\u00e9 odl\u00e9tali i bez kufr\u016f. Absurdn\u00ed! Leti\u0161t\u011b v\u017edy fungovalo perfektn\u011b, dokud se k moci nedostala sou\u010dasn\u00e1 vl\u00e1da (leti\u0161t\u011b spad\u00e1 pod Stanjurovo ministerstvo). Je v\u016fbec n\u011bco, co nepokaz\u00ed?<\/p>\n<p>To v\u0161e a mnohem v\u00edc se dozv\u00edte v 91. d\u00edlu m\u00e9ho politick\u00e9ho podcastu. D\u011bkuji v\u00e1m p\u0159edem za zhl\u00e9dnut\u00ed a pros\u00edm o dal\u0161\u00ed sd\u00edlen\u00ed, a\u0165 se pravdu dozv\u00ed co nejv\u00edc lid\u00ed! T\u011b\u0161\u00edm se na dotazy i koment\u00e1\u0159e!<\/p>\n<p><iframe loading=\"lazy\" title=\"\u010cesko se jedin\u00e9 propad\u00e1. Poslanci se ale sm\u011bj\u00ed. Stanjura odm\u00edtl zve\u0159ejnit rozpo\u010det. | \u010cau Praho! #91\" width=\"640\" height=\"360\" src=\"https:\/\/www.youtube.com\/embed\/c31oqXHC5-U?feature=oembed\" frameborder=\"0\" allow=\"accelerometer; autoplay; clipboard-write; encrypted-media; gyroscope; picture-in-picture; web-share\" referrerpolicy=\"strict-origin-when-cross-origin\" allowfullscreen><\/iframe><\/p>\n<p><strong>Ing. Ond\u0159ej Prokop, p\u0159edseda hnut\u00ed ANO v Praze<\/strong><\/p>\n<p>&nbsp;<\/p>\n","protected":false},"excerpt":{"rendered":"<p>\u010cesk\u00e1 republika je jedin\u00e1 zem\u011b b\u00fdval\u00e9ho v\u00fdchodn\u00edho bloku, kter\u00e1 se za posledn\u00edch 5 let propadla&#8230;<\/p>\n","protected":false},"author":2,"featured_media":39290,"comment_status":"closed","ping_status":"closed","sticky":false,"template":"","format":"standard","meta":[],"categories":[6],"tags":[1503,371,6313,889],"_links":{"self":[{"href":"https:\/\/www.infokuryr.cz\/n\/wp-json\/wp\/v2\/posts\/57358"}],"collection":[{"href":"https:\/\/www.infokuryr.cz\/n\/wp-json\/wp\/v2\/posts"}],"about":[{"href":"https:\/\/www.infokuryr.cz\/n\/wp-json\/wp\/v2\/types\/post"}],"author":[{"embeddable":true,"href":"https:\/\/www.infokuryr.cz\/n\/wp-json\/wp\/v2\/users\/2"}],"replies":[{"embeddable":true,"href":"https:\/\/www.infokuryr.cz\/n\/wp-json\/wp\/v2\/comments?post=57358"}],"version-history":[{"count":0,"href":"https:\/\/www.infokuryr.cz\/n\/wp-json\/wp\/v2\/posts\/57358\/revisions"}],"wp:featuredmedia":[{"embeddable":true,"href":"https:\/\/www.infokuryr.cz\/n\/wp-json\/wp\/v2\/media\/39290"}],"wp:attachment":[{"href":"https:\/\/www.infokuryr.cz\/n\/wp-json\/wp\/v2\/media?parent=57358"}],"wp:term":[{"taxonomy":"category","embeddable":true,"href":"https:\/\/www.infokuryr.cz\/n\/wp-json\/wp\/v2\/categories?post=57358"},{"taxonomy":"post_tag","embeddable":true,"href":"https:\/\/www.infokuryr.cz\/n\/wp-json\/wp\/v2\/tags?post=57358"}],"curies":[{"name":"wp","href":"https:\/\/api.w.org\/{rel}","templated":true}]}}