{"id":57351,"date":"2024-07-09T00:33:32","date_gmt":"2024-07-08T22:33:32","guid":{"rendered":"https:\/\/www.infokuryr.cz\/n\/?p=57351"},"modified":"2024-07-08T16:30:14","modified_gmt":"2024-07-08T14:30:14","slug":"evropska-unie-pred-kolapsem-teprve-nyni-je-to-spravny-blazinec","status":"publish","type":"post","link":"https:\/\/www.infokuryr.cz\/n\/2024\/07\/09\/evropska-unie-pred-kolapsem-teprve-nyni-je-to-spravny-blazinec\/","title":{"rendered":"Evropsk\u00e1 unie p\u0159ed kolapsem: teprve nyn\u00ed je to spr\u00e1vn\u00fd bl\u00e1zinec"},"content":{"rendered":"<div id=\"fb-root\"><\/div>\n<div class=\"introtext\">\n<p>Ve Francii v\u00edt\u011bz\u00ed komunistick\u00fd manifest s partou mocichtiv\u00fdch parti\u010dek jako v \u010cesk\u00e9 republice, kde najednou v\u00e9vod\u00ed v masm\u00e9di\u00edch komunistick\u00e1 v\u016fdkyn\u011b Kone\u010dn\u00e1 a Rud\u00e1 z\u00e1\u0159e nad Kladnem vstala z hrobu. R\u016f\u017ei\u010dkov\u00e1 by z toho bol\u0161evick\u00e9ho bl\u00e1zince \u010di sp\u00ed\u0161e bordelu m\u011bla v\u00e1noce.<\/p>\n<\/div>\n<div class=\"fulltext\">\n<p><span style=\"font-size: 18pt;\"><strong>Chaos a zv\u011brstva v Evropsk\u00e9 unii\u00a0 by nemohla m\u00edt v\u011bt\u0161\u00ed absurdn\u00ed divadlo<\/strong><\/span><\/p>\n<table>\n<tbody>\n<tr>\n<td>\u00a0Tak takto vypad\u00e1 Evropsk\u00e1 unie, kdy v\u016fdci tvrd\u00ed, \u017ee p\u0159ipravuj\u00ed m\u00e1lem federaci. U\u017e ch\u00e1pete, \u017ee ti tupci v\u016fbec netu\u0161\u00ed, kter\u00e1 bije a \u017ee toto je dal\u0161\u00ed stup\u00ednek k rozpadu? Toto ne-v\u00edt\u011bzstv\u00ed je je\u0161t\u011b v\u011bt\u0161\u00ed nebezpe\u010d\u00ed pro Evropskou unii, ne\u017e v\u00edt\u011bzstv\u00ed Le Penov\u00e9. \u0158\u00edzen\u00fd chaos se toti\u017e p\u0159em\u011bnil v ne\u0159\u00edzen\u00fd chaos, kdy nikdo nev\u00ed, odkud co vyleze. A zd\u011b\u0161en\u00ed teprve nyn\u00ed d\u00e1vaj\u00ed brusel\u0161t\u00ed \u0161a\u0161kov\u00e9 najevo viz Tusk a pl\u00e1canice o Putinovi. Prost\u011b si s t\u00edm nev\u011bd\u00ed rady. Z\u00e1sadn\u00ed nep\u0159\u00edtel \u010diteln\u00fd zmizel a co s t\u00edm? Slepenec Francie: krajn\u011b levicov\u00e1 Nepodman\u011bn\u00e1 Francie, ekologov\u00e9, socialist\u00e9 a komunist\u00e9. Chaos a fra\u0161ka!<\/p>\n<p><img decoding=\"async\" class=\"aligncenter\" src=\"https:\/\/www.skrytapravda.cz\/images\/blogy\/805\/2024\/7cervenec\/Sn%C3%ADmek_obrazovky_41_ac5e7.webp\" alt=\"Sn\u00edmek obrazovky 41 ac5e7\" \/><\/td>\n<\/tr>\n<\/tbody>\n<\/table>\n<p><span style=\"font-size: 18pt;\"><strong>A v \u010dele \u010cesk\u00e9 republiky bol\u0161evik, kter\u00fd se transformoval na antibol\u0161evika: komunistick\u00fd rozv\u011bd\u010d\u00edk na lukrativn\u011b placen\u00fdch postech!<\/strong><\/span><\/p>\n<p>Zd\u00e1 se, \u017ee rychlost p\u00e1du Evropsk\u00e9 unie nab\u00edr\u00e1 tempo. Jak si budou rozum\u011bt komunisti Kone\u010dn\u00e9 a komunistick\u00e1 enkl\u00e1va francouzsk\u00e1? Tak dlouho se chod\u00ed se d\u017eb\u00e1nem pro vodu, a\u017e se ucho utrhne. Korouhvi\u010dky vrtulov\u00e9 nab\u00edraj\u00ed maxim\u00e1ln\u00ed ot\u00e1\u010dky.<\/p>\n<h2>A nyn\u00ed je nutn\u00e9 vysv\u011btlen\u00ed, co se stalo<\/h2>\n<p>zat\u00edm Evropsk\u00e1 unie d\u011blala \u0159\u00edzen\u00fd chaos, dle d\u00e1vn\u00e9ho r\u010den\u00ed: rozd\u011bl a panuj. Tak\u017ee vypou\u0161t\u011bla r\u016fzn\u00e9 balonky a ti &#8222;dole&#8220; se mezi sebou h\u00e1dali, zat\u00edmco ti &#8222;naho\u0159e&#8220; v \u010dele s Jourovou se sm\u00e1li a m\u011bli z n\u00e1s v\u00e1noce. Vid\u00edme to i v \u010cesk\u00e9 republice, kdy ka\u017ed\u00fd den vytv\u00e1\u0159\u00ed masm\u00e9dia i s vl\u00e1dou \u0159\u00edzen\u00fd chaos, lid\u00e9 se pak nesjednot\u00ed a rvou se mezi sebou. Jenom\u017ee co se paradoxn\u011b stalo nezvolen\u00edm skute\u010dn\u00e9 opozice ve Francii, kde byli na ni velmi dob\u0159e p\u0159ipraveni, a \u00faderky u\u017e p\u0159edem \u0159valy, jak mus\u00ed extremistickou pravici sejmout?<\/p>\n<h2>Zvolen\u00edm fra\u0161ky ve Francii se v\u0161e za\u010d\u00edn\u00e1 kl\u00ed\u017eit a z Bruselu se st\u00e1v\u00e1 pytel blech.<\/h2>\n<p><span style=\"font-size: 14pt;\"><strong>Ta parti\u010dka nevolila program, ale &#8222;Anti Le Penov\u00e1&#8220; a nyn\u00ed bude sranda&#8230;<\/strong><\/span><\/p>\n<div class=\"info_box cela_sirka jpalert\">\n<div class=\"explanationContent\">Francouzsk\u00e1 spole\u010dnost je te\u010f rozd\u011blana na t\u0159i podobn\u011b velk\u00e9 n\u00e1zorov\u00e9 proudy, a d\u00edky volebn\u00edmu syst\u00e9mu nedok\u00e1zala strana Le Pen z\u00edskat p\u0159evahu, a\u010d je siln\u011bj\u0161\u00ed ne\u017e levice \u010di macronovci.\u00a0<span class=\"atm-text-decorator\">\u00da\u010dasti ve druh\u00e9m kole parlamentn\u00edch voleb ve Francii\u00a0<strong>se vzdalo 218\u00a0kandid\u00e1t\u016f,<\/strong> z\u00a0toho 130\u00a0za levici a\u00a082\u00a0provl\u00e1dn\u00edch. Vypl\u00fdv\u00e1 to z\u00a0propo\u010dt\u016f den\u00edku Le Monde.Kandid\u00e1ti tak cht\u011bj\u00ed p\u0159edej\u00edt \u00fasp\u011bchu nacionalistick\u00e9ho N\u00e1rodn\u00edho sdru\u017een\u00ed (RN). Neuv\u011b\u0159iteln\u00e1 komedie.\u00a0<\/span><\/div>\n<\/div>\n<p>A pos\u00edlen\u00ed je mohutn\u00e9: v minul\u00fdch volb\u00e1ch z\u00edskala strana 89 mand\u00e1t\u016f, nyn\u00ed sahala na v\u00edt\u011bzstv\u00ed, tak\u017ee volebn\u00ed korupce a dohody byly z\u00e1kladem M\u00e9lenchona v \u010dele, ale p\u0159esto dok\u00e1zala z\u00edskat 143 mand\u00e1t\u016f.<\/p>\n<p>Jeden nyn\u00ed t\u00e1hne hot, druh\u00fd \u010deh\u00fd, t\u0159et\u00ed nev\u00ed co chce, jedni jsou pro palestinsk\u00fd st\u00e1t, dal\u0161\u00ed proti, jedni jsou pro jedn\u00e1n\u00ed s Ruskem, dal\u0161\u00ed proti a je to vid\u011bt i na Babi\u0161ovi, jak se sna\u017e\u00ed nafa\u0159it tam, kde to pro\u0161lap\u00e1val Jind\u0159ich Rajchl se stranou PRO, a\u010d je Babi\u0161ova parta stejn\u00e1, jako ODS.\u00a0<strong>A Brusel se st\u00e1v\u00e1 vylou\u010denou lokalitou<\/strong>, kdy st\u00e1le v\u00edce lid\u00ed ch\u00e1pe, \u017ee\u00a0<strong>je to jen korup\u010dn\u00ed hn\u00edzdo dota\u010dn\u00ed<\/strong>, nikoliv veden\u00ed Evropsk\u00e9 unie a rva\u010dky o pen\u00edze s\u00edl\u00ed nad my\u0161lenkou.<\/p>\n<p>Evropsk\u00e1 unie se rozpad\u00e1 a je to jen ot\u00e1zkou \u010dasu. Bude legrace vid\u011bt, jak ve Francii budou skl\u00e1dat vl\u00e1du a co se pak bude d\u00edt. To aby cenzor Folt\u00fdn s Raku\u0161anem sp\u00e1chali sebevra\u017edu v depres\u00edch, co s t\u00edm.<\/p>\n<p>Skoro by se dalo \u0159\u00edct, \u017ee<strong>\u00a0&#8222;nev\u00edt\u011bzstv\u00edm&#8220; zv\u00edt\u011bzila Le Penov\u00e1 na cel\u00e9 \u010d\u00e1\u0159e\u00a0<\/strong>a nov\u00e9 volby budou do roka a do dne, zat\u00edmco chaos v \u0159\u00ed\u0161i bordelu (EU) bude nad\u00e1le nar\u016fstat. Je \u010das se za\u010d\u00edt p\u0159ipravovat na rozpad EU a fale\u0161n\u00fd hr\u00e1\u010d Babi\u0161 u\u017e zav\u011bt\u0159il.<strong>\u00a0Najednou v\u0161e, co dojednal Rajchl a\u00a0 Babi\u0161 kritizoval, jakoby vymyslel on. Neskute\u010dn\u00e1 pras\u00e1rna.<\/strong><\/p>\n<p><span style=\"font-size: 18pt;\"><strong>Jak dlouho je\u0161t\u011b budou m\u00edt \u010ce\u0161i, Moravan\u00e9 a Slezan\u00e9 zatemn\u011bn\u00fd rozum a v\u017edy nal\u00e9tnou na podvodn\u00edky?<\/strong><\/span><\/p>\n<p><a href=\"https:\/\/www.skrytapravda.cz\/ze-zahranici\/1983-evropska-unie-pred-kolapsem-teprve-nyni-je-to-spravny-blazinec\">Petr Pokorn\u00fd<\/a><\/p>\n<p>&nbsp;<\/p>\n<\/div>\n","protected":false},"excerpt":{"rendered":"<p>Ve Francii v\u00edt\u011bz\u00ed komunistick\u00fd manifest s partou mocichtiv\u00fdch parti\u010dek jako v \u010cesk\u00e9 republice, kde najednou&#8230;<\/p>\n","protected":false},"author":2,"featured_media":57352,"comment_status":"closed","ping_status":"closed","sticky":false,"template":"","format":"standard","meta":[],"categories":[6],"tags":[41,130,1503,122],"_links":{"self":[{"href":"https:\/\/www.infokuryr.cz\/n\/wp-json\/wp\/v2\/posts\/57351"}],"collection":[{"href":"https:\/\/www.infokuryr.cz\/n\/wp-json\/wp\/v2\/posts"}],"about":[{"href":"https:\/\/www.infokuryr.cz\/n\/wp-json\/wp\/v2\/types\/post"}],"author":[{"embeddable":true,"href":"https:\/\/www.infokuryr.cz\/n\/wp-json\/wp\/v2\/users\/2"}],"replies":[{"embeddable":true,"href":"https:\/\/www.infokuryr.cz\/n\/wp-json\/wp\/v2\/comments?post=57351"}],"version-history":[{"count":0,"href":"https:\/\/www.infokuryr.cz\/n\/wp-json\/wp\/v2\/posts\/57351\/revisions"}],"wp:featuredmedia":[{"embeddable":true,"href":"https:\/\/www.infokuryr.cz\/n\/wp-json\/wp\/v2\/media\/57352"}],"wp:attachment":[{"href":"https:\/\/www.infokuryr.cz\/n\/wp-json\/wp\/v2\/media?parent=57351"}],"wp:term":[{"taxonomy":"category","embeddable":true,"href":"https:\/\/www.infokuryr.cz\/n\/wp-json\/wp\/v2\/categories?post=57351"},{"taxonomy":"post_tag","embeddable":true,"href":"https:\/\/www.infokuryr.cz\/n\/wp-json\/wp\/v2\/tags?post=57351"}],"curies":[{"name":"wp","href":"https:\/\/api.w.org\/{rel}","templated":true}]}}