{"id":57346,"date":"2024-07-09T00:30:32","date_gmt":"2024-07-08T22:30:32","guid":{"rendered":"https:\/\/www.infokuryr.cz\/n\/?p=57346"},"modified":"2024-07-09T16:44:39","modified_gmt":"2024-07-09T14:44:39","slug":"nezamestnanost-v-usteckem-kraji-stagnuje-na-59-zajem-o-digi-kurzy-oproti-lonsku-raketove-vzrostl","status":"publish","type":"post","link":"https:\/\/www.infokuryr.cz\/n\/2024\/07\/09\/nezamestnanost-v-usteckem-kraji-stagnuje-na-59-zajem-o-digi-kurzy-oproti-lonsku-raketove-vzrostl\/","title":{"rendered":"Nezam\u011bstnanost v \u00dasteck\u00e9m kraji stagnuje na 5,9 %, z\u00e1jem o DIGI kurzy oproti lo\u0148sku raketov\u011b vzrostl"},"content":{"rendered":"<div id=\"fb-root\"><\/div>\n<p><strong>K 30. 6. 2024 evidoval \u00da\u0159ad pr\u00e1ce \u010cR, Krajsk\u00e1 pobo\u010dka v\u00a0\u00dast\u00ed nad Labem celkem 32 870 uchaze\u010d\u016f o zam\u011bstn\u00e1n\u00ed. Jejich po\u010det byl o 69 ni\u017e\u0161\u00ed ne\u017e na konci p\u0159edchoz\u00edho m\u011bs\u00edce, ve srovn\u00e1n\u00ed se stejn\u00fdm obdob\u00edm minul\u00e9ho roku byl vy\u0161\u0161\u00ed o 3 407 lid\u00ed. \u00a0Z tohoto po\u010dtu bylo 30 425 dosa\u017eiteln\u00fdch uchaze\u010d\u016f o zam\u011bstn\u00e1n\u00ed ve v\u011bku 15\u201364 let. M\u00edrn\u011b klesl tak\u00e9 po\u010det voln\u00fdch pracovn\u00edch m\u00edst na 11 322. <\/strong><strong>V\u00a0r\u00e1mci aktivn\u00ed politiky zam\u011bstnanosti \u00da\u0159ad pr\u00e1ce od po\u010d\u00e1tku roku 2024 podpo\u0159il celkem 3 934 lid\u00ed, z\u00a0nich\u017e 1 568 bylo za\u0159azeno do rekvalifikac\u00ed a dal\u0161\u00edch 1 459 po\u017e\u00e1dalo o za\u0159azen\u00ed do kurz\u016f DIGI vzd\u011bl\u00e1v\u00e1n\u00ed. Kurzy digit\u00e1ln\u00edho vzd\u011bl\u00e1v\u00e1n\u00ed jsou ur\u010deny i pro ty, kte\u0159\u00ed na \u00da\u0159adu pr\u00e1ce nejsou evidovan\u00ed, ale cht\u011bj\u00ed si doplnit znalosti. DIGI kurzy a dal\u0161\u00ed nab\u00eddku vzd\u011bl\u00e1v\u00e1n\u00ed najdou z\u00e1jemci na str\u00e1nk\u00e1ch <\/strong><a href=\"http:\/\/www.jsemvkurzu.cz\"><strong>www.jsemvkurzu.cz<\/strong><\/a><strong>. <\/strong><\/p>\n<p>\u201e<em>Rekvalifikace jsou jedn\u00edm z nejd\u016fle\u017eit\u011bj\u0161\u00edch n\u00e1stroj\u016f aktivn\u00ed politiky zam\u011bstnanosti u\u017e proto, \u017ee faktor vzd\u011bl\u00e1v\u00e1n\u00ed pracovn\u00ed s\u00edly hraje p\u0159i realizaci hospod\u00e1\u0159sk\u00e9ho r\u016fstu v\u017edy zcela mimo\u0159\u00e1dnou roli. P\u0159edev\u0161\u00edm v posledn\u00edch dvou letech klade \u00da\u0159ad pr\u00e1ce mimo\u0159\u00e1dnou pozornost na zlep\u0161ov\u00e1n\u00ed kvalifikace nejen klient\u016f veden\u00fdch v jeho evidenci, ale ve\u0161ker\u00e9 pracovn\u00ed s\u00edly. V\u00a0\u00dasteck\u00e9m kraji evidujeme enormn\u00ed z\u00e1jem o DIGI kurzy, do kter\u00fdch se letos zapojilo ji\u017e t\u00e9m\u011b\u0159 1\u00a0500 lid\u00ed. V\u00a0lo\u0148sk\u00e9m roce jich ve stejn\u00e9m obdob\u00ed bylo pouze osm,<\/em>\u201c \u0159\u00edk\u00e1 <strong>Martina Be\u010dv\u00e1\u0159ov\u00e1<\/strong>, \u0159editelka Krajsk\u00e9 pobo\u010dky \u00daP \u010cR v\u00a0\u00dast\u00ed nad Labem. \u201e<em>O tom, \u017ee kurzy a rekvalifikace pom\u00e1haj\u00ed, vypov\u00edd\u00e1 mno\u017estv\u00ed p\u0159\u00edklad\u016f dobr\u00e9 praxe z\u00a0na\u0161eho kraje. Jeden z p\u0159\u00edb\u011bh\u016f se \u0161\u0165astn\u00fdm koncem se odehr\u00e1l v Litom\u011b\u0159ic\u00edch, kde klient se zdravotn\u00edm posti\u017een\u00edm absolvoval specializovan\u00fd rekvalifika\u010dn\u00ed kurz Nevidom\u00fd a slabozrak\u00fd mas\u00e9r ve zdravotnictv\u00ed, \u00fasp\u011b\u0161n\u011b kurz ukon\u010dil a ji\u017e po t\u00fddnu aktivn\u00ed spolupr\u00e1ce p\u0159i hled\u00e1n\u00ed zam\u011bstn\u00e1n\u00ed, mu bylo p\u0159isl\u00edbeno m\u00edsto v rehabilita\u010dn\u00edm za\u0159\u00edzen\u00ed, do kter\u00e9ho n\u00e1sledn\u011b nastoupil bez p\u0159\u00edsp\u011bvku \u00fa\u0159adu pr\u00e1ce<\/em>,\u201c dopl\u0148uje Be\u010dv\u00e1\u0159ov\u00e1<br \/>\na z\u00e1rove\u0148 konstatuje, \u017ee \u201e<em>posun v oblasti trhu pr\u00e1ce za posledn\u00ed rok je zna\u010dn\u00fd, a to zejm\u00e9na d\u00edky plo\u0161n\u00e9 digitalizaci jednotliv\u00fdch n\u00e1stroj\u016f, kter\u00e9 maj\u00ed a budou m\u00edt pozitivn\u00ed dopad pro klienty \u00da\u0159adu pr\u00e1ce \u010cR.\u201c<\/em><\/p>\n<p>V\u00a0porovn\u00e1n\u00ed s\u00a0p\u0159edchoz\u00edm obdob\u00edm minul\u00e9ho roku je nutn\u00e9 konstatovat, \u017ee se situace v\u00a0regionu v\u00a0oblasti nezam\u011bstnanosti zhor\u0161uje. <strong>Nav\u00fd\u0161il se po\u010det uchaze\u010d\u016f o zam\u011bstn\u00e1n\u00ed oproti p\u0159edchoz\u00edmu roku o 11,5 %<\/strong> a po\u010det voln\u00fdch pracovn\u00edch m\u00edst je t\u00e9m\u011b\u0159 stejn\u00fd. Hlavn\u00ed p\u0159\u00ed\u010dinou jsou hromadn\u00e1 <strong>propou\u0161t\u011bn\u00ed firem z energetick\u00e9ho pr\u016fmyslu a navazuj\u00edc\u00edch oblast\u00ed<\/strong>.<\/p>\n<p>V pr\u016fb\u011bhu m\u011bs\u00edce bylo <strong>nov\u011b zaevidov\u00e1no 3 299 uchaze\u010d\u016f o zam\u011bstn\u00e1n\u00ed<\/strong>. Ve srovn\u00e1n\u00ed<br \/>\ns p\u0159edchoz\u00edm m\u011bs\u00edcem to bylo o 86 osob m\u00e9n\u011b a v porovn\u00e1n\u00ed se stejn\u00fdm obdob\u00edm minul\u00e9ho roku o 158 osob v\u00edce. Z evidence b\u011bhem m\u011bs\u00edce ode\u0161lo celkem 3 368 uchaze\u010d\u016f (ukon\u010den\u00e1 evidence, vy\u0159azen\u00ed uchaze\u010di). Bylo to o 139 osob m\u00e9n\u011b ne\u017e v p\u0159edchoz\u00edm m\u011bs\u00edci a o 89 osob m\u00e9n\u011b ne\u017e ve stejn\u00e9m m\u011bs\u00edci minul\u00e9ho roku. Do zam\u011bstn\u00e1n\u00ed z nich ve sledovan\u00e9m m\u011bs\u00edci nastoupilo 2 418 osob, tj. o 17 m\u00e9n\u011b ne\u017e v p\u0159edchoz\u00edm m\u011bs\u00edci a o 349 v\u00edce ne\u017e ve stejn\u00e9m m\u011bs\u00edci minul\u00e9ho roku, celkem <strong>2 251 uchaze\u010d\u016f o zam\u011bstn\u00e1n\u00ed bylo um\u00edst\u011bno prost\u0159ednictv\u00edm \u00da\u0159adu pr\u00e1ce \u010cR<\/strong>, tj. o 43 v\u00edce ne\u017e v p\u0159edchoz\u00edm m\u011bs\u00edci a o 481 v\u00edce ne\u017e ve stejn\u00e9m obdob\u00ed minul\u00e9ho roku, 950 uchaze\u010d\u016f bylo vy\u0159azeno bez um\u00edst\u011bn\u00ed.<\/p>\n<p><span style=\"font-size: 18pt;\"><strong>V\u00fdvoj nezam\u011bstnanosti<\/strong><\/span><\/p>\n<table width=\"614\">\n<tbody>\n<tr>\n<td colspan=\"2\" rowspan=\"2\" width=\"332\">Ukazatel (celkov\u00fd stav)<\/td>\n<td colspan=\"3\" width=\"281\">Stav k<\/td>\n<\/tr>\n<tr>\n<td width=\"92\">30. 6. 2023<\/td>\n<td width=\"95\">31. 5. 2024<\/td>\n<td width=\"94\"><strong>30. 6. 2024<\/strong><\/td>\n<\/tr>\n<tr>\n<td colspan=\"2\" width=\"332\">evidovan\u00ed uchaze\u010di o zam\u011bstn\u00e1n\u00ed<\/td>\n<td width=\"92\">29 463<\/td>\n<td width=\"95\">32 939<\/td>\n<td width=\"94\"><strong>32 870<\/strong><\/td>\n<\/tr>\n<tr>\n<td width=\"85\">\u00a0&#8211; z toho<\/td>\n<td width=\"248\">\u00a0\u017eeny<\/td>\n<td width=\"92\">16 944<\/td>\n<td width=\"95\">18 585<\/td>\n<td width=\"94\"><strong>18 538<\/strong><\/td>\n<\/tr>\n<tr>\n<td width=\"85\"><\/td>\n<td width=\"248\">\u00a0absolventi a mladistv\u00ed<\/td>\n<td width=\"92\">1 196<\/td>\n<td width=\"95\">1 619<\/td>\n<td width=\"94\"><strong>1 416<\/strong><\/td>\n<\/tr>\n<tr>\n<td width=\"85\"><\/td>\n<td width=\"248\">\u00a0uchaze\u010di se zdravotn\u00edm posti\u017een\u00edm<\/td>\n<td width=\"92\">4 352<\/td>\n<td width=\"95\">4 513<\/td>\n<td width=\"94\"><strong>4 512<\/strong><\/td>\n<\/tr>\n<tr>\n<td colspan=\"2\" width=\"332\">uchaze\u010di s\u00a0n\u00e1rokem na podporu v nezam\u011bstnanosti<\/td>\n<td width=\"92\">6 434<\/td>\n<td width=\"95\">7 562<\/td>\n<td width=\"94\"><strong>7 434<\/strong><\/td>\n<\/tr>\n<tr>\n<td colspan=\"2\" width=\"332\">pod\u00edl nezam\u011bstnan\u00fdch osob (v %)<\/td>\n<td width=\"92\">5,3<\/td>\n<td width=\"95\">5,9<\/td>\n<td width=\"94\"><strong>5,9<\/strong><\/td>\n<\/tr>\n<tr>\n<td colspan=\"2\" width=\"332\">voln\u00e1 pracovn\u00ed m\u00edsta<\/td>\n<td width=\"92\">11 297<\/td>\n<td width=\"95\">11 372<\/td>\n<td width=\"94\"><strong>11 322<\/strong><\/td>\n<\/tr>\n<tr>\n<td colspan=\"2\" width=\"332\">po\u010det uchaze\u010d\u016f na 1 voln\u00e9 pracovn\u00ed m\u00edsto<\/td>\n<td width=\"92\">2,6<\/td>\n<td width=\"95\">2,9<\/td>\n<td width=\"94\"><strong>2,9<\/strong><\/td>\n<\/tr>\n<\/tbody>\n<\/table>\n<p>&nbsp;<\/p>\n<p><span style=\"font-size: 18pt;\"><strong>Tok nezam\u011bstnanosti<\/strong><\/span><\/p>\n<table width=\"614\">\n<tbody>\n<tr>\n<td rowspan=\"2\" width=\"333\">Ukazatel<\/td>\n<td colspan=\"3\" width=\"280\">Po\u010det uchaze\u010d\u016f ve sledovan\u00e9m m\u011bs\u00edci<\/td>\n<\/tr>\n<tr>\n<td width=\"105\">\u010derven<\/p>\n<p>2023<\/td>\n<td width=\"105\">kv\u011bten<\/p>\n<p>2024<\/td>\n<td width=\"71\"><strong>\u010derven<\/strong><\/p>\n<p><strong>2024<\/strong><\/td>\n<\/tr>\n<tr>\n<td width=\"333\">nov\u011b evidovan\u00ed uchaze\u010di o zam\u011bstn\u00e1n\u00ed<\/td>\n<td width=\"105\">3 141<\/td>\n<td width=\"105\">3 385<\/td>\n<td width=\"71\"><strong>3 299<\/strong><\/td>\n<\/tr>\n<tr>\n<td width=\"333\">uchaze\u010di s\u00a0ukon\u010denou evidenc\u00ed a vy\u0159azen\u00ed<\/td>\n<td width=\"105\">3 457<\/td>\n<td width=\"105\">3 507<\/td>\n<td width=\"71\"><strong>3 368<\/strong><\/td>\n<\/tr>\n<tr>\n<td width=\"333\">\u00a0&#8211; z\u00a0toho um\u00edst\u011bn\u00ed celkem<\/td>\n<td width=\"105\">2 069<\/td>\n<td width=\"105\">2 435<\/td>\n<td width=\"71\"><strong>2 418<\/strong><\/td>\n<\/tr>\n<tr>\n<td width=\"333\">\u00a0&#8211; z toho um\u00edst\u011bn\u00ed \u00fa\u0159adem pr\u00e1ce<\/td>\n<td width=\"105\">1 770<\/td>\n<td width=\"105\">2 208<\/td>\n<td width=\"71\"><strong>2 251<\/strong><\/td>\n<\/tr>\n<\/tbody>\n<\/table>\n<p>&nbsp;<\/p>\n<p>Mezim\u011bs\u00ed\u010dn\u00ed n\u00e1r\u016fst po\u010dtu uchaze\u010d\u016f o zam\u011bstn\u00e1n\u00ed byl zaznamen\u00e1n ve dvou okresech \u00dasteck\u00e9ho kraje, a to v okrese Most (4,4 %) a neznateln\u011b v Chomutov\u011b (0,1 %). <strong>Okres Most vykazoval nejv\u011bt\u0161\u00ed n\u00e1r\u016fst ze v\u0161ech okres\u016f v \u010cesk\u00e9 republice<\/strong>. Mezim\u011bs\u00ed\u010dn\u00ed pokles uchaze\u010d\u016f se t\u00fdkal okres\u016f \u00dast\u00ed nad Labem (-1,1 %), Teplice (-1,4 %), Louny (-1,7), D\u011b\u010d\u00edn<br \/>\n(-1,7 %) a Litom\u011b\u0159ice (-2,7 %), kde byl v \u010dervnu nejv\u011bt\u0161\u00ed \u00fabytek nezam\u011bstnan\u00fdch.<\/p>\n<p>Ke konci m\u011bs\u00edce bylo evidov\u00e1no na \u00da\u0159adu pr\u00e1ce \u010cR, Krajsk\u00e9 pobo\u010dce v \u00dast\u00ed n. L. <strong>18 538 \u017een<\/strong>. Jejich pod\u00edl na celkov\u00e9m po\u010dtu uchaze\u010d\u016f \u010dinil 56,4 %. V evidenci bylo 4 512 osob se zdravotn\u00edm posti\u017een\u00edm, co\u017e p\u0159edstavovalo 13,7 % z celkov\u00e9ho po\u010dtu nezam\u011bstnan\u00fdch.<\/p>\n<p>K posledn\u00edmu dni tohoto m\u011bs\u00edce bylo evidov\u00e1no <strong>1 416 absolvent\u016f \u0161kol <\/strong>v\u0161ech stup\u0148\u016f vzd\u011bl\u00e1n\u00ed a mladistv\u00fdch, jejich\u017e po\u010det mezim\u011bs\u00ed\u010dn\u011b klesnul o 203 osob a ve srovn\u00e1n\u00ed se stejn\u00fdm m\u011bs\u00edcem minul\u00e9ho roku byl vy\u0161\u0161\u00ed o 220 osob. Na celkov\u00e9 nezam\u011bstnanosti se absolventi a mladistv\u00ed pod\u00edleli 4,3 %.<\/p>\n<p><span style=\"font-size: 18pt;\"><strong>Nezam\u011bstnanost v\u00a0okresech k\u00a030. 6. 2024<\/strong><\/span><\/p>\n<table width=\"614\">\n<tbody>\n<tr>\n<td rowspan=\"3\" width=\"133\"><strong>Okres<\/strong><\/td>\n<td colspan=\"2\" width=\"190\"><strong>Po\u010det nezam\u011bstnan\u00fdch<\/strong><\/td>\n<td rowspan=\"3\" width=\"95\"><strong>Voln\u00e1 pracovn\u00ed m\u00edsta<\/strong><\/td>\n<td rowspan=\"3\" width=\"95\"><strong>Po\u010det uchaze\u010d\u016f<\/strong><\/p>\n<p><strong>na 1 VPM<\/strong><\/td>\n<td rowspan=\"3\" width=\"100\"><strong>Pod\u00edl nezam\u011bstnan\u00fdch osob (v %)<\/strong><\/td>\n<td width=\"0\"><\/td>\n<\/tr>\n<tr>\n<td rowspan=\"2\" width=\"95\">celkem<\/td>\n<td rowspan=\"2\" width=\"95\">z toho \u017eeny<\/td>\n<td width=\"0\"><\/td>\n<\/tr>\n<tr>\n<td width=\"0\"><\/td>\n<\/tr>\n<tr>\n<td width=\"133\"><strong>D\u011b\u010d\u00edn<\/strong><\/td>\n<td width=\"95\">4 765<\/td>\n<td width=\"95\">2 569<\/td>\n<td width=\"95\">1 001<\/td>\n<td width=\"95\">4,8<\/td>\n<td width=\"100\">5,6<\/td>\n<td width=\"0\"><\/td>\n<\/tr>\n<tr>\n<td width=\"133\"><strong>Chomutov<\/strong><\/td>\n<td width=\"95\">5 901<\/td>\n<td width=\"95\">3 409<\/td>\n<td width=\"95\">2 984<\/td>\n<td width=\"95\">2,0<\/td>\n<td width=\"100\">6,9<\/td>\n<td width=\"0\"><\/td>\n<\/tr>\n<tr>\n<td width=\"133\"><strong>Litom\u011b\u0159ice<\/strong><\/td>\n<td width=\"95\">3 029<\/td>\n<td width=\"95\">1 759<\/td>\n<td width=\"95\">1 022<\/td>\n<td width=\"95\">3,0<\/td>\n<td width=\"100\">3,7<\/td>\n<td width=\"0\"><\/td>\n<\/tr>\n<tr>\n<td width=\"133\"><strong>Louny<\/strong><\/td>\n<td width=\"95\">3 527<\/td>\n<td width=\"95\">1 986<\/td>\n<td width=\"95\">1 113<\/td>\n<td width=\"95\">3,2<\/td>\n<td width=\"100\">5,7<\/td>\n<td width=\"0\"><\/td>\n<\/tr>\n<tr>\n<td width=\"133\"><strong>Most<\/strong><\/td>\n<td width=\"95\">6 281<\/td>\n<td width=\"95\">3 580<\/td>\n<td width=\"95\">1 353<\/td>\n<td width=\"95\">4,6<\/td>\n<td width=\"100\">8,4<\/td>\n<td width=\"0\"><\/td>\n<\/tr>\n<tr>\n<td width=\"133\"><strong>Teplice<\/strong><\/td>\n<td width=\"95\">4 420<\/td>\n<td width=\"95\">2 576<\/td>\n<td width=\"95\">2 385<\/td>\n<td width=\"95\">1,9<\/td>\n<td width=\"100\">5,0<\/td>\n<td width=\"0\"><\/td>\n<\/tr>\n<tr>\n<td width=\"133\"><strong>\u00dast\u00ed nad Labem<\/strong><\/td>\n<td width=\"95\">4 947<\/td>\n<td width=\"95\">2 659<\/td>\n<td width=\"95\">1 464<\/td>\n<td width=\"95\">3,4<\/td>\n<td width=\"100\">5,9<\/td>\n<td width=\"0\"><\/td>\n<\/tr>\n<tr>\n<td width=\"133\"><strong>\u00dasteck\u00fd kraj<\/strong><\/td>\n<td width=\"95\"><strong>32 870<\/strong><\/td>\n<td width=\"95\"><strong>18 538<\/strong><\/td>\n<td width=\"95\"><strong>11 322<\/strong><\/td>\n<td width=\"95\"><strong>2,9<\/strong><\/td>\n<td width=\"100\"><strong>5,9<\/strong><\/td>\n<td width=\"0\"><\/td>\n<\/tr>\n<tr>\n<td width=\"133\"><strong>\u010cesk\u00e1 republika<\/strong><\/td>\n<td width=\"95\">272 684<\/td>\n<td width=\"95\">148 630<\/td>\n<td width=\"95\">263 552<\/td>\n<td width=\"95\">1,0<\/td>\n<td width=\"100\">3,6<\/td>\n<td width=\"0\"><\/td>\n<\/tr>\n<\/tbody>\n<\/table>\n<p><strong>Podporu v nezam\u011bstnanosti pob\u00edralo 7 434 uchaze\u010d\u016f o zam\u011bstn\u00e1n\u00ed<\/strong>, tj. 22,6 % v\u0161ech uchaze\u010d\u016f veden\u00fdch v evidenci.<\/p>\n<p>Pod\u00edl nezam\u011bstnan\u00fdch osob, tj. po\u010det dosa\u017eiteln\u00fdch uchaze\u010d\u016f o zam\u011bstn\u00e1n\u00ed ve v\u011bku 15-64 let k obyvatelstvu t\u00e9ho\u017e v\u011bku k 30. 6. 2024 st\u00e1le osciluje na 5,9 % za \u00dasteck\u00fd kraj. <strong>Pod\u00edl nezam\u011bstnan\u00fdch vy\u0161\u0161\u00ed ne\u017e republikov\u00fd pr\u016fm\u011br (3,6 %) vyk\u00e1zaly v\u0161echny okresy \u00dasteck\u00e9ho kraje.<\/strong> Nejvy\u0161\u0161\u00ed pod\u00edl byl evidov\u00e1n v okrese Most (8,4 %) a nejni\u017e\u0161\u00ed v okresu Litom\u011b\u0159ice (3,7 %). Pod\u00edl nezam\u011bstnan\u00fdch \u017een z\u016fst\u00e1v\u00e1 na 6,8 % a pod\u00edl nezam\u011bstnan\u00fdch mu\u017e\u016f na 5,0 %.<\/p>\n<p>V \u00dasteck\u00e9m kraji bylo k 30. 6. 2024 evidov\u00e1no <strong>celkem 11 322 voln\u00fdch pracovn\u00edch m\u00edst<\/strong>. Jejich po\u010det byl mezim\u011bs\u00ed\u010dn\u011b o 50 ni\u017e\u0161\u00ed a z\u00e1rove\u0148 o 25 vy\u0161\u0161\u00ed ne\u017e ve stejn\u00e9m m\u011bs\u00edci minul\u00e9ho roku. <strong>Na jedno voln\u00e9 pracovn\u00ed m\u00edsto p\u0159ipadalo v pr\u016fm\u011bru 2,9 uchaze\u010de o zam\u011bstn\u00e1n\u00ed<\/strong>, z toho nejv\u00edce v okrese D\u011b\u010d\u00edn (4,8 UoZ) a nejm\u00e9n\u011b v okresu Teplice (1,9 UoZ). Z celkov\u00e9ho po\u010dtu voln\u00fdch m\u00edst bylo 750 vhodn\u00fdch pro osoby se zdravotn\u00edm posti\u017een\u00edm (OZP), na jedno voln\u00e9 m\u00edsto p\u0159ipadalo 6,0 OZP. Voln\u00fdch pracovn\u00edch m\u00edst pro absolventy a mladistv\u00e9 bylo registrov\u00e1no 2 696, na jedno voln\u00e9 m\u00edsto p\u0159ipadalo tak 0,5 uchaze\u010de t\u00e9to kategorie.<\/p>\n<p>V r\u00e1mci <strong>aktivn\u00ed politiky zam\u011bstnanosti<\/strong> (APZ) a realizovan\u00fdch projekt\u016f ESF bylo od za\u010d\u00e1tku roku 2024 prost\u0159ednictv\u00edm p\u0159\u00edsp\u011bvk\u016f <strong>podpo\u0159eno 3 934 osob<\/strong>, z nich\u017e 1 568 bylo za\u0159azeno do rekvalifika\u010dn\u00edch kurz\u016f a 1 459 osob na digit\u00e1ln\u00ed vzd\u011bl\u00e1v\u00e1n\u00ed financovan\u00e9 prost\u0159ednictv\u00edm n\u00e1rodn\u00edho pl\u00e1nu obnovy (NPO).<\/p>\n<p>Nej\u010dast\u011bji podporovan\u00fdmi obory \u010dinnost\u00ed prost\u0159ednictv\u00edm n\u00e1stroje Spole\u010densky \u00fa\u010deln\u00e9 pracovn\u00ed m\u00edsto-SV\u010c byly ke konci sledovan\u00e9ho m\u011bs\u00edce osobn\u00ed slu\u017eby (pedik\u00fara a manik\u00fara, kosmetika, mas\u00e9rsk\u00e9, rekondi\u010dn\u00ed a regenera\u010dn\u00ed slu\u017eby, holi\u010dstv\u00ed a kade\u0159nictv\u00ed); stavebnictv\u00ed a \u0159emesla (p\u0159\u00edpravn\u00e9 a dokon\u010dovac\u00ed stavebn\u00ed pr\u00e1ce; vodoinstalat\u00e9rstv\u00ed a topen\u00e1\u0159stv\u00ed; pokr\u00fdva\u010dstv\u00ed<br \/>\na tesa\u0159stv\u00ed;\u00a0 truhl\u00e1\u0159stv\u00ed a podlah\u00e1\u0159stv\u00ed; zednictv\u00ed, z\u00e1me\u010dnictv\u00ed a n\u00e1stroj\u00e1\u0159stv\u00ed); zpracov\u00e1v\u00e1n\u00ed d\u0159eva, v\u00fdroba d\u0159ev\u011bn\u00fdch, korkov\u00fdch, prout\u011bn\u00fdch a slam\u011bn\u00fdch v\u00fdrobk\u016f; v\u00fdroba kovov\u00fdch konstrukc\u00ed a kovod\u011bln\u00fdch v\u00fdrobk\u016f; v\u00fdroba textiln\u00edch v\u00fdrobk\u016f a od\u011bv\u016f; mont\u00e1\u017e, opravy, revize<br \/>\na zkou\u0161ky elektrick\u00fdch za\u0159\u00edzen\u00ed; v\u00fdroba, instalace, opravy elektrick\u00fdch, elektronick\u00fdch<br \/>\na telekomunika\u010dn\u00edch za\u0159\u00edzen\u00ed; mont\u00e1\u017e chlad\u00edc\u00edch a tepeln\u00fdch \u010derpadel; zprost\u0159edkov\u00e1n\u00ed obchodu a slu\u017eeb; slu\u017eby v oblasti administrativn\u00ed spr\u00e1vy; poradenstv\u00ed v oblasti IT; poskytov\u00e1n\u00ed software poradenstv\u00ed v oblasti informa\u010dn\u00edch technologi\u00ed; technick\u00e9, grafick\u00e9 a kresli\u010dsk\u00e9 pr\u00e1ce; v\u00fdroba a opravy hudebn\u00edch n\u00e1stroj\u016f; chov zv\u00ed\u0159at a jejich v\u00fdcvik; n\u00e1vrh\u00e1\u0159sk\u00e1, design\u00e9rsk\u00e1, aran\u017e\u00e9rsk\u00e1 \u010dinnost a modeling; makl\u00e9\u0159sk\u00e1 \u010dinnosti; lektorstv\u00ed a mimo\u0161koln\u00ed vzd\u011bl\u00e1v\u00e1n\u00ed a d\u00e1le opravy silni\u010dn\u00edch vozidel; poskytov\u00e1n\u00ed slu\u017eeb pro zem\u011bd\u011blstv\u00ed, zahradnictv\u00ed, rybn\u00edk\u00e1\u0159stv\u00ed<br \/>\na lesnictv\u00ed.<\/p>\n<p>Celorepublikov\u00e9 statistiky nezam\u011bstnanosti jsou zve\u0159ej\u0148ov\u00e1ny zde: <a href=\"http:\/\/www.mpsv.cz\/web\/cz\/mesicni\">www.mpsv.cz\/web\/cz\/mesicni<\/a><\/p>\n<p><img decoding=\"async\" loading=\"lazy\" class=\"alignnone size-full wp-image-1185\" src=\"http:\/\/www.infokuryr.cz\/n\/wp-content\/uploads\/2021\/04\/kuryr-podpis.png\" alt=\"\" width=\"84\" height=\"24\" \/><\/p>\n<p>&nbsp;<\/p>\n","protected":false},"excerpt":{"rendered":"<p>K 30. 6. 2024 evidoval \u00da\u0159ad pr\u00e1ce \u010cR, Krajsk\u00e1 pobo\u010dka v\u00a0\u00dast\u00ed nad Labem celkem 32&#8230;<\/p>\n","protected":false},"author":2,"featured_media":46615,"comment_status":"closed","ping_status":"closed","sticky":false,"template":"","format":"standard","meta":[],"categories":[6],"tags":[3013,96,5682],"_links":{"self":[{"href":"https:\/\/www.infokuryr.cz\/n\/wp-json\/wp\/v2\/posts\/57346"}],"collection":[{"href":"https:\/\/www.infokuryr.cz\/n\/wp-json\/wp\/v2\/posts"}],"about":[{"href":"https:\/\/www.infokuryr.cz\/n\/wp-json\/wp\/v2\/types\/post"}],"author":[{"embeddable":true,"href":"https:\/\/www.infokuryr.cz\/n\/wp-json\/wp\/v2\/users\/2"}],"replies":[{"embeddable":true,"href":"https:\/\/www.infokuryr.cz\/n\/wp-json\/wp\/v2\/comments?post=57346"}],"version-history":[{"count":1,"href":"https:\/\/www.infokuryr.cz\/n\/wp-json\/wp\/v2\/posts\/57346\/revisions"}],"predecessor-version":[{"id":57350,"href":"https:\/\/www.infokuryr.cz\/n\/wp-json\/wp\/v2\/posts\/57346\/revisions\/57350"}],"wp:featuredmedia":[{"embeddable":true,"href":"https:\/\/www.infokuryr.cz\/n\/wp-json\/wp\/v2\/media\/46615"}],"wp:attachment":[{"href":"https:\/\/www.infokuryr.cz\/n\/wp-json\/wp\/v2\/media?parent=57346"}],"wp:term":[{"taxonomy":"category","embeddable":true,"href":"https:\/\/www.infokuryr.cz\/n\/wp-json\/wp\/v2\/categories?post=57346"},{"taxonomy":"post_tag","embeddable":true,"href":"https:\/\/www.infokuryr.cz\/n\/wp-json\/wp\/v2\/tags?post=57346"}],"curies":[{"name":"wp","href":"https:\/\/api.w.org\/{rel}","templated":true}]}}