{"id":57304,"date":"2024-07-08T06:30:29","date_gmt":"2024-07-08T04:30:29","guid":{"rendered":"https:\/\/www.infokuryr.cz\/n\/?p=57304"},"modified":"2024-07-08T06:30:29","modified_gmt":"2024-07-08T04:30:29","slug":"jiri-vyvadil-putin-se-o-bidena-nezajima-je-ochoten-jednat-o-miru-pouze-s-trumpem","status":"publish","type":"post","link":"https:\/\/www.infokuryr.cz\/n\/2024\/07\/08\/jiri-vyvadil-putin-se-o-bidena-nezajima-je-ochoten-jednat-o-miru-pouze-s-trumpem\/","title":{"rendered":"Ji\u0159\u00ed Vyvadil: Putin se o Bidena nezaj\u00edm\u00e1! Je ochoten jednat o m\u00edru pouze s Trumpem"},"content":{"rendered":"<div id=\"fb-root\"><\/div>\n<p><strong>Podle port\u00e1lu Informer je Rusko je p\u0159ipraveno diskutovat o ot\u00e1zk\u00e1ch strategick\u00e9 stability se Spojen\u00fdmi st\u00e1ty, je v\u0161ak nutn\u00e9 po\u010dkat, a\u017e nov\u00e1 administrativa ve Washingtonu pochop\u00ed jejich postoj, \u0159ekl ve \u010dtvrtek prezident Vladimir Putin.<\/strong><\/p>\n<p>Putin tak\u00e9 p\u0159ipomn\u011bl, \u017ee sv\u00e9 bezpe\u010dnostn\u00ed n\u00e1vrhy formulovalo Rusko s t\u00edm, \u017ee by m\u011bly b\u00fdt \u201edobrovoln\u00e9\u201c \u00a0vst\u0159eb\u00e1ny i ostatn\u00edmi zem\u011bmi.<\/p>\n<p>Po setk\u00e1n\u00ed s\u00a0premi\u00e9rem Orb\u00e1nem\u00a0 se Vladim\u00edr Putin vyj\u00e1d\u0159il k\u00a0tomu, zda a s\u00a0k\u00fdm je mo\u017en\u00e9 dnes v\u00a0USA jednat.<\/p>\n<p>Realisticky konstatoval, \u017ee Rusko mus\u00ed po\u010dkat na volby v USA a pochopit n\u00e1ladu a preference budouc\u00ed vl\u00e1dy. Jsme na to p\u0159ipraveni\u00a0\u2013 \u0159ekl Putin novin\u00e1\u0159\u016fm a dodal, \u017ee Rusko je p\u0159ipraveno na \u201edialog\u201c s USA.<\/p>\n<p>Putin tak\u00e9 \u0159ekl, \u017ee je \u201enemo\u017en\u00e9\u201c hovo\u0159it o\u00a0konstruktivn\u00edm dialogu\u00a0p\u0159ed americk\u00fdmi volbami.<\/p>\n<p>Prezident Putin poznamenal, \u017ee sledoval \u00faryvky prezidentsk\u00e9 debaty z minul\u00e9ho t\u00fddne mezi americk\u00fdm prezidentem Joem Bidenem a jeho republik\u00e1nsk\u00fdm kandid\u00e1tem Donaldem Trumpem.<\/p>\n<p>&#8211;\u00a0No, vid\u011bl jsem n\u011bjak\u00e9 \u00falomky. M\u00e1m spoustu v\u011bc\u00ed na pr\u00e1ci, tak\u017ee moc nesleduju, co se tam d\u011bje&#8230; Obecn\u011b jsem samoz\u0159ejm\u011b n\u011bco z toho vid\u011bl, nedalo se tomu vyhnout\u00a0\u2013 \u0159ekl.<\/p>\n<p>Kdy\u017e hovo\u0159il o mo\u017enosti jedn\u00e1n\u00ed s\u00a0Ukrajinou, Vladimir Putin pouk\u00e1zal na to, \u017ee je zbyte\u010dn\u00e9 pokou\u0161et se jednat s ukrajinsk\u00fdm parlamentem, pokud odpov\u00edd\u00e1 vl\u00e1d\u011b, kter\u00e1 se nez\u00e1konn\u011b dr\u017e\u00ed u moci. Konstatoval, \u017ee vl\u00e1dnouc\u00ed elita&#8230; nez\u00e1konn\u011b z\u016fst\u00e1v\u00e1 u moci a nepo\u017e\u00e1dala ani o potvrzen\u00ed \u00a0sv\u00e9ho mand\u00e1tu \u00dastavn\u00ed soud\u00a0&#8211; \u0159ekl prezident s odkazem na rozsudek Nejvy\u0161\u0161\u00edho soudu z roku 2015, kter\u00fd omezil prezidentsk\u00fd mand\u00e1t na p\u011bt let, ani\u017e by roz\u0161\u00ed\u0159en\u00ed.<\/p>\n<p>Pot\u00e9 prezident Putin dodal, \u017ee vztahy mezi USA a Ruskem b\u00fdvaly n\u011bkolik desetilet\u00ed pom\u011brn\u011b v\u0159el\u00e9, ale s\u00a0n\u011bk\u00fdm \u00a0jako je\u00a0Joe Biden\u00a0a jeho administrativou, nestoj\u00ed za to o \u010demkoli diskutovat.<\/p>\n<p>Na z\u00e1v\u011br poznamenal, \u017ee Moskva sleduje d\u011bn\u00ed v Americe a \u017ee Trump vystupuje jako p\u0159\u00edzniv\u00fd partner pro \u0159e\u0161en\u00ed vn\u011bj\u0161\u00edch probl\u00e9m\u016f a dialogu.<\/p>\n<p>Nikdy jsem nepochyboval, \u017ee se oba p\u00e1nov\u00e9 dohodnou.<\/p>\n<p>Mus\u00edme si prost\u011b\u00a0 do 5. listopadu a\u017e Ameri\u010dan\u00e9 rozhodnou. Pokud nenastane n\u011bco neo\u010dek\u00e1vateln\u00e9ho, je v\u00fdsledek jasn\u00fd.<\/p>\n<p><a href=\"https:\/\/vasevec.info\/vip-blogy\/putin-se-o-bidena-nezajima-je-ochoten-jednat-o-miru-pouze-s-trumpem\">Ji\u0159\u00ed Vyvadil<\/a><\/p>\n<p><img decoding=\"async\" loading=\"lazy\" class=\"alignnone size-medium wp-image-16474\" src=\"http:\/\/www.infokuryr.cz\/n\/wp-content\/uploads\/2022\/10\/jiri-vyvadil-300x200.jpg\" alt=\"\" width=\"300\" height=\"200\" srcset=\"https:\/\/www.infokuryr.cz\/n\/wp-content\/uploads\/2022\/10\/jiri-vyvadil-300x200.jpg 300w, https:\/\/www.infokuryr.cz\/n\/wp-content\/uploads\/2022\/10\/jiri-vyvadil-768x512.jpg 768w, https:\/\/www.infokuryr.cz\/n\/wp-content\/uploads\/2022\/10\/jiri-vyvadil.jpg 800w\" sizes=\"(max-width: 300px) 100vw, 300px\" \/><\/p>\n<p>&nbsp;<\/p>\n","protected":false},"excerpt":{"rendered":"<p>Podle port\u00e1lu Informer je Rusko je p\u0159ipraveno diskutovat o ot\u00e1zk\u00e1ch strategick\u00e9 stability se Spojen\u00fdmi st\u00e1ty,&#8230;<\/p>\n","protected":false},"author":2,"featured_media":36434,"comment_status":"closed","ping_status":"closed","sticky":false,"template":"","format":"standard","meta":[],"categories":[6],"tags":[72,1503,102,452],"_links":{"self":[{"href":"https:\/\/www.infokuryr.cz\/n\/wp-json\/wp\/v2\/posts\/57304"}],"collection":[{"href":"https:\/\/www.infokuryr.cz\/n\/wp-json\/wp\/v2\/posts"}],"about":[{"href":"https:\/\/www.infokuryr.cz\/n\/wp-json\/wp\/v2\/types\/post"}],"author":[{"embeddable":true,"href":"https:\/\/www.infokuryr.cz\/n\/wp-json\/wp\/v2\/users\/2"}],"replies":[{"embeddable":true,"href":"https:\/\/www.infokuryr.cz\/n\/wp-json\/wp\/v2\/comments?post=57304"}],"version-history":[{"count":0,"href":"https:\/\/www.infokuryr.cz\/n\/wp-json\/wp\/v2\/posts\/57304\/revisions"}],"wp:featuredmedia":[{"embeddable":true,"href":"https:\/\/www.infokuryr.cz\/n\/wp-json\/wp\/v2\/media\/36434"}],"wp:attachment":[{"href":"https:\/\/www.infokuryr.cz\/n\/wp-json\/wp\/v2\/media?parent=57304"}],"wp:term":[{"taxonomy":"category","embeddable":true,"href":"https:\/\/www.infokuryr.cz\/n\/wp-json\/wp\/v2\/categories?post=57304"},{"taxonomy":"post_tag","embeddable":true,"href":"https:\/\/www.infokuryr.cz\/n\/wp-json\/wp\/v2\/tags?post=57304"}],"curies":[{"name":"wp","href":"https:\/\/api.w.org\/{rel}","templated":true}]}}