{"id":57296,"date":"2024-07-08T06:15:37","date_gmt":"2024-07-08T04:15:37","guid":{"rendered":"https:\/\/www.infokuryr.cz\/n\/?p=57296"},"modified":"2024-07-08T06:15:37","modified_gmt":"2024-07-08T04:15:37","slug":"britsti-zemedelci-dostavaji-dotace-za-to-ze-na-svych-polich-zaseji-plevel","status":"publish","type":"post","link":"https:\/\/www.infokuryr.cz\/n\/2024\/07\/08\/britsti-zemedelci-dostavaji-dotace-za-to-ze-na-svych-polich-zaseji-plevel\/","title":{"rendered":"Brit\u0161t\u00ed zem\u011bd\u011blci dost\u00e1vaj\u00ed dotace za to, \u017ee na sv\u00fdch pol\u00edch zasej\u00ed plevel"},"content":{"rendered":"<div id=\"fb-root\"><\/div>\n<h4>Brit\u0161t\u00ed zem\u011bd\u011blci dost\u00e1vaj\u00ed dotace za to, \u017ee na sv\u00fdch pol\u00edch zasej\u00ed plevel a transformuj\u00ed p\u016fdu do neobd\u011bl\u00e1van\u00e9 podoby v r\u00e1mci \u00fadajn\u00e9 ochrany klimatu, zv\u011b\u0159e a m\u00edstn\u00edho biotopu! Likvidace zem\u011bd\u011blc\u016f a producent\u016f potravin tak ji\u017e z Holandska dorazila i na Britsk\u00e9 ostrovy. Kdo ovl\u00e1dne p\u016fdu na Ukrajin\u011b, ovl\u00e1dne trh s potravinami v Evrop\u011b!<\/h4>\n<p>Naprost\u00e9 \u0161\u00edlenstv\u00ed a neuv\u011b\u0159iteln\u00e1 agenda proti zem\u011bd\u011blc\u016fm ji\u017e dorazila i do Velk\u00e9 Brit\u00e1nie, kde za\u010daly letos obrovsk\u00e9 protesty farm\u00e1\u0159\u016f podobn\u011b jako p\u0159ed \u010dasem v Holandsku, ale v tomto p\u0159\u00edpad\u011b na to jde britsk\u00e1 vl\u00e1da jinak. Zat\u00edmco v Holandsku se vl\u00e1da rozhodla vyb\u00edjet hospod\u00e1\u0159sk\u00e1 zv\u00ed\u0159ata pod z\u00e1minkou, \u017ee produkuj\u00ed metan a dus\u00edk, tak naproti tomu ve Velk\u00e9 Brit\u00e1nii za\u010dala vl\u00e1da zem\u011bd\u011blc\u016fm vypl\u00e1cet dotace na plevel.<\/p>\n<p>Ano, sly\u0161\u00edte spr\u00e1vn\u011b. Dost\u00e1vaj\u00ed dotace, aby na sv\u00fdch pol\u00edch zaseli plevel, divok\u00e9 rostliny, bodl\u00e1\u010d\u00ed a n\u00e1letov\u00e9 d\u0159eviny v z\u00e1jmu zv\u00fd\u0161en\u00ed biodiverzity v krajin\u011b a obohacen\u00ed biotopu o hmyz a zv\u00ed\u0159ata. Syst\u00e9m dotac\u00ed za\u010dal ji\u017e v dob\u011b covidov\u00e9 pandemie, ale tehdy se t\u00fdkal jen \u00fazk\u00fdch p\u00e1s\u016f okolo n\u011bkter\u00fdch pol\u00ed.\u00a0<strong>To se te\u010f zm\u011bnilo a vl\u00e1da od lo\u0148sk\u00e9ho ledna [<a href=\"https:\/\/href.li\/?https:\/\/www.northernfarmer.co.uk\/news\/23277052.government-brings-forward-sustainable-farming-incentive-subsidies\/\" target=\"_blank\" rel=\"nofollow noopener\">1<\/a>] vypl\u00e1c\u00ed dotace na cel\u00e1 pole, aby je zem\u011bd\u011blci nechali zar\u016fst plevelem. A odkud se voz\u00ed potom zem\u011bd\u011blsk\u00e1 produkce do Velk\u00e9 Brit\u00e1nie? No p\u0159ece z EU a rovn\u011b\u017e z Ukrajiny!<\/strong>\u00a0Lond\u00fdn vyv\u00e1\u017e\u00ed na Ukrajinu zbran\u011b, zat\u00edmco opa\u010dn\u00fdm sm\u011brem proud\u00ed ukrajinsk\u00e1 agr\u00e1rn\u00ed produkce. A proto britsk\u00e1 vl\u00e1da m\u016f\u017ee likvidovat sv\u00e9 dom\u00e1c\u00ed farm\u00e1\u0159e. Mnoz\u00ed farm\u00e1\u0159i zva\u017euj\u00ed, \u017ee prost\u011b s farma\u0159en\u00edm skon\u010d\u00ed.<\/p>\n<p>&nbsp;<\/p>\n<div id=\"rumble_v53kwj2\">\n<div id=\"vid_v53kwj2\" class=\"rumble_v53kwj2-Rumble-cls\" tabindex=\"-1\">\n<div class=\"bigPlayUI ctp\"><div class='videoWrapper'>\r\n\t            <iframe src='https:\/\/rumble.com\/embed\/pj.v53kwj2\/' frameborder='0' allowfullscreen><\/iframe>\r\n\t        <\/div><\/p>\n<div class=\"bigPlayUIInner ctp\"><\/div>\n<\/div>\n<\/div>\n<\/div>\n<p>&nbsp;<\/p>\n<p>V p\u00e1tek jsem hovo\u0159il na Svobodn\u00e9m vys\u00edla\u010di CS mimochodem pr\u00e1v\u011b o tom, pro\u010d najednou po v\u00edce ne\u017e dvou letech ne\u00fasp\u011b\u0161n\u00e9 v\u00e1lky kolektivn\u00edho Z\u00e1padu proti Rusku za\u010d\u00ednaj\u00ed tlaky a iniciativy na okam\u017eit\u00e9 ukon\u010den\u00ed v\u00e1lky, a to i za cenu \u00fazemn\u00edch ztr\u00e1t Ukrajiny. Nejv\u011bt\u0161\u00ed investi\u010dn\u00ed korporace na sv\u011bt\u011b, tedy americk\u00fd BlackRock, m\u00e1 na Ukrajin\u011b nakoupeny obrovsk\u00e9 zem\u011bd\u011blsk\u00e9 plochy, a to p\u0159edev\u0161\u00edm na jihu a jihov\u00fdchod\u011b Ukrajiny, tedy tam, kdy nyn\u00ed prob\u00edhaj\u00ed boje, p\u0159\u00edpadn\u011b v m\u00edstech, kter\u00e1 jsou ji\u017e pod kontrolou Rus\u016f.<\/p>\n<p>Anebo by brzy pod jejich kontrolou mohla b\u00fdt. Rusko se nepoda\u0159ilo porazit a dokonce ani zastavit, tak\u017ee hroz\u00ed nejen por\u00e1\u017eka Ukrajiny, ale z hlediska z\u00e1padn\u00edch elit n\u011bco mnohem hor\u0161\u00edho, a to je ztr\u00e1ta investic do ukrajinsk\u00e9 zem\u011bd\u011blsk\u00e9 p\u016fdy, kter\u00e1 m\u00e1 kl\u00ed\u010dovou roli pro pl\u00e1ny glob\u00e1ln\u00edch elit v r\u00e1mci ukotvov\u00e1n\u00ed procesu Total Control nad populac\u00ed v Evrop\u011b.<\/p>\n<h6><span style=\"font-size: 18pt;\">N\u00e1stroje proces\u016f \u0159\u00edzen\u00ed na kontrolu n\u00e1rod\u016f a populac\u00ed<\/span><\/h6>\n<p>Populaci a davy n\u00e1rod\u016f lze ovl\u00e1dat n\u011bkolika n\u00e1stroji v procesech \u0159\u00edzen\u00ed. T\u011bch n\u00e1stroj\u016f nen\u00ed mnoho, ale zato jsou velice \u00fa\u010dinn\u00e9. Prvn\u00edm n\u00e1strojem je tvorba a kontrola distribuce pen\u011bz a p\u0159edev\u0161\u00edm \u00fav\u011br\u016f, kter\u00e9 jsou lep\u0161\u00ed definic\u00ed m\u011bny ne\u017e pen\u00edze.<\/p>\n<p><strong>Pen\u00edze vlastn\u011b nejsou pen\u00edze, ale pohled\u00e1vky za \u00fav\u011bry. Kdy\u017e si ulo\u017e\u00edte pen\u00edze do banky, nem\u00e1te v bance pen\u00edze, ale pohled\u00e1vku za \u00fav\u011brem, kter\u00fd jste bance poskytli.<\/strong>\u00a0Kdy\u017e dostanete v pr\u00e1ci v\u00fdplatu po m\u011bs\u00edci pr\u00e1ce, jedn\u00e1 se o \u00fahradu dluhu a pohled\u00e1vky, kterou m\u00e1te v\u016f\u010di zam\u011bstnavateli. Pen\u00edze tak ve skute\u010dnosti p\u0159edstavuj\u00ed n\u00e1stroj na vyrovn\u00e1n\u00ed pohled\u00e1vek a dluh\u016f. Kdo kontroluje emise pen\u011bz na trhu, kontroluje n\u00e1rody a hlavn\u011b jejich dluhy.<\/p>\n<figure id=\"attachment_60139\" class=\"wp-caption aligncenter\" style=\"width: 693px;\"><a href=\"https:\/\/aeronet.news\/wp-content\/uploads\/BritishFarmersProtest.jpg\"><img decoding=\"async\" loading=\"lazy\" class=\"wp-image-60139 \" src=\"https:\/\/aeronet.news\/wp-content\/uploads\/BritishFarmersProtest-1024x576.jpg\" sizes=\"(max-width: 700px) 100vw, 700px\" srcset=\"https:\/\/aeronet.news\/wp-content\/uploads\/BritishFarmersProtest-1024x576.jpg 1024w, https:\/\/aeronet.news\/wp-content\/uploads\/BritishFarmersProtest-300x169.jpg 300w, https:\/\/aeronet.news\/wp-content\/uploads\/BritishFarmersProtest-768x432.jpg 768w, https:\/\/aeronet.news\/wp-content\/uploads\/BritishFarmersProtest-700x394.jpg 700w, https:\/\/aeronet.news\/wp-content\/uploads\/BritishFarmersProtest-635x357.jpg 635w, https:\/\/aeronet.news\/wp-content\/uploads\/BritishFarmersProtest-859x483.jpg 859w, https:\/\/aeronet.news\/wp-content\/uploads\/BritishFarmersProtest.jpg 1280w\" alt=\"\" width=\"693\" height=\"390\" \/><\/a><figcaption class=\"wp-caption-text\">Protesty britsk\u00fdch farm\u00e1\u0159\u016f<\/figcaption><\/figure>\n<p>Dal\u0161\u00edmi n\u00e1stroji jsou nap\u0159. kontrola a distribuce paliv a energi\u00ed, kontrola a distribuce zlata, diamant\u016f a vz\u00e1cn\u00fdch kov\u016f, kontrola a distribuce l\u00e9k\u016f a vakc\u00edn, ale nov\u011b v posledn\u00ed dob\u011b k tomu p\u0159ibyly dal\u0161\u00ed dva n\u00e1stroje, a to jsou kontrola a distribuce m\u00e9di\u00ed, informac\u00ed a z\u00e1bavy, kdy je vytv\u00e1\u0159ena snaha \u00fapln\u011b potla\u010dit a zablokovat m\u00e9dia, informace a z\u00e1bavu nez\u00e1visl\u00fdch platforem.<\/p>\n<p>A vedle toho\u00a0<strong>kontrola a distribuce potravin\u00a0v populaci, kdy je prov\u00e1d\u011bna operace na likvidaci naprosto v\u0161ech soukrom\u00fdch zem\u011bd\u011blc\u016f v Evrop\u011b pod z\u00e1minkou ochrany klimatu, ekologie, zv\u011b\u0159e a obecn\u011b biotopu<\/strong>. Tyto dva n\u00e1stroje jsou p\u0159itom v globalizaci relativn\u011b nov\u00e9, proto\u017ee je\u0161t\u011b p\u0159ed p\u00e1r lety bylo nemysliteln\u00e9 vyp\u00ednat weby, kter\u00e9 se nel\u00edb\u00ed vl\u00e1d\u011b, a bylo i nemysliteln\u00e9 lidi omezovat na potravin\u00e1ch a vnucovat jim potraviny z hmyzu a \u010derv\u016f. V p\u00e1tek jsem na SVCS toto t\u00e9ma otev\u0159el a je pot\u0159eba si vysv\u011btlit dal\u0161\u00ed souvislosti.<\/p>\n<h6><span style=\"font-size: 18pt;\">V r\u00e1mci nasunov\u00e1n\u00ed Total Control spole\u010dnosti dojde k odebr\u00e1n\u00ed svobody na v\u00fdrobu potravin, kter\u00e9 se budou produkovat centr\u00e1ln\u011b a p\u0159ev\u00e1\u017en\u011b monopoln\u011b na Ukrajin\u011b<\/span><\/h6>\n<p>Lidsk\u00e1 svoboda je odvisl\u00e1 od n\u011bkolika svobod, p\u0159i\u010dem\u017e svoboda pohybu a cestov\u00e1n\u00ed je natolik zjevn\u00e1, \u017ee ji nen\u00ed pot\u0159eba p\u0159ipom\u00ednat. Pokud bych se v\u00e1s ale zeptal, jak\u00e9 dal\u0161\u00ed svobody m\u00e1te, asi byste u\u017e museli za\u010d\u00edt p\u0159em\u00fd\u0161let, abyste je vyjmenovali. Svoboda n\u00e1zoru a projevu p\u0159itom ji\u017e v dne\u0161n\u00ed dob\u011b neplat\u00ed. Vyj\u00e1d\u0159\u00edte n\u00e1zor, \u017ee poslanci schv\u00e1len\u00edm pandemick\u00e9ho z\u00e1kona se dopustili zlo\u010dinu proti lidu a zaslou\u017eili by nah\u00e1zet do Vltavy, a skon\u010d\u00edte na 5,5 roku v krimin\u00e1lu. Ov\u0161em to nen\u00ed jedin\u00e1 svoboda.<\/p>\n<p>Dal\u0161\u00ed svobodou je je svoboda \u010dlov\u011bka rozhodovat o sv\u00e9m t\u011ble. To u\u017e rovn\u011b\u017e bylo poru\u0161eno p\u0159i posledn\u00ed pandemii a nov\u00e1 pandemick\u00e1 smlouva s WHO dokonce p\u0159in\u00e1\u0161\u00ed mechanismy, jak omezit pohyb lid\u00ed, tedy svobodu pohybu jedince jako trest za to, kdy\u017e se odm\u00edtne vzd\u00e1t svobody ochrany t\u011bla a nenech\u00e1 si vp\u00edchnout vakc\u00ednu. A \u00fapln\u011b nov\u011b je zde nov\u00fd n\u00e1stroj, kdy globalist\u00e9 cht\u011bj\u00ed lidem sebrat svobodu p\u011bstov\u00e1n\u00ed a v\u00fdroby potravin, a n\u00e1sledn\u011b i svobodu rozhodov\u00e1n\u00ed, jak\u00e9 potraviny budeme j\u00edst a konzumovat.<\/p>\n<figure id=\"attachment_60140\" class=\"wp-caption aligncenter\" style=\"width: 792px;\"><a href=\"https:\/\/aeronet.news\/wp-content\/uploads\/FeedingBritain.jpg\"><img decoding=\"async\" loading=\"lazy\" class=\"wp-image-60140 \" src=\"https:\/\/aeronet.news\/wp-content\/uploads\/FeedingBritain.jpg\" sizes=\"(max-width: 1280px) 100vw, 1280px\" srcset=\"https:\/\/aeronet.news\/wp-content\/uploads\/FeedingBritain.jpg 1280w, https:\/\/aeronet.news\/wp-content\/uploads\/FeedingBritain-300x169.jpg 300w, https:\/\/aeronet.news\/wp-content\/uploads\/FeedingBritain-768x432.jpg 768w, https:\/\/aeronet.news\/wp-content\/uploads\/FeedingBritain-1024x576.jpg 1024w, https:\/\/aeronet.news\/wp-content\/uploads\/FeedingBritain-700x394.jpg 700w, https:\/\/aeronet.news\/wp-content\/uploads\/FeedingBritain-635x357.jpg 635w, https:\/\/aeronet.news\/wp-content\/uploads\/FeedingBritain-859x483.jpg 859w\" alt=\"\" width=\"792\" height=\"446\" \/><\/a><figcaption class=\"wp-caption-text\">Nakrmen\u00ed Brit\u00e1nie je na pokraji krachu<\/figcaption><\/figure>\n<p>V obou p\u0159\u00edpadech je p\u0159itom likvidace t\u011bchto svobod okolo potravin realizov\u00e1na za pomoci v\u00fdmluv a z\u00e1minek o ochran\u011b klimatu, ovzdu\u0161\u00ed, ekologie, biotopu, zv\u00ed\u0159\u00e1tek, vodn\u00edch zdroj\u016f, les\u016f a dal\u0161\u00edch prvk\u016f v krajin\u011b. V Holandsku byla p\u0159ed p\u00e1r lety spu\u0161t\u011bna naprosto sebevra\u017eedn\u00e1 kampa\u0148 s c\u00edlem vyb\u00edt polovinu v\u0161ech zem\u011bd\u011blsk\u00fdch zv\u00ed\u0159at.<\/p>\n<p><strong>T\u00edm m\u00e1 postupn\u011b doj\u00edt ke kolapsu Holandska jako jedn\u00e9 z nejv\u011bt\u0161\u00edch zem\u011bd\u011blsk\u00fdch ekonomik a producent\u016f \u017eivo\u010di\u0161n\u00fdch potravin v Evrop\u011b.<\/strong>\u00a0V t\u00e9 sam\u00e9 chv\u00edli byly Nizozemc\u016fm nab\u00edzeny n\u00e1hra\u017eky \u017eivo\u010di\u0161n\u00fdch potravin v podob\u011b hmyzu a \u010derv\u016f, co\u017e byly projekty firem a fond\u016f napojen\u00fdch na Billa Gatese. Psali jsme o tom v jednom z na\u0161ich \u010dl\u00e1nk\u016f\u00a0<strong>[<a href=\"https:\/\/aeronet.news\/video-budete-zrat-brouky-a-my-budeme-vlastnit-vasi-pudu-nizozemska-novinarka-odhalila-ze-za-planem-nizozemske-vlady-na-vyvlastneni-pozemku-farmaru-a-vybiti-stad-krav-kvuli-zamince-dusikove-krize\/\">2<\/a>]<\/strong>\u00a0a jak se ukazuje, ten proces likvidace soukrom\u00fdch zem\u011bd\u011blc\u016f se roz\u0161\u00ed\u0159il u\u017e i do Velk\u00e9 Brit\u00e1nie.<\/p>\n<h6><span style=\"font-size: 18pt;\">Globalist\u00e9 likviduj\u00ed z Lond\u00fdna nejen zem\u011bd\u011blstv\u00ed v EU, ale i na Britsk\u00fdch ostrovech<\/span><\/h6>\n<p>Britsk\u00e9 ostrovy p\u0159itom ji\u017e nejsou v Evropsk\u00e9 unii, ale p\u0159esto ten proces na likvidaci britsk\u00fdch zem\u011bd\u011blc\u016f u\u017e dorazil i do Velk\u00e9 Brit\u00e1nie. To je potvrzen\u00edm toho, \u017ee odchodem z EU se Lond\u00fdn nejen nevymanil z podru\u010d\u00ed globalist\u016f, ale naopak se ta zem\u011b je\u0161t\u011b v\u00edce propadla do globalistick\u00fdch struktur. Nen\u00ed divu, proto\u017ee centrum globalizace v\u017edy bylo a s\u00eddlilo v Lond\u00fdn\u011b ve struktur\u00e1ch lond\u00fdnsk\u00e9ho finan\u010dn\u00edho sv\u011bta v London City a toto centrum kontroluje D\u016fm Rothschild.<\/p>\n<p>Brexit prost\u011b odpojil Velkou Brit\u00e1nii od Evropsk\u00e9 unie jako letadlovou lo\u010f, kter\u00e9 odplula od b\u0159eh\u016f Francie. T\u00edm do\u0161lo k tomu, \u017ee te\u010f u\u017e nikdo z EU nem\u016f\u017ee \u201c<em>rudo\u0161t\u00edtovc\u016fm<\/em>\u201d mluvit do pr\u00e1ce a kontrolovat z Evropsk\u00e9 komise a ze struktur Evropsk\u00e9ho parlamentu jejich procesy v City. A likvidace britsk\u00fdch zem\u011bd\u011blc\u016f, to je opravdu p\u0159\u00edpad s\u00e1m pro sebe.<\/p>\n<figure id=\"attachment_60141\" class=\"wp-caption aligncenter\" style=\"width: 697px;\"><a href=\"https:\/\/aeronet.news\/wp-content\/uploads\/BritishFarmersProtest2.jpg\"><img decoding=\"async\" loading=\"lazy\" class=\"wp-image-60141 \" src=\"https:\/\/aeronet.news\/wp-content\/uploads\/BritishFarmersProtest2-1024x598.jpg\" sizes=\"(max-width: 700px) 100vw, 700px\" srcset=\"https:\/\/aeronet.news\/wp-content\/uploads\/BritishFarmersProtest2-1024x598.jpg 1024w, https:\/\/aeronet.news\/wp-content\/uploads\/BritishFarmersProtest2-300x175.jpg 300w, https:\/\/aeronet.news\/wp-content\/uploads\/BritishFarmersProtest2-768x448.jpg 768w, https:\/\/aeronet.news\/wp-content\/uploads\/BritishFarmersProtest2-700x409.jpg 700w, https:\/\/aeronet.news\/wp-content\/uploads\/BritishFarmersProtest2-612x357.jpg 612w, https:\/\/aeronet.news\/wp-content\/uploads\/BritishFarmersProtest2-828x483.jpg 828w, https:\/\/aeronet.news\/wp-content\/uploads\/BritishFarmersProtest2.jpg 1280w\" alt=\"\" width=\"697\" height=\"406\" \/><\/a><figcaption class=\"wp-caption-text\">Globalist\u00e9 pl\u00e1nuj\u00ed likvidaci soukrom\u00fdch farm\u00e1\u0159\u016f v cel\u00e9 EU, kdy ve\u0161ker\u00e9 potraviny se budou v budoucnu vyr\u00e1b\u011bt centralizovan\u011b na Ukrajin\u011b. Nikdo jin\u00fd si nebude sm\u011bt potraviny p\u011bstovat<\/figcaption><\/figure>\n<p>Britsk\u00e1 vl\u00e1da toti\u017e zah\u00e1jila dal\u0161\u00ed mask\u00edrovku a pod z\u00e1minkou biodiverzity a ochrany p\u0159\u00edrodn\u00edho biotopu za\u010dala zem\u011bd\u011blc\u016fm vypl\u00e1cet dotace zato, \u017ee p\u0159estanou na sv\u00fdch pol\u00edch p\u011bstovat potraviny a p\u00e1st kr\u00e1vy a ovce, a prost\u011b ta pole a louky osej\u00ed plevelem a divok\u00fdmi rostlinami, aby se pr\u00fd do krajiny vr\u00e1til divok\u00fd biotop, kter\u00fd byl v Brit\u00e1nii p\u0159ed zah\u00e1jen\u00edm agrokultury, co\u017e bylo p\u0159ed v\u00edce ne\u017e 700 lety.<\/p>\n<p><strong>Soustavn\u00e1 a organizovan\u00e1 agr\u00e1rn\u00ed \u010dinnost na Britsk\u00fdch ostrovech se datuje od po\u010d\u00e1tku 14. stolet\u00ed, kdy za\u010daly vznikat farmy v r\u00e1mci lenn\u00edho pr\u00e1va a pronajat\u00fdch p\u016fdn\u00edch pozemk\u016f od britsk\u00e9 \u0161lechty.<\/strong>\u00a0Brit\u0161t\u00ed zem\u011bd\u011blci tak dost\u00e1vaj\u00ed dotace, aby nic nep\u011bstovali a nechovali, aby nechali pole zar\u016fst plevelem a hlo\u017e\u00edm. Naprosto \u0161\u00edlen\u00fd proces, kter\u00fd se vlastn\u011b rovn\u00e1 sebevra\u017ed\u011b n\u00e1roda.<\/p>\n<h6><span style=\"font-size: 18pt;\">Proces \u201cwilderizace\u201d b\u011b\u017e\u00ed v Evrop\u011b naplno!<\/span><\/h6>\n<p>Tento proces jsem v\u00e1m u\u017e v n\u011bkolika \u010dl\u00e1nc\u00edch a tak\u00e9 v po\u0159adech na SVCS p\u0159edstavil jako proces\u00a0<em>wilderizace<\/em>, tedy proces zdivo\u010den\u00ed na\u0161\u00ed planety, co\u017e se t\u00fdk\u00e1 i transformace \u0161lecht\u011bn\u00e9 a hnojen\u00e9 zem\u011bd\u011blsk\u00e9 p\u016fdy na neobd\u011bl\u00e1van\u00fd biotop porostl\u00fd plevelem, hou\u0161tinami, n\u00e1letov\u00fdmi d\u0159evinami a ke\u0159i, bodl\u00e1\u010d\u00edm a dal\u0161\u00edmi prvky divok\u00e9 neobd\u011bl\u00e1van\u00e9 p\u016fdy, kter\u00e1 m\u00e1 pr\u00fd vr\u00e1tit p\u0159\u00edtomnost zv\u011b\u0159e a hmyzu, co\u017e jist\u011b zajist\u00ed, ale na \u00fakor \u010dlov\u011bka a na \u00fakor jeho potravinov\u00e9 bezpe\u010dnosti.<\/p>\n<p>Proto\u017ee n\u00e1vrat p\u016fdy do obd\u011bl\u00e1vateln\u00e9 podoby v budoucnu bude ji\u017e prakticky vylou\u010den\u00fd, resp. bude vysoce finan\u010dn\u011b n\u00e1ro\u010dn\u00fd, proto\u017ee jak v\u00ed ka\u017ed\u00fd zem\u011bd\u011blec, divok\u00e9 pozemky jsou extr\u00e9mn\u011b p\u0159ekyselen\u00e9 v p\u016fd\u011b a nedaj\u00ed se pou\u017e\u00edvat pro p\u011bstov\u00e1n\u00ed potravin. Rekultivace p\u016fdy je sice mo\u017en\u00e1 pomoc\u00ed pesticid\u016f a herbicid\u016f spole\u010dn\u011b s vysok\u00fdmi d\u00e1vkami dus\u00edkat\u00e9ho hnojiva a v\u00fdsadby plodin, kter\u00e9 z p\u016fdy tzv. vyt\u00e1hnou kyselost, jen\u017ee, m\u00e1 to jeden h\u00e1\u010dek.<\/p>\n<figure id=\"attachment_60142\" class=\"wp-caption aligncenter\" style=\"width: 703px;\"><a href=\"https:\/\/aeronet.news\/wp-content\/uploads\/BritishFarmersProtest3.jpg\"><img decoding=\"async\" loading=\"lazy\" class=\"wp-image-60142 \" src=\"https:\/\/aeronet.news\/wp-content\/uploads\/BritishFarmersProtest3-1024x682.jpg\" sizes=\"(max-width: 700px) 100vw, 700px\" srcset=\"https:\/\/aeronet.news\/wp-content\/uploads\/BritishFarmersProtest3-1024x682.jpg 1024w, https:\/\/aeronet.news\/wp-content\/uploads\/BritishFarmersProtest3-300x200.jpg 300w, https:\/\/aeronet.news\/wp-content\/uploads\/BritishFarmersProtest3-768x512.jpg 768w, https:\/\/aeronet.news\/wp-content\/uploads\/BritishFarmersProtest3-700x466.jpg 700w, https:\/\/aeronet.news\/wp-content\/uploads\/BritishFarmersProtest3-536x357.jpg 536w, https:\/\/aeronet.news\/wp-content\/uploads\/BritishFarmersProtest3-725x483.jpg 725w, https:\/\/aeronet.news\/wp-content\/uploads\/BritishFarmersProtest3.jpg 1280w\" alt=\"\" width=\"703\" height=\"469\" \/><\/a><figcaption class=\"wp-caption-text\">Protesty britsk\u00fdch farm\u00e1\u0159\u016f najednou doslova kop\u00edruj\u00ed protesty t\u011bch holandsk\u00fdch<\/figcaption><\/figure>\n<p>Na rostlinnou v\u00fdrobu je toti\u017e \u00fazce nav\u00e1z\u00e1na \u017eivo\u010di\u0161n\u00e1 v\u00fdroba.\u00a0<strong>Pokud zem\u011bd\u011blec nech\u00e1 sv\u00e1 pole zan\u00e9st plevelem naproti dotac\u00edm, automaticky p\u0159ijde o zdroje krmiva pro sv\u016fj skot, p\u0159ijde o travn\u00ed plochy na tr\u00e1vu a seno pro kr\u00e1vy<\/strong>, p\u0159ijde o pole plod\u00edc\u00ed brambory pro prasata, p\u0159ijde o pole plod\u00edc\u00ed obil\u00ed pro ku\u0159ata a dr\u016fbe\u017e obecn\u011b.<\/p>\n<p>Zem\u011bd\u011blec prost\u011b vezme dotace na plevel, nech\u00e1 svoje farma\u0159en\u00ed postupn\u011b za \u00faplatu od st\u00e1tu zlikvidovat a \u017eivo\u010di\u0161n\u00e1 v\u00fdroba mu skon\u010d\u00ed na jatk\u00e1ch. A pro\u010d ta likvidace zem\u011bd\u011blc\u016f pod z\u00e1minkami ochrany klimatu v Evrop\u011b? No p\u0159ece kv\u016fli ovl\u00e1dnut\u00ed trhu s potravinami v Evrop\u011b! Kdo bude ovl\u00e1dat distribuci a v\u00fdrobu potravin v Evrop\u011b, bude ovl\u00e1dat n\u00e1rody a populace n\u00e1rod\u016f.<\/p>\n<h6><span style=\"font-size: 18pt;\">S n\u00e1rody v Evrop\u011b nebudou m\u00edt globalist\u00e9 \u017e\u00e1dn\u00e9 slitov\u00e1n\u00ed<\/span><\/h6>\n<p>A v\u00edte, pro\u010d je v pl\u00e1nu\u00a0<em>wilderizace<\/em>\u00a0pol\u00ed ve Velk\u00e9 Brit\u00e1nii a jejich transformace na divok\u00e9 a zarostl\u00e9 \u00fahory? Proto\u017ee v budoucnu se ve\u0161ker\u00e9 potraviny maj\u00ed p\u011bstovat pod dohledem nadn\u00e1rodn\u00edch korporac\u00ed na obrovsk\u00fdch l\u00e1nech na Ukrajin\u011b! A kdo bude kontrolovat ukrajinskou p\u016fdu, ten bude kontrolovat distribuci potravin v cel\u00e9 Evrop\u011b!\u00a0<strong>A kdo kontroluje potraviny, ten kontroluje n\u00e1rody a jejich poslu\u0161nost!<\/strong>\u00a0Bez poslu\u0161nosti nebudou potraviny v n\u00e1rod\u011b, ale bude v n\u011bm pro zm\u011bnu hladomor!<\/p>\n<p>Zamyslete se, co je to za neuv\u011b\u0159iteln\u00e9 protin\u00e1rodn\u00ed a protilidsk\u00e9 bestie, kter\u00e9 nut\u00ed zem\u011bd\u011blce transformovat v\u00fdnosov\u00e9 a potraviny produkuj\u00edc\u00ed zu\u0161lecht\u011bn\u00e9 pozemky na divok\u00e9 \u00fahory? Tyto glob\u00e1ln\u00ed elity hl\u00e1saj\u00ed, \u017ee na planet\u011b zem\u00ed m\u00e1 b\u00fdt jenom 500 milion\u016f lid\u00ed, proto\u017ee u\u017e i 1 miliarda je pro n\u011b pr\u00fd moc.<\/p>\n<figure id=\"attachment_57567\" class=\"wp-caption aligncenter\" style=\"width: 710px;\"><a href=\"https:\/\/aeronet.news\/wp-content\/uploads\/LondonCityRiver.jpg\"><img decoding=\"async\" loading=\"lazy\" class=\"wp-image-57567 \" src=\"https:\/\/aeronet.news\/wp-content\/uploads\/LondonCityRiver-1024x682.jpg\" sizes=\"(max-width: 700px) 100vw, 700px\" srcset=\"https:\/\/aeronet.news\/wp-content\/uploads\/LondonCityRiver-1024x682.jpg 1024w, https:\/\/aeronet.news\/wp-content\/uploads\/LondonCityRiver-300x200.jpg 300w, https:\/\/aeronet.news\/wp-content\/uploads\/LondonCityRiver-768x512.jpg 768w, https:\/\/aeronet.news\/wp-content\/uploads\/LondonCityRiver-700x466.jpg 700w, https:\/\/aeronet.news\/wp-content\/uploads\/LondonCityRiver-536x357.jpg 536w, https:\/\/aeronet.news\/wp-content\/uploads\/LondonCityRiver-725x483.jpg 725w, https:\/\/aeronet.news\/wp-content\/uploads\/LondonCityRiver.jpg 1280w\" alt=\"\" width=\"710\" height=\"474\" \/><\/a><figcaption class=\"wp-caption-text\">London City je centrem sv\u011btov\u00e9 globalizace<\/figcaption><\/figure>\n<p>V\u0161echno, co te\u010f tyto elity d\u011blaj\u00ed, je eliminace svobodn\u00fdch n\u00e1rod\u016f se svobodn\u00fdmi lidmi a jejich transformace do otrok\u016f a\u00a0<em>mukl\u016f<\/em>, kte\u0159\u00ed p\u0159ijdou o svobodu pohybu a cestov\u00e1n\u00ed, o svobodu slova a projevu, o svobodu rozhodov\u00e1n\u00ed o vlastn\u00edm t\u011ble a nov\u011b i o svobodu p\u011bstov\u00e1n\u00ed a konzumace potravin. A to v\u0161echno pod z\u00e1minkami o ochran\u011b planety, klimatu, p\u016fdy, vody, zv\u00ed\u0159\u00e1tek a b\u016fhv\u00ed \u010deho v\u0161eho dal\u0161\u00edho, co si vymysl\u00ed.<\/p>\n<p><strong>To sam\u00e9 v podstat\u011b za\u010dalo v Evrop\u011b ji\u017e p\u0159i zaveden\u00ed\u00a0biopaliv z \u0159epky, co\u017e m\u011blo za \u00fakol zlikvidovat v Evrop\u011b soukromou produkci potravin<\/strong>, a to s c\u00edlem finan\u010dn\u011b motivovat farm\u00e1\u0159e, aby se vyka\u0161lali na p\u011bstov\u00e1n\u00ed potravin a \u0161li rad\u011bji do \u0159epky. A to se i stalo, viz. \u010cesko, kde polsk\u00e9 a ukrajinsk\u00e9 brambory stoj\u00ed v\u00edce ne\u017e jihoamerick\u00e9 ban\u00e1ny. \u010cSSR p\u0159ed rokem 1989 p\u0159itom byla potravinov\u011b zcela sob\u011bsta\u010dn\u00e1 zem\u011b, jedna z m\u00e1la na sv\u011bt\u011b!<\/p>\n<p>Os\u00e9v\u00e1n\u00ed pol\u00ed v Brit\u00e1nii plevelem se od vyb\u00edjen\u00ed krav v Holandsku v ni\u010dem neli\u0161\u00ed, je to jenom vy\u0161\u0161\u00ed level. C\u00edlem je prost\u011b monopolizace v\u00fdroby a distribuce potravin v Evrop\u011b soust\u0159ed\u011bn\u00e1 na Ukrajin\u011b v ruk\u00e1ch globalist\u016f. Svobody \u010dlov\u011bka maj\u00ed postupn\u011b v\u0161echny zmizet, samoz\u0159ejm\u011b ale pod z\u00e1minkou vy\u0161\u0161\u00edho dobra, ochrany klimatu apod. A pr\u00e1v\u011b potravinov\u00e1 svoboda je jednou z t\u011bch, kter\u00e1 je \u00fapln\u011b p\u0159ehl\u00ed\u017eena, proto\u017ee n\u00e1m p\u0159ipad\u00e1 jako p\u0159irozen\u00e1. Jen\u017ee nen\u00ed. Je to jedna z v\u016fbec posledn\u00edch svobod, kter\u00e1 n\u00e1m z\u016fst\u00e1v\u00e1.<\/p>\n<p><a href=\"https:\/\/aeronet.news\/britsti-zemedelci-dostavaji-dotace-za-to-ze-na-svych-polich-zaseji-plevel-a-transformuji-pudu-do-neobdelavane-podoby-v-ramci-udajne-ochrany-klimatu-zvere-a-mistniho-biotopu\/\">-VK- \u0160\u00e9fredaktor AE News<\/a><\/p>\n<p>&nbsp;<\/p>\n","protected":false},"excerpt":{"rendered":"<p>Brit\u0161t\u00ed zem\u011bd\u011blci dost\u00e1vaj\u00ed dotace za to, \u017ee na sv\u00fdch pol\u00edch zasej\u00ed plevel a transformuj\u00ed p\u016fdu&#8230;<\/p>\n","protected":false},"author":2,"featured_media":57297,"comment_status":"closed","ping_status":"closed","sticky":false,"template":"","format":"standard","meta":[],"categories":[6],"tags":[279,750,303,2532],"_links":{"self":[{"href":"https:\/\/www.infokuryr.cz\/n\/wp-json\/wp\/v2\/posts\/57296"}],"collection":[{"href":"https:\/\/www.infokuryr.cz\/n\/wp-json\/wp\/v2\/posts"}],"about":[{"href":"https:\/\/www.infokuryr.cz\/n\/wp-json\/wp\/v2\/types\/post"}],"author":[{"embeddable":true,"href":"https:\/\/www.infokuryr.cz\/n\/wp-json\/wp\/v2\/users\/2"}],"replies":[{"embeddable":true,"href":"https:\/\/www.infokuryr.cz\/n\/wp-json\/wp\/v2\/comments?post=57296"}],"version-history":[{"count":0,"href":"https:\/\/www.infokuryr.cz\/n\/wp-json\/wp\/v2\/posts\/57296\/revisions"}],"wp:featuredmedia":[{"embeddable":true,"href":"https:\/\/www.infokuryr.cz\/n\/wp-json\/wp\/v2\/media\/57297"}],"wp:attachment":[{"href":"https:\/\/www.infokuryr.cz\/n\/wp-json\/wp\/v2\/media?parent=57296"}],"wp:term":[{"taxonomy":"category","embeddable":true,"href":"https:\/\/www.infokuryr.cz\/n\/wp-json\/wp\/v2\/categories?post=57296"},{"taxonomy":"post_tag","embeddable":true,"href":"https:\/\/www.infokuryr.cz\/n\/wp-json\/wp\/v2\/tags?post=57296"}],"curies":[{"name":"wp","href":"https:\/\/api.w.org\/{rel}","templated":true}]}}