{"id":57259,"date":"2024-07-08T00:32:33","date_gmt":"2024-07-07T22:32:33","guid":{"rendered":"https:\/\/www.infokuryr.cz\/n\/?p=57259"},"modified":"2024-07-07T16:23:44","modified_gmt":"2024-07-07T14:23:44","slug":"predpokladane-nebezpeci-zprava-je-ucebnicova-nepratelska-politika","status":"publish","type":"post","link":"https:\/\/www.infokuryr.cz\/n\/2024\/07\/08\/predpokladane-nebezpeci-zprava-je-ucebnicova-nepratelska-politika\/","title":{"rendered":"P\u0159edpokl\u00e1dan\u00e9 \u201enebezpe\u010d\u00ed zprava\u201c je u\u010debnicov\u00e1 nep\u0159\u00e1telsk\u00e1 politika"},"content":{"rendered":"<div id=\"fb-root\"><\/div>\n<p><strong>D\u00e9monizace zna\u010dn\u00e9 \u010d\u00e1sti populace jako pravicov\u00fdch extremist\u016f p\u0159ipom\u00edn\u00e1 historick\u00e9 obrazy nep\u0159\u00e1tel, jako byli \u201ekomunist\u00e9\u201c ve studen\u00e9 v\u00e1lce. Tato taktika slou\u017e\u00ed k o\u010der\u0148ov\u00e1n\u00ed politick\u00fdch odp\u016frc\u016f a rozd\u011blov\u00e1n\u00ed obyvatelstva m\u00edsto napln\u011bn\u00ed touhy po m\u00edru a svobod\u011b projevu. M\u00edrov\u00e9 sou\u017eit\u00ed v\u0161ak vy\u017eaduje n\u00e1zorovou r\u016fznorodost, toleranci a otev\u0159en\u00fd diskurz, kter\u00fd ohro\u017euj\u00ed sou\u010dasn\u00e9 medi\u00e1ln\u00ed praktiky a politick\u00e9 strategie.<\/strong><\/p>\n<p>V dob\u00e1ch, jako jsou tyto, jste ohromeni t\u00edm, co se v\u0161em d\u011bje p\u0159ed o\u010dima. T\u00e9m\u011b\u0159 30 procent populace je d\u00e9monizov\u00e1no, je reinterpretov\u00e1no z pravicov\u011b konzervativn\u00edch na pravicov\u011b radik\u00e1ln\u00ed a nakonec pravicov\u011b extremistick\u00e9. V t\u00e9to souvislosti se term\u00edn \u201enacista\u201c \u010dasto pou\u017e\u00edv\u00e1 jako ur\u00e1\u017eka. Hovo\u0159\u00ed se o \u201eneonacistick\u00e9 ba\u017ein\u011b\u201c a \u201en\u00e1rodn\u011b-esoterick\u00e9m komplexu\u201c. To v\u0161e se d\u011bje mimo historick\u00fd kontext.<\/p>\n<p>Zp\u016fsob p\u0159ipojov\u00e1n\u00ed n\u00e1lepky pam\u00e1tn\u00e9ho nep\u0159\u00e1telsk\u00e9ho obrazu ze sou\u010dasnosti \u010di minulosti politick\u00fdm \u010di ideologick\u00fdm odp\u016frc\u016fm nen\u00ed nov\u00fd. Nap\u0159\u00edklad v USA se b\u011bhem studen\u00e9 v\u00e1lky pou\u017e\u00edval term\u00edn komunista (\u201eCommie\u201c, \u201eRed\u201c) stejn\u011b, jako jej dnes zn\u00e1me jako nacistick\u00fd atd.<\/p>\n<p>Nap\u0159\u00edklad v roce 1954 byl svr\u017een Jacobo Arbenz, tehdej\u0161\u00ed prezident Guatemaly. Cht\u011bl vyvlastnit United Fruit, mocnou americkou spole\u010dnost. Operaci v\u0161ak p\u0159edch\u00e1zela pomlouva\u010dn\u00e1 kampa\u0148 s c\u00edlem vyvolat mezi obyvatelstvem USA \u0161irok\u00e9 sympatie k pu\u010dist\u016fm a schv\u00e1lit zapojen\u00ed USA. Arbenz byl zobrazov\u00e1n jako komunista a nebezpe\u010d\u00ed na prahu.<\/p>\n<p>Tuto taktiku pou\u017e\u00edvali i intern\u011b, zejm\u00e9na p\u0159edstavitel\u00e9 neoliberalismu v USA. Od 70. let se p\u0159edn\u00ed odbor\u00e1\u0159i st\u00e1vali ob\u011bt\u00ed pomluvy jako komunist\u00e9.<\/p>\n<h3 id=\"v1h-verbinden-statt-spalten\" class=\"wp-block-heading\"><span style=\"font-size: 18pt;\">Spojen\u00ed m\u00edsto rozd\u011blen\u00ed<\/span><\/h3>\n<p>Se sou\u010dasnou politikou panuje velk\u00e1 nespokojenost. Ale m\u00edsto snahy naplnit z\u00e1kladn\u00ed touhu v\u0161ech ob\u010dan\u016f po m\u00edru ve spole\u010dnosti a ve sv\u011bt\u011b, se o rozd\u011blen\u00ed z\u00e1m\u011brn\u011b mluv\u00ed a p\u00ed\u0161e. Od vl\u00e1dy dol\u016f by se m\u011bli v\u0161ichni spojit proti nerozli\u0161en\u00e9 hrozb\u011b zprava. Nikdo ale nevysv\u011btluje, v \u010dem toto velk\u00e9 nebezpe\u010d\u00ed v sou\u010dasnosti spo\u010d\u00edv\u00e1.<\/p>\n<p>Demokracie nevzkv\u00e9t\u00e1 pouze na politick\u00e9 stabilit\u011b a soci\u00e1ln\u00ed spravedlnosti, ale tak\u00e9 na svobod\u011b projevu, a tedy respektu k jin\u00fdm n\u00e1zor\u016fm. Ocen\u011bn\u00ed rozmanitosti a tolerance r\u016fzn\u00fdch n\u00e1zor\u016f, p\u0159esv\u011bd\u010den\u00ed a \u017eivotn\u00edho stylu jsou z\u00e1kladn\u00edmi prvky m\u00edrov\u00e9ho sou\u017eit\u00ed. A je jedno, ke kter\u00e9mu politick\u00e9mu hnut\u00ed pat\u0159\u00edte. Pravice nebo levice nejsou samy o sob\u011b dobro nebo zlo.<\/p>\n<p>Jedn\u00edm ze z\u00e1kladn\u00edch \u00fakol\u016f liber\u00e1ln\u00ed demokracie je nejen tolerovat politick\u00fd pluralismus a r\u016fznorodost n\u00e1zor\u016f, ale tak\u00e9 je prosazovat a umo\u017enit otev\u0159en\u00fd politick\u00fd diskurz.<\/p>\n<p>Podez\u0159en\u00ed je, \u017ee tato zinscenovan\u00e1 hrozba zprava je jen velkou taktikou odklonu od p\u0159evl\u00e1daj\u00edc\u00ed \u0161patn\u00e9 politiky a \u017ee jsme ji\u017e v prim\u00e1rn\u00ed volebn\u00ed kampani, kde se vzbuzuj\u00ed rozpt\u00fdlen\u00e9 obavy s c\u00edlem ovlivnit politick\u00e9 m\u00edn\u011bn\u00ed.<\/p>\n<h3 id=\"v1h-die-macht-der-medien\" class=\"wp-block-heading\"><span style=\"font-size: 18pt;\">S\u00edla m\u00e9di\u00ed<\/span><\/h3>\n<p>M\u00e9dia funguj\u00ed jako zprost\u0159edkovatel informac\u00ed a maj\u00ed moc utv\u00e1\u0159et ve\u0159ejn\u00e9 m\u00edn\u011bn\u00ed. V dne\u0161n\u00edm sv\u011bt\u011b, kde maj\u00ed digit\u00e1ln\u00ed m\u00e9dia st\u00e1le v\u011bt\u0161\u00ed vliv, je kl\u00ed\u010dov\u00e9, aby m\u00e9dia jednala zodpov\u011bdn\u011b.<\/p>\n<p>Kritick\u00fd p\u0159\u00edstup k informac\u00edm je nezbytn\u00fd, aby se zabr\u00e1nilo manipulaci a dezinformac\u00edm. Medi\u00e1ln\u00ed gramotnost, schopnost analyzovat a zpochyb\u0148ovat informace, se st\u00e1v\u00e1 st\u00e1le d\u016fle\u017eit\u011bj\u0161\u00ed ve sv\u011bt\u011b, kde je dostatek zpr\u00e1v.<\/p>\n<p>Jazyk hraje kl\u00ed\u010dovou roli v komunikaci a pozitivn\u00ed, respektuj\u00edc\u00ed komunikace podporuje vz\u00e1jemn\u00e9 porozum\u011bn\u00ed. V posledn\u00edch letech v\u0161ak mainstreamov\u00e1 m\u00e9dia a ve\u0159ejnopr\u00e1vn\u00ed vys\u00edl\u00e1n\u00ed hraj\u00ed roli srovnatelnou s rol\u00ed americk\u00fdch m\u00e9di\u00ed ve v\u00fd\u0161e zm\u00edn\u011bn\u00e9m p\u0159\u00edpadu Guatemala. Velkolep\u00e9 p\u0159\u00edb\u011bhy byly zaj\u00edmav\u011bj\u0161\u00ed ne\u017e fakta. Zd\u00e1lo se, \u017ee nikoho nezaj\u00edm\u00e1, zda to druh\u00e9 bylo zcela vymy\u0161leno United Fruit nebo manipulativn\u011b vytr\u017eeno z kontextu.<\/p>\n<h3 id=\"v1h-schlussfolgerung\" class=\"wp-block-heading\"><span style=\"font-size: 18pt;\">Z\u00e1v\u011br \u2013 st\u00e1tem podporovan\u00e1 m\u00e9dia posiluj\u00ed rozd\u011blen\u00ed<\/span><\/h3>\n<p>Celkov\u011b je m\u00edrov\u00e9 sou\u017eit\u00ed v\u00fdsledkem slo\u017eit\u00e9 souhry individu\u00e1ln\u00edho chov\u00e1n\u00ed, v\u00fdchovy, komunikace a odpov\u011bdn\u00e9 politiky a instituc\u00ed. Svobodn\u00e1, nez\u00e1visl\u00e1 a kritick\u00e1 m\u00e9dia jako zprost\u0159edkovatel\u00e9 informac\u00ed a v\u016fdci ve\u0159ejn\u00e9ho m\u00edn\u011bn\u00ed jsou z\u00e1sadn\u00ed pro utv\u00e1\u0159en\u00ed ve\u0159ejn\u00e9ho m\u00edn\u011bn\u00ed. V\u011bt\u0161ina st\u00e1tem financovan\u00fdch m\u00e9di\u00ed v\u0161ak st\u00e1le v\u00edce nen\u00ed schopna tento z\u00e1kladn\u00ed \u00fakol splnit. Spole\u010dn\u011b s politikou posiluj\u00ed rozd\u011blen\u00ed ve spole\u010dnosti d\u00e9monizac\u00ed skupin a omezov\u00e1n\u00edm toho, co lze \u0159\u00edci. P\u0159edpokl\u00e1dan\u00e9 \u201enebezpe\u010d\u00ed zprava\u201c by se dalo \u010delit argumenty mnohem l\u00e9pe a novin\u00e1\u0159sky.<\/p>\n<p><em>Tiskov\u00e1 zpr\u00e1va iniciativy GGI<\/em><\/p>\n<p>&nbsp;<\/p>\n","protected":false},"excerpt":{"rendered":"<p>D\u00e9monizace zna\u010dn\u00e9 \u010d\u00e1sti populace jako pravicov\u00fdch extremist\u016f p\u0159ipom\u00edn\u00e1 historick\u00e9 obrazy nep\u0159\u00e1tel, jako byli \u201ekomunist\u00e9\u201c ve&#8230;<\/p>\n","protected":false},"author":2,"featured_media":55822,"comment_status":"closed","ping_status":"closed","sticky":false,"template":"","format":"standard","meta":[],"categories":[7],"tags":[7554,158,122,6297,2385],"_links":{"self":[{"href":"https:\/\/www.infokuryr.cz\/n\/wp-json\/wp\/v2\/posts\/57259"}],"collection":[{"href":"https:\/\/www.infokuryr.cz\/n\/wp-json\/wp\/v2\/posts"}],"about":[{"href":"https:\/\/www.infokuryr.cz\/n\/wp-json\/wp\/v2\/types\/post"}],"author":[{"embeddable":true,"href":"https:\/\/www.infokuryr.cz\/n\/wp-json\/wp\/v2\/users\/2"}],"replies":[{"embeddable":true,"href":"https:\/\/www.infokuryr.cz\/n\/wp-json\/wp\/v2\/comments?post=57259"}],"version-history":[{"count":0,"href":"https:\/\/www.infokuryr.cz\/n\/wp-json\/wp\/v2\/posts\/57259\/revisions"}],"wp:featuredmedia":[{"embeddable":true,"href":"https:\/\/www.infokuryr.cz\/n\/wp-json\/wp\/v2\/media\/55822"}],"wp:attachment":[{"href":"https:\/\/www.infokuryr.cz\/n\/wp-json\/wp\/v2\/media?parent=57259"}],"wp:term":[{"taxonomy":"category","embeddable":true,"href":"https:\/\/www.infokuryr.cz\/n\/wp-json\/wp\/v2\/categories?post=57259"},{"taxonomy":"post_tag","embeddable":true,"href":"https:\/\/www.infokuryr.cz\/n\/wp-json\/wp\/v2\/tags?post=57259"}],"curies":[{"name":"wp","href":"https:\/\/api.w.org\/{rel}","templated":true}]}}