{"id":57142,"date":"2024-07-05T07:05:00","date_gmt":"2024-07-05T05:05:00","guid":{"rendered":"https:\/\/www.infokuryr.cz\/n\/?p=57142"},"modified":"2024-07-05T07:05:00","modified_gmt":"2024-07-05T05:05:00","slug":"britsti-konzervativci-celi-nejhorsi-volebni-porazce-v-historii","status":"publish","type":"post","link":"https:\/\/www.infokuryr.cz\/n\/2024\/07\/05\/britsti-konzervativci-celi-nejhorsi-volebni-porazce-v-historii\/","title":{"rendered":"Brit\u0161t\u00ed konzervativci \u010del\u00ed nejhor\u0161\u00ed volebn\u00ed por\u00e1\u017ece v historii"},"content":{"rendered":"<div id=\"fb-root\"><\/div>\n<p><span style=\"font-size: 18pt;\"><strong>O\u010dek\u00e1v\u00e1 se, \u017ee labourist\u00e9 z\u00edskali v\u00edce ne\u017e 400 k\u0159esel v Doln\u00ed sn\u011bmovn\u011b<\/strong><\/span><\/p>\n<p><span>P\u0159edpov\u00edd\u00e1 se, \u017ee britsk\u00e1 labouristick\u00e1 strana vyhraje drtiv\u00e9 v\u00edt\u011bzstv\u00ed v britsk\u00fdch v\u0161eobecn\u00fdch volb\u00e1ch, podle p\u0159edb\u011b\u017en\u00e9ho pr\u016fzkumu, kter\u00fd byl zve\u0159ejn\u011bn po ukon\u010den\u00ed hlasov\u00e1n\u00ed ve \u010dtvrtek ve\u010der.<\/span><\/p>\n<p><span>Podle pr\u016fzkumu labourist\u00e9 z\u00edskaj\u00ed 410 z 650 k\u0159esel, co\u017e je n\u00e1r\u016fst z 205 v Doln\u00ed sn\u011bmovn\u011b, zat\u00edmco d\u0159\u00edve vl\u00e1dnouc\u00ed toryov\u00e9 si zajist\u00ed 131 k\u0159esel, co\u017e je pokles z 344.<\/span><\/p>\n<p><span>Liber\u00e1ln\u00ed demokrat\u00e9 podle p\u0159edpov\u011bdi z\u00edskaj\u00ed 61 k\u0159esel, Reformn\u00ed Spojen\u00e9 kr\u00e1lovstv\u00ed Nigela Farage 13 a Skotsk\u00e1 n\u00e1rodn\u00ed strana (SNP) deset. Zelen\u00ed maj\u00ed z\u00edskat dva mand\u00e1ty a vel\u0161sk\u00e1 strana Plaid Cymru \u010dty\u0159i.<\/span><\/p>\n<p><span>Sky News popsala v\u00fdsledek tory\u016f jako\u00a0<\/span><em><span>\u201enejv\u011bt\u0161\u00ed volebn\u00ed kolaps v britsk\u00e9 volebn\u00ed historii\u201c.<\/span><\/em><span>\u00a0Ofici\u00e1ln\u00ed v\u00fdsledky budou vyhl\u00e1\u0161eny pozd\u011bji ve\u010der a celou noc.<\/span><\/p>\n<p><span>Volebn\u00ed exit poll z roku 2024 vedl rozhovory s voli\u010di ve 133 volebn\u00edch m\u00edstnostech vybran\u00fdch agenturou Ipsos a je placen n\u011bkolika britsk\u00fdmi medi\u00e1ln\u00edmi spole\u010dnostmi, v\u010detn\u011b Sky a st\u00e1tn\u00edho vys\u00edl\u00e1n\u00ed BBC.<\/span><\/p>\n<p><span>Zd\u00e1 se, \u017ee labouristick\u00fd sesuv je motivov\u00e1n z\u00e1\u0161t\u00ed k tory\u016fm, kte\u0159\u00ed vl\u00e1dnou jako v\u011bt\u0161ina od roku 2015, a m\u00e9n\u011b d\u016fv\u011brou v v\u016fdce strany Keira Starmera.<\/span><\/p>\n<p><em><span>&#8222;Politiku poh\u00e1n\u00ed sp\u00ed\u0161e znechucen\u00ed konzervativci ne\u017e pot\u011b\u0161en\u00ed z toho, co labourist\u00e9 nab\u00edzej\u00ed,&#8220;<\/span><\/em><span>\u00a0\u0159ekl den\u00edku Guardian Ben Page, \u0161\u00e9f pr\u016fzkumn\u00e9 agentury Ipsos.\u00a0<\/span><em><span>&#8222;Osobn\u00ed hodnocen\u00ed Starmeru je nejni\u017e\u0161\u00ed, jak\u00e9 kdy Ipsos vid\u011bl u opozi\u010dn\u00edho v\u016fdce, kter\u00fd je tak daleko v celkov\u00e9m z\u00e1m\u011bru hlasov\u00e1n\u00ed.&#8220;<\/span><\/em><\/p>\n<p><span>M\u00e9n\u011b voli\u010d\u016f si mysl\u00ed, \u017ee labourist\u00e9 jsou schopni vl\u00e1dnout, maj\u00ed dobr\u00fd t\u00fdm l\u00eddr\u016f nebo rozum\u00ed probl\u00e9m\u016fm Spojen\u00e9ho kr\u00e1lovstv\u00ed, ne\u017e tomu bylo v roce 2014, uv\u00e1d\u00ed Ipsos.<\/span><\/p>\n<p><img decoding=\"async\" loading=\"lazy\" class=\"alignnone size-full wp-image-1185\" src=\"http:\/\/www.infokuryr.cz\/n\/wp-content\/uploads\/2021\/04\/kuryr-podpis.png\" alt=\"\" width=\"84\" height=\"24\" \/><\/p>\n<p>&nbsp;<\/p>\n","protected":false},"excerpt":{"rendered":"<p>O\u010dek\u00e1v\u00e1 se, \u017ee labourist\u00e9 z\u00edskali v\u00edce ne\u017e 400 k\u0159esel v Doln\u00ed sn\u011bmovn\u011b P\u0159edpov\u00edd\u00e1 se, \u017ee&#8230;<\/p>\n","protected":false},"author":2,"featured_media":57143,"comment_status":"closed","ping_status":"closed","sticky":false,"template":"","format":"standard","meta":[],"categories":[7],"tags":[303,27,2469],"_links":{"self":[{"href":"https:\/\/www.infokuryr.cz\/n\/wp-json\/wp\/v2\/posts\/57142"}],"collection":[{"href":"https:\/\/www.infokuryr.cz\/n\/wp-json\/wp\/v2\/posts"}],"about":[{"href":"https:\/\/www.infokuryr.cz\/n\/wp-json\/wp\/v2\/types\/post"}],"author":[{"embeddable":true,"href":"https:\/\/www.infokuryr.cz\/n\/wp-json\/wp\/v2\/users\/2"}],"replies":[{"embeddable":true,"href":"https:\/\/www.infokuryr.cz\/n\/wp-json\/wp\/v2\/comments?post=57142"}],"version-history":[{"count":0,"href":"https:\/\/www.infokuryr.cz\/n\/wp-json\/wp\/v2\/posts\/57142\/revisions"}],"wp:featuredmedia":[{"embeddable":true,"href":"https:\/\/www.infokuryr.cz\/n\/wp-json\/wp\/v2\/media\/57143"}],"wp:attachment":[{"href":"https:\/\/www.infokuryr.cz\/n\/wp-json\/wp\/v2\/media?parent=57142"}],"wp:term":[{"taxonomy":"category","embeddable":true,"href":"https:\/\/www.infokuryr.cz\/n\/wp-json\/wp\/v2\/categories?post=57142"},{"taxonomy":"post_tag","embeddable":true,"href":"https:\/\/www.infokuryr.cz\/n\/wp-json\/wp\/v2\/tags?post=57142"}],"curies":[{"name":"wp","href":"https:\/\/api.w.org\/{rel}","templated":true}]}}