{"id":57116,"date":"2024-07-05T00:48:49","date_gmt":"2024-07-04T22:48:49","guid":{"rendered":"https:\/\/www.infokuryr.cz\/n\/?p=57116"},"modified":"2024-07-04T15:09:10","modified_gmt":"2024-07-04T13:09:10","slug":"izrael-zavrazdil-velitele-jedne-z-hlavnich-jednotek-hizballahu-v-libanonu","status":"publish","type":"post","link":"https:\/\/www.infokuryr.cz\/n\/2024\/07\/05\/izrael-zavrazdil-velitele-jedne-z-hlavnich-jednotek-hizballahu-v-libanonu\/","title":{"rendered":"Izrael zavra\u017edil velitele jedn\u00e9 z hlavn\u00edch jednotek Hizball\u00e1hu v Libanonu"},"content":{"rendered":"<div id=\"fb-root\"><\/div>\n<p><strong><span>Vysok\u00fd vojensk\u00fd velitel Hizball\u00e1hu odpov\u011bdn\u00fd za jeden ze t\u0159\u00ed sektor\u016f v srdci skupiny, ji\u017en\u00ed Libanon, byl zavra\u017ed\u011bn Izraelem 2. \u010dervence.<\/span><\/strong><\/p>\n<p><span>Velitel, identifikovan\u00fd jako Muhammad Nimah Nasser, byl \u00fadajn\u011b zabit p\u0159i \u00fatoku na jeho vozidlo pobl\u00ed\u017e italsk\u00e9 nemocnice v jiholibanonsk\u00e9m m\u011bst\u011b Tyre. Videoz\u00e1znamy ukazuj\u00edc\u00ed n\u00e1sledky st\u00e1vky byly zve\u0159ejn\u011bny na soci\u00e1ln\u00edch s\u00edt\u00edch.<\/span><\/p>\n<p><iframe loading=\"lazy\" src=\"https:\/\/s5.cdnstatic.space\/wp-content\/uploads\/2024\/07\/rAZ3jAEpRC8Yxk1d.mp4\" width=\"600\" height=\"338\" data-mce-fragment=\"1\"><\/iframe><\/p>\n<p><span>Hizball\u00e1h truchlil nad N\u00e1sirem, kter\u00fd byl tak\u00e9 zn\u00e1m\u00fd jako Ab\u00fa Nimah, v prohl\u00e1\u0161en\u00ed, \u017ee byl zabit \u201ena cest\u011b do Jeruzal\u00e9ma\u201c, co\u017e je term\u00edn skupiny pro izraelsk\u00e9 \u00fadery. V prohl\u00e1\u0161en\u00ed byl N\u00e1sir ozna\u010dov\u00e1n jako velitel.<\/span><\/p>\n<p><span>N\u00e1sir byl \u00fadajn\u011b vrchn\u00edm velitelem jednotky Aziz, kter\u00e1 je zodpov\u011bdn\u00e1 za jeden ze t\u0159\u00ed hlavn\u00edch sektor\u016f v ji\u017en\u00edm Libanonu.<\/span><\/p>\n<p><span>Hizball\u00e1h jen z\u0159\u00eddka mluv\u00ed o sv\u00fdch vy\u0161\u0161\u00edch \u010dlenech zabit\u00fdch p\u0159i izraelsk\u00fdch \u00faderech jako o velitel\u00edch. Jedin\u00fdmi dal\u0161\u00edmi \u010dleny, o nich\u017e se hovo\u0159ilo jako o velitel\u00edch, byli Taleb Abdullah, velitel runitu Nasr \u2013 kter\u00fd je tak\u00e9 zodpov\u011bdn\u00fd za jeden ze t\u0159\u00ed sektor\u016f ji\u017en\u00edho Libanonu \u2013, kter\u00fd byl zabit v \u010dervnu, a Wissam al-Tawil, z\u00e1stupce vedouc\u00edho skupiny. elitn\u00ed jednotka Radwan, kter\u00e1 byla zabita v lednu.<\/span><\/p>\n<p><span>Izraelsk\u00e1 arm\u00e1da dosud nezve\u0159ejnila \u017e\u00e1dn\u00e9 prohl\u00e1\u0161en\u00ed k atent\u00e1tu na N\u00e1sira, co\u017e pravd\u011bpodobn\u011b povede k v\u00e1\u017en\u00e9 eskalaci na front\u011b s Libanonem.<\/span><\/p>\n<p><span>St\u0159ety na libanonsko-izraelsk\u00e9 hranici poprv\u00e9 vypukly po za\u010d\u00e1tku v\u00e1lky v p\u00e1smu Gazy loni v \u0159\u00edjnu, kdy Hizball\u00e1h a jeho spojenci podnikali t\u00e9m\u011b\u0159 ka\u017edodenn\u00ed \u00fatoky na podporu Ham\u00e1su a dal\u0161\u00edch ozbrojen\u00fdch frakc\u00ed v palestinsk\u00e9 enkl\u00e1v\u011b.<\/span><\/p>\n<p><span>Dosud si hrani\u010dn\u00ed st\u0159ety vy\u017e\u00e1daly deset mrtv\u00fdch civilist\u016f na izraelsk\u00e9 stran\u011b a tak\u00e9 nejm\u00e9n\u011b 15 voj\u00e1k\u016f a z\u00e1lo\u017en\u00edk\u016f IDF. Na libanonsk\u00e9 stran\u011b bylo zabito v\u00edce ne\u017e 500 lid\u00ed, v\u010detn\u011b 342 bojovn\u00edk\u016f Hizball\u00e1hu a nejm\u00e9n\u011b 90 civilist\u016f.<\/span><\/p>\n<p><span>Atent\u00e1t na N\u00e1sira pravd\u011bpodobn\u011b vyvol\u00e1 prudkou reakci Hizball\u00e1hu. Izrael to mo\u017en\u00e1 ve skute\u010dnosti hled\u00e1, aby ospravedlnil zah\u00e1jen\u00ed ofenzivy v Libanonu.<\/span><\/p>\n<p><img decoding=\"async\" loading=\"lazy\" class=\"alignnone size-full wp-image-1185\" src=\"http:\/\/www.infokuryr.cz\/n\/wp-content\/uploads\/2021\/04\/kuryr-podpis.png\" alt=\"\" width=\"84\" height=\"24\" \/><\/p>\n<p>&nbsp;<\/p>\n","protected":false},"excerpt":{"rendered":"<p>Vysok\u00fd vojensk\u00fd velitel Hizball\u00e1hu odpov\u011bdn\u00fd za jeden ze t\u0159\u00ed sektor\u016f v srdci skupiny, ji\u017en\u00ed Libanon,&#8230;<\/p>\n","protected":false},"author":2,"featured_media":57117,"comment_status":"closed","ping_status":"closed","sticky":false,"template":"","format":"standard","meta":[],"categories":[7],"tags":[6772,107,3526,889,184],"_links":{"self":[{"href":"https:\/\/www.infokuryr.cz\/n\/wp-json\/wp\/v2\/posts\/57116"}],"collection":[{"href":"https:\/\/www.infokuryr.cz\/n\/wp-json\/wp\/v2\/posts"}],"about":[{"href":"https:\/\/www.infokuryr.cz\/n\/wp-json\/wp\/v2\/types\/post"}],"author":[{"embeddable":true,"href":"https:\/\/www.infokuryr.cz\/n\/wp-json\/wp\/v2\/users\/2"}],"replies":[{"embeddable":true,"href":"https:\/\/www.infokuryr.cz\/n\/wp-json\/wp\/v2\/comments?post=57116"}],"version-history":[{"count":0,"href":"https:\/\/www.infokuryr.cz\/n\/wp-json\/wp\/v2\/posts\/57116\/revisions"}],"wp:featuredmedia":[{"embeddable":true,"href":"https:\/\/www.infokuryr.cz\/n\/wp-json\/wp\/v2\/media\/57117"}],"wp:attachment":[{"href":"https:\/\/www.infokuryr.cz\/n\/wp-json\/wp\/v2\/media?parent=57116"}],"wp:term":[{"taxonomy":"category","embeddable":true,"href":"https:\/\/www.infokuryr.cz\/n\/wp-json\/wp\/v2\/categories?post=57116"},{"taxonomy":"post_tag","embeddable":true,"href":"https:\/\/www.infokuryr.cz\/n\/wp-json\/wp\/v2\/tags?post=57116"}],"curies":[{"name":"wp","href":"https:\/\/api.w.org\/{rel}","templated":true}]}}