{"id":57114,"date":"2024-07-05T00:47:12","date_gmt":"2024-07-04T22:47:12","guid":{"rendered":"https:\/\/www.infokuryr.cz\/n\/?p=57114"},"modified":"2024-07-04T15:04:45","modified_gmt":"2024-07-04T13:04:45","slug":"clenove-nato-se-zavazuji-podporovat-ukrajinu-ve-vysi-40-miliard-eur-rocne","status":"publish","type":"post","link":"https:\/\/www.infokuryr.cz\/n\/2024\/07\/05\/clenove-nato-se-zavazuji-podporovat-ukrajinu-ve-vysi-40-miliard-eur-rocne\/","title":{"rendered":"\u010clenov\u00e9 NATO se zavazuj\u00ed podporovat Ukrajinu ve v\u00fd\u0161i 40 miliard eur ro\u010dn\u011b"},"content":{"rendered":"<div id=\"fb-root\"><\/div>\n<h2 class=\"s-tagline fw-tagline\"><span>Aliance chce tak\u00e9 hr\u00e1t v\u011bt\u0161\u00ed roli p\u0159i koordinaci dod\u00e1vek zbran\u00ed a v\u00fdcviku ukrajinsk\u00fdch voj\u00e1k\u016f<\/span><\/h2>\n<p><span>\u010clensk\u00e9 st\u00e1ty NATO se ve st\u0159edu dohodly, \u017ee budou m\u00edt za c\u00edl poskytovat Ukrajin\u011b vojenskou pomoc ve v\u00fd\u0161i nejm\u00e9n\u011b 40 miliard eur ro\u010dn\u011b, ale zdr\u017eely se v\u00fdslovn\u00fdch p\u0159\u00edslib\u016f pro nadch\u00e1zej\u00edc\u00ed roky,\u00a0<\/span><a class=\"ek-link\" href=\"https:\/\/www.vg.hu\/kozelet\/2024\/07\/evi-40-milliard-eurot-adhat-ukrajnanak-a-nato?utm_campaign=vg_cikkajanlo&amp;utm_medium=referral&amp;utm_source=mandiner.hu\"><span>uv\u00e1d\u00ed<\/span><\/a><span>\u00a0obchodn\u00ed zpravodajsk\u00fd port\u00e1l Vil\u00e1ggazdas\u00e1g .<\/span><\/p>\n<p><span>Aliance usiluje o konzistenci pro Kyjev, pokud jde o financov\u00e1n\u00ed. P\u0159es po\u010d\u00e1te\u010dn\u00ed nad\u0161en\u00ed v\u0161ak pro n\u011bkolik \u010dlensk\u00fdch st\u00e1t\u016f bylo politicky a pr\u00e1vn\u011b obt\u00ed\u017en\u00e9 zav\u00e1zat se ke konkr\u00e9tn\u00ed \u010d\u00e1stce ji\u017e n\u011bkolik let.<\/span><\/p>\n<p><span>M\u00edsto toho si podle agentury Bloomberg 32 \u010dlen\u016f aliance stanovilo c\u00edl ve v\u00fd\u0161i 40 miliard eur, ov\u0161em s t\u00edm, \u017ee bude ka\u017ed\u00fd rok p\u0159ezkoum\u00e1v\u00e1n. C\u00edl by se tedy mohl zv\u00fd\u0161it nebo sn\u00ed\u017eit v z\u00e1vislosti na situaci.<\/span><\/p>\n<p><span>Financov\u00e1n\u00ed pro leto\u0161n\u00ed rok je v\u00fdrazn\u011b nad c\u00edlem, samotn\u00e9 Spojen\u00e9 st\u00e1ty se zav\u00e1zaly 60 miliard dolar\u016f. Podle pl\u00e1nu budou dary \u010dlensk\u00fdch st\u00e1t\u016f z\u00e1viset tak\u00e9 na velikosti jejich ekonomik.<\/span><\/p>\n<p><span>P\u0159\u00edslib financov\u00e1n\u00ed bude je\u0161t\u011b muset schv\u00e1lit vedouc\u00ed p\u0159edstavitel\u00e9 \u010dlensk\u00fdch st\u00e1t\u016f a bude sou\u010d\u00e1st\u00ed bal\u00ed\u010dku pro Ukrajinu, kter\u00fd bude p\u0159edlo\u017een na summitu NATO p\u0159\u00ed\u0161t\u00ed t\u00fdden. N\u00e1vrh m\u00e1 podtrhnout z\u00e1vazek NATO dlouhodob\u011b podporovat Kyjev a p\u0159ipravit cestu pro ukrajinsk\u00e9 \u010dlenstv\u00ed v NATO.<\/span><\/p>\n<p><span>Odch\u00e1zej\u00edc\u00ed gener\u00e1ln\u00ed tajemn\u00edk organizace Jens Stoltenberg cht\u011bl p\u016fvodn\u011b zajistit 100 miliard dolar\u016f na p\u011bt let, ne\u017e bude formulov\u00e1n pl\u00e1n ve v\u00fd\u0161i 40 miliard eur ro\u010dn\u011b.<\/span><\/p>\n<p><span>Krom\u011b pomoci chce NATO tak\u00e9 hr\u00e1t v\u011bt\u0161\u00ed roli p\u0159i ur\u010dov\u00e1n\u00ed vojensk\u00e9ho vybaven\u00ed, kter\u00e9 Ukrajina pot\u0159ebuje, koordinaci dod\u00e1vek zbran\u00ed a v\u00fdcviku ukrajinsk\u00fdch voj\u00e1k\u016f, soub\u011b\u017en\u011b s form\u00e1tem Ramstein pod veden\u00edm USA, pojmenovan\u00e9m podle mezin\u00e1rodn\u00ed konference organizovan\u00e9 USA. se konala na leteck\u00e9 z\u00e1kladn\u011b Ramstein v N\u011bmecku.<\/span><\/p>\n<p><span>P\u0159ed summitem se v alianci tak\u00e9 hodn\u011b debatovalo o tom, co by m\u011blo b\u00fdt zahrnuto do z\u00e1v\u011bre\u010dn\u00e9ho prohl\u00e1\u0161en\u00ed sch\u016fzky o cest\u011b Ukrajiny k \u010dlenstv\u00ed v NATO, ale neo\u010dek\u00e1v\u00e1 se, \u017ee Kyjev bude letos pozv\u00e1n ke vstupu do aliance kv\u016fli odporu. z USA a N\u011bmecka.<\/span><\/p>\n<p><img decoding=\"async\" loading=\"lazy\" class=\"alignnone size-full wp-image-1185\" src=\"http:\/\/www.infokuryr.cz\/n\/wp-content\/uploads\/2021\/04\/kuryr-podpis.png\" alt=\"\" width=\"84\" height=\"24\" \/><\/p>\n<p>&nbsp;<\/p>\n","protected":false},"excerpt":{"rendered":"<p>Aliance chce tak\u00e9 hr\u00e1t v\u011bt\u0161\u00ed roli p\u0159i koordinaci dod\u00e1vek zbran\u00ed a v\u00fdcviku ukrajinsk\u00fdch voj\u00e1k\u016f \u010clensk\u00e9&#8230;<\/p>\n","protected":false},"author":2,"featured_media":57115,"comment_status":"closed","ping_status":"closed","sticky":false,"template":"","format":"standard","meta":[],"categories":[7],"tags":[7542,90,26],"_links":{"self":[{"href":"https:\/\/www.infokuryr.cz\/n\/wp-json\/wp\/v2\/posts\/57114"}],"collection":[{"href":"https:\/\/www.infokuryr.cz\/n\/wp-json\/wp\/v2\/posts"}],"about":[{"href":"https:\/\/www.infokuryr.cz\/n\/wp-json\/wp\/v2\/types\/post"}],"author":[{"embeddable":true,"href":"https:\/\/www.infokuryr.cz\/n\/wp-json\/wp\/v2\/users\/2"}],"replies":[{"embeddable":true,"href":"https:\/\/www.infokuryr.cz\/n\/wp-json\/wp\/v2\/comments?post=57114"}],"version-history":[{"count":0,"href":"https:\/\/www.infokuryr.cz\/n\/wp-json\/wp\/v2\/posts\/57114\/revisions"}],"wp:featuredmedia":[{"embeddable":true,"href":"https:\/\/www.infokuryr.cz\/n\/wp-json\/wp\/v2\/media\/57115"}],"wp:attachment":[{"href":"https:\/\/www.infokuryr.cz\/n\/wp-json\/wp\/v2\/media?parent=57114"}],"wp:term":[{"taxonomy":"category","embeddable":true,"href":"https:\/\/www.infokuryr.cz\/n\/wp-json\/wp\/v2\/categories?post=57114"},{"taxonomy":"post_tag","embeddable":true,"href":"https:\/\/www.infokuryr.cz\/n\/wp-json\/wp\/v2\/tags?post=57114"}],"curies":[{"name":"wp","href":"https:\/\/api.w.org\/{rel}","templated":true}]}}