{"id":57112,"date":"2024-07-05T00:46:34","date_gmt":"2024-07-04T22:46:34","guid":{"rendered":"https:\/\/www.infokuryr.cz\/n\/?p=57112"},"modified":"2024-07-04T15:01:33","modified_gmt":"2024-07-04T13:01:33","slug":"nemecke-plany-na-centrum-pro-deportaci-migrantu-pobliz-polskych-hranic-vyvolaly-protesty","status":"publish","type":"post","link":"https:\/\/www.infokuryr.cz\/n\/2024\/07\/05\/nemecke-plany-na-centrum-pro-deportaci-migrantu-pobliz-polskych-hranic-vyvolaly-protesty\/","title":{"rendered":"N\u011bmeck\u00e9 pl\u00e1ny na centrum pro deportaci migrant\u016f pobl\u00ed\u017e polsk\u00fdch hranic vyvolaly protesty"},"content":{"rendered":"<div id=\"fb-root\"><\/div>\n<p><span style=\"font-size: 14pt;\"><strong>Uprost\u0159ed kontroverz\u00ed a neklidu na obou stran\u00e1ch \u0159eky Odry vedl n\u011bmeck\u00fd n\u00e1vrh na z\u0159\u00edzen\u00ed deporta\u010dn\u00edho za\u0159\u00edzen\u00ed pobl\u00ed\u017e Kostrzyna k protest\u016fm a vol\u00e1n\u00edm po p\u0159eshrani\u010dn\u00edch konzultac\u00edch<\/strong><\/span><\/p>\n<p><span>N\u011bmecko pl\u00e1nuje podle zpr\u00e1v z Deutsche Welle z\u0159\u00eddit deporta\u010dn\u00ed centrum na ostrov\u011b na \u0159ece Od\u0159e, hned vedle Kostrzyna na polsk\u00fdch hranic\u00edch. Tento n\u00e1vrh ji\u017e vyvolal protesty v n\u011bmeck\u00e9m m\u011bst\u011b K\u00fcstrin-Kietz.<\/span><\/p>\n<p><span>\u201eJak N\u011bmecko vyjad\u0159uje znepokojen\u00ed, m\u011blo by to b\u00fdt i Polsko, a maj\u00ed k tomu d\u016fvody. Vzhledem k tomu, \u017ee 48 000\u00a0<\/span><a class=\"ek-link\" href=\"https:\/\/rmx.news\/afghanistan\/germany-has-begun-dumping-migrants-in-poland\/\"><span>migrant\u016f<\/span><\/a><span>\u00a0\u010dek\u00e1 v N\u011bmecku roky na readmisi, m\u011blo by N\u011bmecko nam\u00edsto budov\u00e1n\u00ed t\u00e1bor\u016f tyto jedince deportovat zp\u011bt do jejich zem\u00ed p\u016fvodu,\u201c uvedl europoslanec Pr\u00e1vo a spravedlnost (PiS) a b\u00fdval\u00fd konzervativn\u00ed n\u00e1m\u011bstek ministra spravedlnosti\u00a0<\/span><a class=\"ek-link\" href=\"https:\/\/rmx.news\/poland\/polish-president-initiates-pardon-proceedings-for-convicted-prominent-pis-politicians-mariusz-kaminski-and-maciej-wasik\/\"><span>Maciej W\u0105sik<\/span><\/a><span>\u00a0, kter\u00fd hovo\u0159il pro Gazetu. Polska.<\/span><\/p>\n<p><span>Vybudov\u00e1n\u00ed takov\u00e9ho t\u00e1bora na hranici je podle W\u0105sika pro polskou stranu jasnou hrozbou.<\/span><\/p>\n<figure class=\"wp-block-embed is-type-rich is-provider-twitter wp-block-embed-twitter\">\n<div class=\"wp-block-embed__wrapper\">\n<div class=\"twitter-tweet twitter-tweet-rendered\"><iframe id=\"twitter-widget-0\" class=\"\" title=\"P\u0159\u00edsp\u011bvek X\" src=\"https:\/\/platform.twitter.com\/embed\/Tweet.html?creatorScreenName=RMXnews&amp;dnt=true&amp;embedId=twitter-widget-0&amp;features=eyJ0ZndfdGltZWxpbmVfbGlzdCI6eyJidWNrZXQiOltdLCJ2ZXJzaW9uIjpudWxsfSwidGZ3X2ZvbGxvd2VyX2NvdW50X3N1bnNldCI6eyJidWNrZXQiOnRydWUsInZlcnNpb24iOm51bGx9LCJ0ZndfdHdlZXRfZWRpdF9iYWNrZW5kIjp7ImJ1Y2tldCI6Im9uIiwidmVyc2lvbiI6bnVsbH0sInRmd19yZWZzcmNfc2Vzc2lvbiI6eyJidWNrZXQiOiJvbiIsInZlcnNpb24iOm51bGx9LCJ0ZndfZm9zbnJfc29mdF9pbnRlcnZlbnRpb25zX2VuYWJsZWQiOnsiYnVja2V0Ijoib24iLCJ2ZXJzaW9uIjpudWxsfSwidGZ3X21peGVkX21lZGlhXzE1ODk3Ijp7ImJ1Y2tldCI6InRyZWF0bWVudCIsInZlcnNpb24iOm51bGx9LCJ0ZndfZXhwZXJpbWVudHNfY29va2llX2V4cGlyYXRpb24iOnsiYnVja2V0IjoxMjA5NjAwLCJ2ZXJzaW9uIjpudWxsfSwidGZ3X3Nob3dfYmlyZHdhdGNoX3Bpdm90c19lbmFibGVkIjp7ImJ1Y2tldCI6Im9uIiwidmVyc2lvbiI6bnVsbH0sInRmd19kdXBsaWNhdGVfc2NyaWJlc190b19zZXR0aW5ncyI6eyJidWNrZXQiOiJvbiIsInZlcnNpb24iOm51bGx9LCJ0ZndfdXNlX3Byb2ZpbGVfaW1hZ2Vfc2hhcGVfZW5hYmxlZCI6eyJidWNrZXQiOiJvbiIsInZlcnNpb24iOm51bGx9LCJ0ZndfdmlkZW9faGxzX2R5bmFtaWNfbWFuaWZlc3RzXzE1MDgyIjp7ImJ1Y2tldCI6InRydWVfYml0cmF0ZSIsInZlcnNpb24iOm51bGx9LCJ0ZndfbGVnYWN5X3RpbWVsaW5lX3N1bnNldCI6eyJidWNrZXQiOnRydWUsInZlcnNpb24iOm51bGx9LCJ0ZndfdHdlZXRfZWRpdF9mcm9udGVuZCI6eyJidWNrZXQiOiJvbiIsInZlcnNpb24iOm51bGx9fQ%3D%3D&amp;frame=false&amp;hideCard=false&amp;hideThread=false&amp;id=1669676362200653828&amp;lang=cs&amp;origin=https%3A%2F%2Frmx.news%2Farticle%2Fgermanys-plans-for-migrant-deportation-center-near-polish-border-spark-protests%2F&amp;sessionId=64ba364f6291f1c3ca11c893ab24372fbb81cb2c&amp;theme=light&amp;widgetsVersion=2615f7e52b7e0%3A1702314776716&amp;width=550px\" frameborder=\"0\" scrolling=\"no\" allowfullscreen=\"allowfullscreen\" data-tweet-id=\"1669676362200653828\" data-mce-fragment=\"1\"><\/iframe><\/div>\n<\/div>\n<\/figure>\n<p><span>Obavy o m\u00edstn\u00ed politiky panuj\u00ed i \u200b\u200bv polsk\u00e9m m\u011bst\u011b Kostrzyn, a\u010dkoli tamn\u00ed m\u00edstn\u00ed vl\u00e1da \u00fadajn\u011b o t\u011bchto pl\u00e1nech z n\u011bmeck\u00e9 strany ofici\u00e1ln\u011b nebyla informov\u00e1na.<\/span><\/p>\n<p><span>&#8222;Takov\u00e9 pl\u00e1ny by m\u011bly b\u00fdt konzultov\u00e1ny s polskou stranou,&#8220; poznamenal jeden z \u00fa\u0159edn\u00edk\u016f.<\/span><\/p>\n<p><span>Polsk\u00fd premi\u00e9r Donald Tusk mezit\u00edm \u00fadajn\u011b neprojednal tyto pl\u00e1ny azylov\u00fdch center s kancl\u00e9\u0159em Olafem Scholzem b\u011bhem\u00a0<\/span><a class=\"ek-link\" href=\"https:\/\/rmx.news\/commentary\/poland-has-not-been-so-deeply-humiliated-in-a-long-time-as-during-the-tusk-scholz-conference-in-warsaw\/\"><span>konzultac\u00ed ve Var\u0161av\u011b<\/span><\/a><span>\u00a0.<\/span><\/p>\n<p><span>Navrhovan\u00e9 centrum podle polsk\u00fdch m\u00edstn\u00edch obyvatel a \u00fa\u0159edn\u00edk\u016f p\u0159edstavuje pro Polsko velmi re\u00e1lnou hrozbu. M\u011bstsk\u00fd \u00fa\u0159ad v Kostrzy\u0144 nad Odr\u0105 \u0159ekl den\u00edku Gazeta Polska, \u017ee nem\u00e1 \u017e\u00e1dn\u00e9 informace o pl\u00e1novan\u00e9m takov\u00e9m za\u0159\u00edzen\u00ed. Navzdory ofici\u00e1ln\u00edmu postoji obyvatel\u00e9 Kostrzyna neofici\u00e1ln\u011b p\u0159izn\u00e1vaj\u00ed, \u017ee v\u011bd\u00ed o n\u011bmeck\u00fdch pl\u00e1nech z\u0159\u00eddit deporta\u010dn\u00ed t\u00e1bor pro migranty na ostrov\u011b Odra, jen p\u00e1r set metr\u016f od jejich m\u011bsta. Vyj\u00e1d\u0159ili obavy a \u0159ekli, \u017ee doufaj\u00ed, \u017ee centrum z\u016fstane pouze pl\u00e1nem.<\/span><\/p>\n<p><span>\u201ePodobn\u00fd kemp zde m\u011bl vzniknout u\u017e p\u0159ed n\u011bkolika lety, ale na\u0161t\u011bst\u00ed se zastavil ve f\u00e1zi pl\u00e1nov\u00e1n\u00ed. Douf\u00e1me, \u017ee tomu tak bude i nyn\u00ed. Obava tu v\u0161ak je, proto\u017ee by bylo absurdn\u00ed se neb\u00e1t, zvl\u00e1\u0161t\u011b kdy\u017e jsme dosud nem\u011bli \u017e\u00e1dn\u00e9 probl\u00e9my s migranty z N\u011bmecka,\u201c \u0159ekla Maria, obyvatelka Kostrzyna.<\/span><\/p>\n<figure class=\"wp-block-embed is-type-rich is-provider-twitter wp-block-embed-twitter\">\n<div class=\"wp-block-embed__wrapper\">\n<div class=\"twitter-tweet twitter-tweet-rendered\"><iframe id=\"twitter-widget-1\" class=\"\" title=\"P\u0159\u00edsp\u011bvek X\" src=\"https:\/\/platform.twitter.com\/embed\/Tweet.html?creatorScreenName=RMXnews&amp;dnt=true&amp;embedId=twitter-widget-1&amp;features=eyJ0ZndfdGltZWxpbmVfbGlzdCI6eyJidWNrZXQiOltdLCJ2ZXJzaW9uIjpudWxsfSwidGZ3X2ZvbGxvd2VyX2NvdW50X3N1bnNldCI6eyJidWNrZXQiOnRydWUsInZlcnNpb24iOm51bGx9LCJ0ZndfdHdlZXRfZWRpdF9iYWNrZW5kIjp7ImJ1Y2tldCI6Im9uIiwidmVyc2lvbiI6bnVsbH0sInRmd19yZWZzcmNfc2Vzc2lvbiI6eyJidWNrZXQiOiJvbiIsInZlcnNpb24iOm51bGx9LCJ0ZndfZm9zbnJfc29mdF9pbnRlcnZlbnRpb25zX2VuYWJsZWQiOnsiYnVja2V0Ijoib24iLCJ2ZXJzaW9uIjpudWxsfSwidGZ3X21peGVkX21lZGlhXzE1ODk3Ijp7ImJ1Y2tldCI6InRyZWF0bWVudCIsInZlcnNpb24iOm51bGx9LCJ0ZndfZXhwZXJpbWVudHNfY29va2llX2V4cGlyYXRpb24iOnsiYnVja2V0IjoxMjA5NjAwLCJ2ZXJzaW9uIjpudWxsfSwidGZ3X3Nob3dfYmlyZHdhdGNoX3Bpdm90c19lbmFibGVkIjp7ImJ1Y2tldCI6Im9uIiwidmVyc2lvbiI6bnVsbH0sInRmd19kdXBsaWNhdGVfc2NyaWJlc190b19zZXR0aW5ncyI6eyJidWNrZXQiOiJvbiIsInZlcnNpb24iOm51bGx9LCJ0ZndfdXNlX3Byb2ZpbGVfaW1hZ2Vfc2hhcGVfZW5hYmxlZCI6eyJidWNrZXQiOiJvbiIsInZlcnNpb24iOm51bGx9LCJ0ZndfdmlkZW9faGxzX2R5bmFtaWNfbWFuaWZlc3RzXzE1MDgyIjp7ImJ1Y2tldCI6InRydWVfYml0cmF0ZSIsInZlcnNpb24iOm51bGx9LCJ0ZndfbGVnYWN5X3RpbWVsaW5lX3N1bnNldCI6eyJidWNrZXQiOnRydWUsInZlcnNpb24iOm51bGx9LCJ0ZndfdHdlZXRfZWRpdF9mcm9udGVuZCI6eyJidWNrZXQiOiJvbiIsInZlcnNpb24iOm51bGx9fQ%3D%3D&amp;frame=false&amp;hideCard=false&amp;hideThread=false&amp;id=1802619719708479685&amp;lang=cs&amp;origin=https%3A%2F%2Frmx.news%2Farticle%2Fgermanys-plans-for-migrant-deportation-center-near-polish-border-spark-protests%2F&amp;sessionId=64ba364f6291f1c3ca11c893ab24372fbb81cb2c&amp;theme=light&amp;widgetsVersion=2615f7e52b7e0%3A1702314776716&amp;width=550px\" frameborder=\"0\" scrolling=\"no\" allowfullscreen=\"allowfullscreen\" data-tweet-id=\"1802619719708479685\" data-mce-fragment=\"1\"><\/iframe><\/div>\n<\/div>\n<\/figure>\n<p><span>Informace z Deutsche Welle v\u0161ak nazna\u010duj\u00ed, \u017ee pl\u00e1ny by mohly pokra\u010dovat, co\u017e povede k hlasit\u00fdm protest\u016fm obyvatel K\u00fcstrin-Kietz, kde m\u00e1 b\u00fdt t\u00e1bor postaven. Doufaj\u00ed v podporu od polsk\u00e9 komunity za Odrou.<\/span><\/p>\n<p><span>V\u00edce ne\u017e 48 000 odm\u00edtnut\u00fdch \u017eadatel\u016f o azyl \u010dek\u00e1 v N\u011bmecku na okam\u017eitou deportaci. V praxi to \u010dasto trv\u00e1 roky. Pro urychlen\u00ed procesu se pl\u00e1nuj\u00ed tzv. v\u00fdjezdov\u00e1 centra. Podle ofici\u00e1ln\u00edch pl\u00e1n\u016f by centrum u Kostrzyna na ostrov\u011b Odra bylo kontejnerovou osadou pro t\u00e9m\u011b\u0159 300 lid\u00ed.<\/span><\/p>\n<p><span>Ostrov na Od\u0159e, kter\u00fd je cel\u00fd na n\u011bmeck\u00e9m \u00fazem\u00ed, m\u00e1 rozlohu 120 hektar\u016f. Ji\u017e 30 let je z velk\u00e9 \u010d\u00e1sti nevyu\u017e\u00edvan\u00fd, mnoho n\u00e1vrh\u016f na jeho vyu\u017eit\u00ed nebylo spln\u011bno, p\u0159edev\u0161\u00edm z d\u016fvodu nedostatku financ\u00ed. Oblast z\u016fst\u00e1v\u00e1 uzav\u0159en\u00e1, z velk\u00e9 \u010d\u00e1sti kv\u016fli nevybuchl\u00e9 munici, kter\u00e1 se st\u00e1le nach\u00e1z\u00ed v zemi. Tamn\u00ed star\u00e1 kas\u00e1rna ch\u00e1traj\u00ed, ale jsou pod dohledem pam\u00e1tkov\u00e9ho \u00fastavu, tak\u017ee je nelze zbourat. Ochrana p\u0159\u00edrody tak\u00e9 omezuje oblasti dostupn\u00e9 pro okam\u017eit\u00e9 investice.<\/span><\/p>\n<p><img decoding=\"async\" loading=\"lazy\" class=\"alignnone size-full wp-image-1185\" src=\"http:\/\/www.infokuryr.cz\/n\/wp-content\/uploads\/2021\/04\/kuryr-podpis.png\" alt=\"\" width=\"84\" height=\"24\" \/><\/p>\n<p>&nbsp;<\/p>\n","protected":false},"excerpt":{"rendered":"<p>Uprost\u0159ed kontroverz\u00ed a neklidu na obou stran\u00e1ch \u0159eky Odry vedl n\u011bmeck\u00fd n\u00e1vrh na z\u0159\u00edzen\u00ed deporta\u010dn\u00edho&#8230;<\/p>\n","protected":false},"author":2,"featured_media":57113,"comment_status":"closed","ping_status":"closed","sticky":false,"template":"","format":"standard","meta":[],"categories":[7],"tags":[119,84,31,5511],"_links":{"self":[{"href":"https:\/\/www.infokuryr.cz\/n\/wp-json\/wp\/v2\/posts\/57112"}],"collection":[{"href":"https:\/\/www.infokuryr.cz\/n\/wp-json\/wp\/v2\/posts"}],"about":[{"href":"https:\/\/www.infokuryr.cz\/n\/wp-json\/wp\/v2\/types\/post"}],"author":[{"embeddable":true,"href":"https:\/\/www.infokuryr.cz\/n\/wp-json\/wp\/v2\/users\/2"}],"replies":[{"embeddable":true,"href":"https:\/\/www.infokuryr.cz\/n\/wp-json\/wp\/v2\/comments?post=57112"}],"version-history":[{"count":0,"href":"https:\/\/www.infokuryr.cz\/n\/wp-json\/wp\/v2\/posts\/57112\/revisions"}],"wp:featuredmedia":[{"embeddable":true,"href":"https:\/\/www.infokuryr.cz\/n\/wp-json\/wp\/v2\/media\/57113"}],"wp:attachment":[{"href":"https:\/\/www.infokuryr.cz\/n\/wp-json\/wp\/v2\/media?parent=57112"}],"wp:term":[{"taxonomy":"category","embeddable":true,"href":"https:\/\/www.infokuryr.cz\/n\/wp-json\/wp\/v2\/categories?post=57112"},{"taxonomy":"post_tag","embeddable":true,"href":"https:\/\/www.infokuryr.cz\/n\/wp-json\/wp\/v2\/tags?post=57112"}],"curies":[{"name":"wp","href":"https:\/\/api.w.org\/{rel}","templated":true}]}}