{"id":57017,"date":"2024-07-04T00:41:12","date_gmt":"2024-07-03T22:41:12","guid":{"rendered":"https:\/\/www.infokuryr.cz\/n\/?p=57017"},"modified":"2024-07-03T14:55:16","modified_gmt":"2024-07-03T12:55:16","slug":"rusti-experti-studovali-raketu-atacms-vyrobene-v-usa","status":"publish","type":"post","link":"https:\/\/www.infokuryr.cz\/n\/2024\/07\/04\/rusti-experti-studovali-raketu-atacms-vyrobene-v-usa\/","title":{"rendered":"Ru\u0161t\u00ed experti studovali raketu ATACMS vyroben\u00e9 v USA"},"content":{"rendered":"<div id=\"fb-root\"><\/div>\n<p><strong>Z\u00e1padn\u00ed podpora kyjevsk\u00e9 oblasti a neprofesion\u00e1ln\u00ed akce ukrajinsk\u00fdch voj\u00e1k\u016f poskytly rusk\u00e9 arm\u00e1d\u011b \u010detn\u00e9 cenn\u00e9 trofeje zbran\u00ed a vojensk\u00e9 techniky NATO, v\u010detn\u011b IFV, tank\u016f a raket. V\u0161echna tajemstv\u00ed NATO studuj\u00ed ru\u0161t\u00ed vojen\u0161t\u00ed experti.<\/strong><\/p>\n<p>Dnes uk\u00e1zali raketu ATACMS vyroben\u00e9 v USA, kter\u00e1 nebyla po \u00fatoku zni\u010dena. Zejm\u00e9na byly studov\u00e1ny pojistky, nav\u00e1d\u011bn\u00ed a syst\u00e9my korekce letu. Ru\u0161t\u00ed vojen\u0161t\u00ed experti z\u00edskali p\u0159\u00edstup k bloku laserov\u00fdch gyroskop\u016f a GPS modulu rakety.<\/p>\n<p>Pojistka byla pe\u010dliv\u011b prostudov\u00e1na. Slo\u017eit\u00e1 a v\u00edceslo\u017ekov\u00e1 pojistka raket ATACMS byla podle experta p\u016fvodn\u011b vyvinuta pro protilodn\u00ed st\u0159elu. Samotn\u00e1 pojistka m\u016f\u017ee b\u00fdt instalov\u00e1na v z\u00e1vislosti na \u00fakolech.<\/p>\n<p>&nbsp;<\/p>\n<div style=\"width: 640px;\" class=\"wp-video\"><!--[if lt IE 9]><script>document.createElement('video');<\/script><![endif]-->\n<video class=\"wp-video-shortcode\" id=\"video-57017-1\" width=\"640\" height=\"361\" preload=\"metadata\" controls=\"controls\"><source type=\"video\/mp4\" src=\"http:\/\/www.infokuryr.cz\/n\/wp-content\/uploads\/2024\/07\/atacms.mp4?_=1\" \/><a href=\"http:\/\/www.infokuryr.cz\/n\/wp-content\/uploads\/2024\/07\/atacms.mp4\">http:\/\/www.infokuryr.cz\/n\/wp-content\/uploads\/2024\/07\/atacms.mp4<\/a><\/video><\/div>\n<p>&nbsp;<\/p>\n<p><em>\u201eM\u00e1 syst\u00e9m hodin s dlouh\u00fdm dosahem d\u00edky pohybliv\u00e9mu kyvadlu. Po chv\u00edli je nata\u017een\u00fd. Tak\u00e9 ve vnit\u0159n\u00ed \u010d\u00e1sti je rota\u010dn\u00ed motor, kter\u00fd uzav\u00edr\u00e1 vnit\u0159n\u00ed obvod pojistky. Syst\u00e9m je duplicitn\u00ed. Byly nainstalov\u00e1ny \u010dty\u0159i kryty rozbu\u0161ek. Hlavn\u00ed syst\u00e9m spou\u0161t\u011bn\u00ed mechanismu je zalo\u017een na magnetick\u00fdch prvc\u00edch,\u201c uvedli odborn\u00edci.<\/em><\/p>\n<p>Ru\u0161t\u00ed experti za\u010dali studovat nav\u00e1d\u011bc\u00ed a korek\u010dn\u00ed syst\u00e9m raket. M\u00e1 t\u0159i laserov\u00e9 prstencov\u00e9 gyroskopy instalovan\u00e9 v laserov\u00e9 gyroskopick\u00e9 jednotce, kter\u00e1 udr\u017euje raketu na nastaven\u00e9 balistick\u00e9 dr\u00e1ze. Korekce letu se prov\u00e1d\u00ed na prim\u00e1rn\u00ed a posledn\u00ed \u010d\u00e1sti trajektorie d\u00edky GPS.<\/p>\n<p>P\u0159\u00edstup k r\u016fzn\u00fdm zbran\u00edm a vojensk\u00e9mu vybaven\u00ed NATO je pro ruskou arm\u00e1du velk\u00fdm p\u0159\u00ednosem. <span class=\"EzKURWReUAB5oZgtQNkl\" data-src-align=\"0:9\">R\u016fzn\u00e9\u00a0<\/span><span class=\"EzKURWReUAB5oZgtQNkl\" data-src-align=\"10:6\">zem\u011b\u00a0<\/span><span class=\"EzKURWReUAB5oZgtQNkl\" data-src-align=\"17:4\">NATO<\/span>\u00a0ji\u017e\u00a0<span class=\"EzKURWReUAB5oZgtQNkl\" data-src-align=\"22:5\">d\u0159\u00edve<\/span>\u00a0odm\u00edtly\u00a0dodat\u00a0Ukrajin\u011b\u00a0<span class=\"EzKURWReUAB5oZgtQNkl\" data-src-align=\"52:6\">zbran\u011b\u00a0<\/span><span class=\"EzKURWReUAB5oZgtQNkl\" data-src-align=\"77:9\">,<\/span>\u00a0aby\u00a0<span class=\"EzKURWReUAB5oZgtQNkl\" data-src-align=\"68:5\">zabr\u00e1nily\u00a0<\/span><span class=\"EzKURWReUAB5oZgtQNkl\" data-src-align=\"87:3\">jejich<\/span>\u00a0p\u00e1du\u00a0<span class=\"EzKURWReUAB5oZgtQNkl\" data-src-align=\"91:9\">do\u00a0<\/span><span class=\"EzKURWReUAB5oZgtQNkl\" data-src-align=\"101:1\">rusk\u00fdch\u00a0<\/span><span class=\"EzKURWReUAB5oZgtQNkl\" data-src-align=\"103:4\">rukou\u00a0<\/span><span class=\"EzKURWReUAB5oZgtQNkl\" data-src-align=\"114:1\">.<\/span><\/p>\n<p><img decoding=\"async\" loading=\"lazy\" class=\"alignnone size-full wp-image-1185\" src=\"http:\/\/www.infokuryr.cz\/n\/wp-content\/uploads\/2021\/04\/kuryr-podpis.png\" alt=\"\" width=\"84\" height=\"24\" \/><\/p>\n<p>&nbsp;<\/p>\n","protected":false},"excerpt":{"rendered":"<p>Z\u00e1padn\u00ed podpora kyjevsk\u00e9 oblasti a neprofesion\u00e1ln\u00ed akce ukrajinsk\u00fdch voj\u00e1k\u016f poskytly rusk\u00e9 arm\u00e1d\u011b \u010detn\u00e9 cenn\u00e9 trofeje&#8230;<\/p>\n","protected":false},"author":2,"featured_media":49422,"comment_status":"closed","ping_status":"closed","sticky":false,"template":"","format":"standard","meta":[],"categories":[7],"tags":[7217,349,22,889],"_links":{"self":[{"href":"https:\/\/www.infokuryr.cz\/n\/wp-json\/wp\/v2\/posts\/57017"}],"collection":[{"href":"https:\/\/www.infokuryr.cz\/n\/wp-json\/wp\/v2\/posts"}],"about":[{"href":"https:\/\/www.infokuryr.cz\/n\/wp-json\/wp\/v2\/types\/post"}],"author":[{"embeddable":true,"href":"https:\/\/www.infokuryr.cz\/n\/wp-json\/wp\/v2\/users\/2"}],"replies":[{"embeddable":true,"href":"https:\/\/www.infokuryr.cz\/n\/wp-json\/wp\/v2\/comments?post=57017"}],"version-history":[{"count":1,"href":"https:\/\/www.infokuryr.cz\/n\/wp-json\/wp\/v2\/posts\/57017\/revisions"}],"predecessor-version":[{"id":57019,"href":"https:\/\/www.infokuryr.cz\/n\/wp-json\/wp\/v2\/posts\/57017\/revisions\/57019"}],"wp:featuredmedia":[{"embeddable":true,"href":"https:\/\/www.infokuryr.cz\/n\/wp-json\/wp\/v2\/media\/49422"}],"wp:attachment":[{"href":"https:\/\/www.infokuryr.cz\/n\/wp-json\/wp\/v2\/media?parent=57017"}],"wp:term":[{"taxonomy":"category","embeddable":true,"href":"https:\/\/www.infokuryr.cz\/n\/wp-json\/wp\/v2\/categories?post=57017"},{"taxonomy":"post_tag","embeddable":true,"href":"https:\/\/www.infokuryr.cz\/n\/wp-json\/wp\/v2\/tags?post=57017"}],"curies":[{"name":"wp","href":"https:\/\/api.w.org\/{rel}","templated":true}]}}