{"id":5693,"date":"2021-10-27T07:48:28","date_gmt":"2021-10-27T05:48:28","guid":{"rendered":"http:\/\/www.infokuryr.cz\/n\/?p=5693"},"modified":"2021-10-27T07:48:28","modified_gmt":"2021-10-27T05:48:28","slug":"le-penova-agresivita-eu-uz-utoci-i-na-svrchovanost-clenskych-statu","status":"publish","type":"post","link":"https:\/\/www.infokuryr.cz\/n\/2021\/10\/27\/le-penova-agresivita-eu-uz-utoci-i-na-svrchovanost-clenskych-statu\/","title":{"rendered":"Le Penov\u00e1: Agresivita EU u\u017e \u00fato\u010d\u00ed i na svrchovanost \u010dlensk\u00fdch st\u00e1t\u016f!"},"content":{"rendered":"<div id=\"fb-root\"><\/div>\n<p>Francouzsk\u00e1 hork\u00e1 kandid\u00e1tka na prezidentku, Marine Le Penov\u00e1, pot\u00e9, co se minul\u00fd t\u00fdden setkala v Bruselu s polsk\u00fdm premi\u00e9rem Mateuszem Morawieckim, dnes v Budape\u0161ti poob\u011bdvala s premi\u00e9rem Viktorem Orb\u00e1nem. Kuratelu EU s jej\u00edm peskov\u00e1n\u00edm k tomu nepot\u0159ebovali&#8230; Pom\u011bry v Evrop\u011b se tak i p\u0159es prsk\u00e1n\u00ed v Bruselu posouvaj\u00ed k m\u00e9n\u011b totality a v\u00edce svrchovanosti.<\/p>\n<p>Na n\u00e1sledn\u00e9 tiskovce pot\u00e9, co premi\u00e9r Orb\u00e1n odm\u00edtl Bre\u017en\u011bvovskou doktr\u00ednu opra\u0161ovanou EU, Marine Le Penov\u00e1 prohl\u00e1sila, \u017ee pokud se stane prezidentkou zasad\u00ed se o francouzskou podporu ma\u010farsk\u00e9mu lidu v EU a na jej\u00ed reorientaci, nakolik jej\u00ed ideologick\u00e1 brutalita do\u0161la u\u017e tak daleko, \u017ee \u00fato\u010d\u00ed na samotnou my\u0161lenku svrchovanosti \u010dlensk\u00fdch st\u00e1t\u016f.<\/p>\n<p>Le Penov\u00e1 naproti tomu prohl\u00e1sila, \u017ee chce ve Francii referendum o zm\u011bn\u011b \u00dastavy, kter\u00e9 by zakotvilo jej\u00ed superioritu (EU by se s Polskem tud\u00ed\u017e nem\u011bla un\u00e1hlovat, nebo mu za rok bude platit od\u0161kodn\u011bn\u00ed), co\u017e by rovn\u011b\u017e Francii umo\u017e\u0148ovalo rozhodovat si o imigraci, kter\u00e1 je &#8222;metlou, p\u0159ed n\u00ed\u017e mus\u00edme na\u0161e n\u00e1rody chr\u00e1nit&#8220;.<\/p>\n<p>Pouk\u00e1zala na skute\u010dnost, \u017ee vl\u00e1da Viktora Orb\u00e1na stoj\u00ed na \u0161pici v boji za ob\u010dansk\u00e9 svobody, v boji, kter\u00fd je z\u00e1sadn\u00ed v dne\u0161n\u00edm sv\u011bt\u011b, kter\u00fd se st\u00e1v\u00e1 ko\u0159ist\u00ed totalitn\u00edch tendenc\u00ed, v boji, bez kter\u00e9ho v\u00edce nebude ob\u010dansk\u00fdch svobod.<\/p>\n<p>\u010cesk\u00e1 politick\u00e1 skvadra by si mohla s\u00e1hnout do sv\u011bdom\u00ed, jestli v tomto boji pon\u011bkud nepok\u00e1lela odkaz Havla.<\/p>\n<p><a href=\"https:\/\/www.lefigaro.fr\/politique\/marine-le-pen-viktor-orban-une-rencontre-pour-defendre-le-souverainisme-20211026\">ZDROJ<\/a><\/p>\n","protected":false},"excerpt":{"rendered":"<p>Francouzsk\u00e1 hork\u00e1 kandid\u00e1tka na prezidentku, Marine Le Penov\u00e1, pot\u00e9, co se minul\u00fd t\u00fdden setkala v&#8230;<\/p>\n","protected":false},"author":2,"featured_media":1323,"comment_status":"closed","ping_status":"closed","sticky":false,"template":"","format":"standard","meta":[],"categories":[7],"tags":[41,130,249],"_links":{"self":[{"href":"https:\/\/www.infokuryr.cz\/n\/wp-json\/wp\/v2\/posts\/5693"}],"collection":[{"href":"https:\/\/www.infokuryr.cz\/n\/wp-json\/wp\/v2\/posts"}],"about":[{"href":"https:\/\/www.infokuryr.cz\/n\/wp-json\/wp\/v2\/types\/post"}],"author":[{"embeddable":true,"href":"https:\/\/www.infokuryr.cz\/n\/wp-json\/wp\/v2\/users\/2"}],"replies":[{"embeddable":true,"href":"https:\/\/www.infokuryr.cz\/n\/wp-json\/wp\/v2\/comments?post=5693"}],"version-history":[{"count":0,"href":"https:\/\/www.infokuryr.cz\/n\/wp-json\/wp\/v2\/posts\/5693\/revisions"}],"wp:featuredmedia":[{"embeddable":true,"href":"https:\/\/www.infokuryr.cz\/n\/wp-json\/wp\/v2\/media\/1323"}],"wp:attachment":[{"href":"https:\/\/www.infokuryr.cz\/n\/wp-json\/wp\/v2\/media?parent=5693"}],"wp:term":[{"taxonomy":"category","embeddable":true,"href":"https:\/\/www.infokuryr.cz\/n\/wp-json\/wp\/v2\/categories?post=5693"},{"taxonomy":"post_tag","embeddable":true,"href":"https:\/\/www.infokuryr.cz\/n\/wp-json\/wp\/v2\/tags?post=5693"}],"curies":[{"name":"wp","href":"https:\/\/api.w.org\/{rel}","templated":true}]}}