{"id":56922,"date":"2024-07-03T00:33:43","date_gmt":"2024-07-02T22:33:43","guid":{"rendered":"https:\/\/www.infokuryr.cz\/n\/?p=56922"},"modified":"2024-07-02T16:02:34","modified_gmt":"2024-07-02T14:02:34","slug":"valka-proti-farmarum-povede-k-potravinovym-valkam-nikoli-ke-zmene-klimatu","status":"publish","type":"post","link":"https:\/\/www.infokuryr.cz\/n\/2024\/07\/03\/valka-proti-farmarum-povede-k-potravinovym-valkam-nikoli-ke-zmene-klimatu\/","title":{"rendered":"V\u00e1lka proti farm\u00e1\u0159\u016fm povede k \u201epotravinov\u00fdm v\u00e1lk\u00e1m\u201c \u2013 nikoli ke zm\u011bn\u011b klimatu"},"content":{"rendered":"<div id=\"fb-root\"><\/div>\n<div class=\"elementor-element elementor-element-1fb4c2c elementor-widget elementor-widget-theme-post-content\" data-id=\"1fb4c2c\" data-element_type=\"widget\" data-widget_type=\"theme-post-content.default\">\n<div class=\"elementor-widget-container\">\n<p><span>Podle\u00a0<strong>v\u010derej\u0161\u00ed\u00a0<\/strong><\/span><a href=\"https:\/\/www-ft-com.ezproxy.depaul.edu\/content\/64ee15d1-c61e-4f48-b6ce-58956176beb0\"><strong><span>zpr\u00e1vy ve\u00a0<\/span><\/strong><em><strong><span>Financial Times<\/span><\/strong><\/em><\/a><strong><span>\u00a0Olam Agri, jeden z nejv\u011bt\u0161\u00edch sv\u011btov\u00fdch obchodn\u00edk\u016f se zem\u011bd\u011blsk\u00fdmi komoditami, varoval, \u017ee sv\u011bt sm\u011b\u0159uje k \u201epotravinov\u00fdm v\u00e1lk\u00e1m\u201c kv\u016fli geopolitick\u00e9mu nap\u011bt\u00ed a klimatick\u00fdm zm\u011bn\u00e1m, kter\u00e9 tla\u010d\u00ed zem\u011b do konfliktu kv\u016fli ub\u00fdvaj\u00edc\u00edm potravin\u00e1m. z\u00e1soby.<\/span><\/strong><\/p>\n<p><span>V projevu na spot\u0159ebitelsk\u00e9 konferenci Redburn Atlantic a Rothschild minul\u00fd t\u00fdden gener\u00e1ln\u00ed \u0159editel spole\u010dnosti Olam Agri Sunny Verghese uvedl, \u017ee obchodn\u00ed bari\u00e9ry ulo\u017een\u00e9 zem\u011bmi zhor\u0161uj\u00ed inflaci a \u017eenou zem\u011b do konfliktu kv\u016fli zmen\u0161uj\u00edc\u00edm se z\u00e1sob\u00e1m potravin.<\/span><\/p>\n<p><span>\u201eHlavn\u00ed obchodn\u00edci se zem\u011bd\u011blsk\u00fdmi komoditami, kte\u0159\u00ed v roce 2022 sklidili rekordn\u00ed zisky pot\u00e9, co rusk\u00e1 invaze na Ukrajinu zp\u016fsobila prudk\u00fd n\u00e1r\u016fst cen potravin, byli obvin\u011bni z toho, \u017ee zhor\u0161uj\u00ed inflaci cen povodn\u00ed prost\u0159ednictv\u00edm p\u0159ir\u00e1\u017eek zvy\u0161uj\u00edc\u00edch zisk,\u201c uv\u00e1d\u00ed Financial\u00a0<\/span><em><span>Times<\/span><\/em><span>\u00a0.<\/span><\/p>\n<p><span>\u201eCeny potravin za\u010daly r\u016fst po 19. z\u00e1\u0159\u00ed a prudce vzrostly po rusk\u00e9 invazi na Ukrajinu, proto\u017ee n\u011bkter\u00e9 v\u00fdvozy obil\u00ed a hnojiv byly zablokov\u00e1ny konfliktem. T\u00edm se zhor\u0161ila potravinov\u00e1 nejistota v chud\u0161\u00edch zem\u00edch a spot\u0159ebitel\u00e9 po cel\u00e9m sv\u011bt\u011b \u010delili krizi \u017eivotn\u00edch n\u00e1klad\u016f,\u201c uvedl zpravodajsk\u00fd magaz\u00edn.<\/span><\/p>\n<p><span>Verghese v\u0161ak pouk\u00e1zal na to, \u017ee vysok\u00e1 inflace cen potravin je \u010d\u00e1ste\u010dn\u011b zp\u016fsobena vl\u00e1dn\u00ed intervenc\u00ed. Roz\u0161\u00ed\u0159en\u00ed neceln\u00edch p\u0159ek\u00e1\u017eek v roce 2022 v reakci na v\u00e1lku \u201evytvo\u0159ilo p\u0159ehnanou nerovnov\u00e1hu mezi nab\u00eddkou a popt\u00e1vkou\u201c.<\/span><\/p>\n<p><span>J\u00e1drem jeho argumentu je, \u017ee obchodn\u00ed bari\u00e9ry a protekcionistick\u00e1 opat\u0159en\u00ed vedou k nap\u011bt\u00ed mezi zem\u011bmi, a t\u00edm ke konflikt\u016fm ohledn\u011b dod\u00e1vek potravin, zat\u00edmco zm\u011bna klimatu ovliv\u0148uje celosv\u011btovou produkci potravin a vede k nedostatku a r\u016fstu cen, co\u017e zase m\u016f\u017ee vyvolat konflikty o zdroje.<\/span><\/p>\n<p><span>Zat\u00edmco obchodn\u00ed p\u0159ek\u00e1\u017eky a konflikty mohou v\u00e9st ke zv\u00fd\u0161en\u00ed cen, kter\u00e9 \u010din\u00ed potraviny pro mnoho lid\u00ed nedostupn\u00fdmi, konflikty ohledn\u011b dod\u00e1vek potravin mohou v\u00e9st k potravinov\u00e9 nejistot\u011b, podv\u00fd\u017eiv\u011b a dokonce k hladomoru. A \u201epotravinov\u00e9 v\u00e1lky\u201c by mohly m\u00edt v\u00fdznamn\u00fd dopad na glob\u00e1ln\u00ed ekonomiku a v\u00e9st k ekonomick\u00e9 nestabilit\u011b a recesi.<\/span><\/p>\n<p><span>Pokud existuj\u00ed obavy z \u201epotravinov\u00fdch v\u00e1lek\u201c,\u00a0pro\u010d tedy z\u00e1padn\u00ed vl\u00e1dy\u00a0<\/span><a href=\"https:\/\/www.generations.org\/programs\/2693\"><span>vedou\u00a0<\/span><\/a><a href=\"https:\/\/www.generations.org\/programs\/2693\"><span>v\u00e1lku s farm\u00e1\u0159i<\/span><\/a><span>\u00a0ve jm\u00e9nu zm\u011bny klimatu ?<\/span><\/p>\n<p><span>V\u00e1lka proti farm\u00e1\u0159\u016fm je celosv\u011btov\u00fd fenom\u00e9n, kter\u00fd v posledn\u00edch letech nab\u00edr\u00e1 na s\u00edle. R\u016fzn\u00e9 formy \u00fatok\u016f, omezen\u00ed a politik uvalen\u00fdch na farm\u00e1\u0159e vl\u00e1dami, korporacemi a ekologick\u00fdmi skupinami ohro\u017euj\u00ed \u017eivobyt\u00ed farm\u00e1\u0159\u016f, n\u00e1rodn\u00ed potravinovou bezpe\u010dnost a glob\u00e1ln\u00ed dod\u00e1vky potravin.<\/span><\/p>\n<p><span>Nizozemsk\u00e1 vl\u00e1da nap\u0159\u00edklad zavedla p\u0159\u00edsn\u00e1 na\u0159\u00edzen\u00ed na zem\u011bd\u011blsk\u00e9 postupy, kter\u00e9 mimo jin\u00e9 omezuj\u00ed pou\u017e\u00edv\u00e1n\u00ed dus\u00edkat\u00fdch hnojiv, co\u017e vedlo k protest\u016fm a obav\u00e1m o potravinovou bezpe\u010dnost.<\/span><\/p>\n<p><span>Dal\u0161\u00edm p\u0159\u00edkladem jsou vl\u00e1dn\u00ed politiky USA, jako jsou: B. Standard pro obnoviteln\u00e9 palivo, kter\u00fd vedl k vy\u0161\u0161\u00edm n\u00e1klad\u016fm pro zem\u011bd\u011blce a ni\u017e\u0161\u00edm v\u00fdnos\u016fm plodin, co\u017e jim znesnadnilo konkurovat velk\u00fdm spole\u010dnostem.<\/span><\/p>\n<p><span>V\u00e1lka proti farm\u00e1\u0159\u016fm pokra\u010duje. V\u010dera byli\u00a0<\/span><a href=\"https:\/\/www.breitbart.com\/europe\/2024\/06\/26\/flatulent-cows-sheep-and-pigs-face-worlds-first-carbon-tax-in-denmark\/\"><span>chovatel\u00e9 dobytka v D\u00e1nsku<\/span><\/a><span>\u00a0varov\u00e1ni, \u017ee prdy a \u0159\u00edhnut\u00ed jejich krav, ovc\u00ed a prasat budou od roku 2030 m\u011b\u0159eny a zdan\u011bny \u2013 jako prvn\u00ed zem\u011b na sv\u011bt\u011b tak v r\u00e1mci boje proti emis\u00edm metanu u\u010dinila.<\/span><\/p>\n<p><span>A v\u010dera kampa\u0148 No Farmers No Food zve\u0159ejnila n\u00e1sleduj\u00edc\u00ed video od britsk\u00e9ho farm\u00e1\u0159e. &#8222;Nyn\u00ed jsme placeni za to, abychom p\u0159estali p\u011bstovat potraviny a m\u00edsto toho p\u011bstovali divok\u00e9 kv\u011btiny,&#8220; \u0159ekl.<\/span><\/p>\n<div class=\"twitter-tweet twitter-tweet-rendered\"><iframe id=\"twitter-widget-0\" class=\"\" title=\"X p\u0159\u00edsp\u011bvek\" src=\"https:\/\/platform.twitter.com\/embed\/Tweet.html?dnt=false&amp;embedId=twitter-widget-0&amp;features=eyJ0ZndfdGltZWxpbmVfbGlzdCI6eyJidWNrZXQiOltdLCJ2ZXJzaW9uIjpudWxsfSwidGZ3X2ZvbGxvd2VyX2NvdW50X3N1bnNldCI6eyJidWNrZXQiOnRydWUsInZlcnNpb24iOm51bGx9LCJ0ZndfdHdlZXRfZWRpdF9iYWNrZW5kIjp7ImJ1Y2tldCI6Im9uIiwidmVyc2lvbiI6bnVsbH0sInRmd19yZWZzcmNfc2Vzc2lvbiI6eyJidWNrZXQiOiJvbiIsInZlcnNpb24iOm51bGx9LCJ0ZndfZm9zbnJfc29mdF9pbnRlcnZlbnRpb25zX2VuYWJsZWQiOnsiYnVja2V0Ijoib24iLCJ2ZXJzaW9uIjpudWxsfSwidGZ3X21peGVkX21lZGlhXzE1ODk3Ijp7ImJ1Y2tldCI6InRyZWF0bWVudCIsInZlcnNpb24iOm51bGx9LCJ0ZndfZXhwZXJpbWVudHNfY29va2llX2V4cGlyYXRpb24iOnsiYnVja2V0IjoxMjA5NjAwLCJ2ZXJzaW9uIjpudWxsfSwidGZ3X3Nob3dfYmlyZHdhdGNoX3Bpdm90c19lbmFibGVkIjp7ImJ1Y2tldCI6Im9uIiwidmVyc2lvbiI6bnVsbH0sInRmd19kdXBsaWNhdGVfc2NyaWJlc190b19zZXR0aW5ncyI6eyJidWNrZXQiOiJvbiIsInZlcnNpb24iOm51bGx9LCJ0ZndfdXNlX3Byb2ZpbGVfaW1hZ2Vfc2hhcGVfZW5hYmxlZCI6eyJidWNrZXQiOiJvbiIsInZlcnNpb24iOm51bGx9LCJ0ZndfdmlkZW9faGxzX2R5bmFtaWNfbWFuaWZlc3RzXzE1MDgyIjp7ImJ1Y2tldCI6InRydWVfYml0cmF0ZSIsInZlcnNpb24iOm51bGx9LCJ0ZndfbGVnYWN5X3RpbWVsaW5lX3N1bnNldCI6eyJidWNrZXQiOnRydWUsInZlcnNpb24iOm51bGx9LCJ0ZndfdHdlZXRfZWRpdF9mcm9udGVuZCI6eyJidWNrZXQiOiJvbiIsInZlcnNpb24iOm51bGx9fQ%3D%3D&amp;frame=false&amp;hideCard=false&amp;hideThread=false&amp;id=1805890548256968723&amp;lang=de&amp;origin=https%3A%2F%2Funcutnews.ch%2Fder-krieg-gegen-die-landwirte-wird-zu-nahrungsmittelkriegen-fuehren-nicht-zum-klimawandel%2F&amp;sessionId=7dc275e94fe173084c09d5f21f1e138d8b329baf&amp;theme=light&amp;widgetsVersion=2615f7e52b7e0%3A1702314776716&amp;width=550px\" frameborder=\"0\" scrolling=\"no\" allowfullscreen=\"allowfullscreen\" data-tweet-id=\"1805890548256968723\" data-mce-fragment=\"1\"><\/iframe><\/div>\n<p><span>Mezi dal\u0161\u00ed politiky \u201ezm\u011bny klimatu\u201c, kter\u00e9 ni\u010d\u00ed zem\u011bd\u011blstv\u00ed, pat\u0159\u00ed instalace \u201ezelen\u00fdch\u201c zdroj\u016f energie na prvot\u0159\u00eddn\u00ed zem\u011bd\u011blskou p\u016fdu. Britsk\u00e1 petice za zastaven\u00ed hromadn\u00e9 instalace sol\u00e1rn\u00edch panel\u016f na prvot\u0159\u00eddn\u00ed zem\u011bd\u011blskou p\u016fdu \u0159\u00edk\u00e1: &#8222;Vyu\u017eit\u00ed prvot\u0159\u00eddn\u00ed zem\u011bd\u011blsk\u00e9 p\u016fdy pro rozs\u00e1hl\u00e9 projekty sol\u00e1rn\u00ed energie&#8230; ohro\u017euje na\u0161i budouc\u00ed potravinovou bezpe\u010dnost.&#8220; (Petici m\u016f\u017eete podepsat\u00a0<\/span><a href=\"https:\/\/www.change.org\/p\/protect-food-security-stop-mass-scale-solar-panels-on-prime-agricultural-land\"><span>ZDE<\/span><\/a><span>\u00a0.)<\/span><\/p>\n<p><span>P\u0159e\u010dt\u011bte si v\u00edce:\u00a0<\/span><a href=\"https:\/\/www.dailymail.co.uk\/news\/article-13469373\/Farmers-booted-land-drive-solar-power-outgoing-union-chief-warns.html\"><span>Farm\u00e1\u0159i jsou nuceni opou\u0161t\u011bt svou p\u016fdu, aby produkovali v\u00edce sol\u00e1rn\u00ed energie, varuje b\u00fdval\u00fd \u0161\u00e9f odbor\u016f<\/span><\/a><span>\u00a0, Daily Mail, 28. kv\u011btna 2024<\/span><\/p>\n<p><span>Nen\u00ed to glob\u00e1ln\u00ed oteplov\u00e1n\u00ed nebo \u201enouzov\u00fd stav\u201c zm\u011bny klimatu, kter\u00fd by mohl v\u00e9st k \u201epotravinov\u00fdm v\u00e1lk\u00e1m\u201c \u2013 je to v\u00e1lka proti farm\u00e1\u0159\u016fm. Pr\u00e1v\u011b \u00fatoky na farm\u00e1\u0159e vedou k nedostatku potravin, potravinov\u00e9 nejistot\u011b a ekonomick\u00e9 nestabilit\u011b.<\/span><\/p>\n<p><span>Ale to nen\u00ed sv\u011bton\u00e1zor Olama Agriho. Na spot\u0159ebitelsk\u00e9 konferenci Redburn Atlantic a Rothschild Verghese nal\u00e9hal na shrom\u00e1\u017ed\u011bn\u00e9 vedouc\u00ed p\u0159edstavitele spot\u0159ebitelsk\u00e9ho pr\u016fmyslu, v\u010detn\u011b \u0161\u00e9f\u016f Coca-Coly a Associated British Foods, aby se \u201eprobudili\u201c a podnikli v\u00edce opat\u0159en\u00ed v oblasti zm\u011bny klimatu. Vl\u00e1dy by m\u011bly zav\u00e9st da\u0148 z uhl\u00edku, tvrdil.<\/span><\/p>\n<p><span>To je pokrytectv\u00ed agendy klimatick\u00e9 krize a je to sebenapl\u0148uj\u00edc\u00ed se proroctv\u00ed. V\u00e9st v\u00e1lku proti farm\u00e1\u0159\u016fm, aby \u201ebojovali proti zm\u011bn\u011b klimatu\u201c a pak obvi\u0148ovat \u201ezm\u011bnu klimatu\u201c z \u201epotravinov\u00fdch v\u00e1lek\u201c je nekone\u010dn\u00fd cyklus \u0159e\u0161en\u00ed probl\u00e9mu-reakce. Je to hegelovsk\u00e1 dialektika manipulace ve\u0159ejn\u00e9ho m\u00edn\u011bn\u00ed a ovl\u00e1d\u00e1n\u00ed spole\u010dnosti vytv\u00e1\u0159en\u00edm probl\u00e9mu, vyvol\u00e1v\u00e1n\u00edm reakce a n\u00e1sledn\u00fdm nab\u00edzen\u00edm p\u0159edem ur\u010den\u00e9ho \u0159e\u0161en\u00ed. \u0158e\u0161en\u00ed, kter\u00e9 slou\u017e\u00ed pouze samozvan\u00fdm elit\u00e1m a jejich c\u00edl\u016fm.<\/span><\/p>\n<p><em>Autor: Rhoda Wilson<\/em><\/p>\n<\/div>\n<\/div>\n<div class=\"elementor-element elementor-element-8c57238 quelle dc-has-condition dc-condition-empty elementor-widget elementor-widget-heading\" data-id=\"8c57238\" data-element_type=\"widget\" data-widget_type=\"heading.default\">\n<div class=\"elementor-widget-container\">\n<h3 class=\"elementor-heading-title elementor-size-default\"><span style=\"font-size: 10pt;\"><a href=\"https:\/\/expose-news.com\/2024\/06\/27\/the-war-on-farmers-will-cause-food-wars\/\" target=\"_blank\" rel=\"nofollow noopener\">ZDROJ<\/a><\/span><\/h3>\n<p>&nbsp;<\/p>\n<\/div>\n<\/div>\n","protected":false},"excerpt":{"rendered":"<p>Podle\u00a0v\u010derej\u0161\u00ed\u00a0zpr\u00e1vy ve\u00a0Financial Times\u00a0Olam Agri, jeden z nejv\u011bt\u0161\u00edch sv\u011btov\u00fdch obchodn\u00edk\u016f se zem\u011bd\u011blsk\u00fdmi komoditami, varoval, \u017ee sv\u011bt&#8230;<\/p>\n","protected":false},"author":2,"featured_media":15076,"comment_status":"closed","ping_status":"closed","sticky":false,"template":"","format":"standard","meta":[],"categories":[7],"tags":[750,276,40],"_links":{"self":[{"href":"https:\/\/www.infokuryr.cz\/n\/wp-json\/wp\/v2\/posts\/56922"}],"collection":[{"href":"https:\/\/www.infokuryr.cz\/n\/wp-json\/wp\/v2\/posts"}],"about":[{"href":"https:\/\/www.infokuryr.cz\/n\/wp-json\/wp\/v2\/types\/post"}],"author":[{"embeddable":true,"href":"https:\/\/www.infokuryr.cz\/n\/wp-json\/wp\/v2\/users\/2"}],"replies":[{"embeddable":true,"href":"https:\/\/www.infokuryr.cz\/n\/wp-json\/wp\/v2\/comments?post=56922"}],"version-history":[{"count":0,"href":"https:\/\/www.infokuryr.cz\/n\/wp-json\/wp\/v2\/posts\/56922\/revisions"}],"wp:featuredmedia":[{"embeddable":true,"href":"https:\/\/www.infokuryr.cz\/n\/wp-json\/wp\/v2\/media\/15076"}],"wp:attachment":[{"href":"https:\/\/www.infokuryr.cz\/n\/wp-json\/wp\/v2\/media?parent=56922"}],"wp:term":[{"taxonomy":"category","embeddable":true,"href":"https:\/\/www.infokuryr.cz\/n\/wp-json\/wp\/v2\/categories?post=56922"},{"taxonomy":"post_tag","embeddable":true,"href":"https:\/\/www.infokuryr.cz\/n\/wp-json\/wp\/v2\/tags?post=56922"}],"curies":[{"name":"wp","href":"https:\/\/api.w.org\/{rel}","templated":true}]}}