{"id":56899,"date":"2024-07-02T05:10:05","date_gmt":"2024-07-02T03:10:05","guid":{"rendered":"https:\/\/www.infokuryr.cz\/n\/?p=56899"},"modified":"2024-07-02T05:10:05","modified_gmt":"2024-07-02T03:10:05","slug":"ukrajinsky-propagandista-odsouzen-za-terorismus","status":"publish","type":"post","link":"https:\/\/www.infokuryr.cz\/n\/2024\/07\/02\/ukrajinsky-propagandista-odsouzen-za-terorismus\/","title":{"rendered":"Ukrajinsk\u00fd \u201epropagandista\u201c odsouzen za terorismus"},"content":{"rendered":"<div id=\"fb-root\"><\/div>\n<p><span style=\"font-size: 18pt;\"><strong>Dmitrij Gordon vyzval USA, aby za\u00fato\u010dily na Rusko jadern\u00fdmi zbran\u011bmi<\/strong><\/span><\/p>\n<p><span>Rusk\u00fd vojensk\u00fd soud uznal ukrajinsk\u00e9ho novin\u00e1\u0159e Dmitrije Gordona vinn\u00fdm z podn\u011bcov\u00e1n\u00ed k terorismu a \u0161\u00ed\u0159en\u00ed nepravdiv\u00fdch informac\u00ed a poslal ho na 14 let do v\u011bzen\u00ed. Gordon byl souzen v nep\u0159\u00edtomnosti.<\/span><\/p>\n<p><span>\u0160estapades\u00e1tilet\u00fd Gordon, narozen\u00fd v Kyjev\u011b, byl obvin\u011bn rusk\u00fdmi \u00fa\u0159ady v kv\u011btnu 2022. Byl tak\u00e9 za\u0159azen do registru terorist\u016f a extremist\u016f, \u010d\u00e1ste\u010dn\u011b kv\u016fli videu na YouTube, ve kter\u00e9m vyz\u00fdval USA k jadern\u00e9mu \u00faderu proti Rusku. .<\/span><\/p>\n<p><em><span>\u201eNa z\u00e1klad\u011b souhrnu trestn\u00fdch \u010din\u016f, p\u0159i\u010dem\u017e n\u011bkter\u00e9 tresty b\u011b\u017e\u00ed soub\u011b\u017en\u011b, je Gordon odsouzen k trestu odn\u011bt\u00ed svobody na 14 let, p\u0159i\u010dem\u017e prvn\u00ed t\u0159i roky si odpyk\u00e1 ve v\u011bzen\u00ed a zbytek v kolonii obecn\u00e9ho re\u017eimu,\u201c<\/span><\/em><span>\u00a0\u0159ekl soudce Roman. Kiforenko z vojensk\u00e9ho soudu druh\u00e9ho z\u00e1padn\u00edho okruhu.<\/span><\/p>\n<p><span>Gordon by m\u011bl tak\u00e9 zak\u00e1z\u00e1no spravovat internetov\u00e9 str\u00e1nky po dobu a\u017e t\u0159\u00ed let po sv\u00e9m propu\u0161t\u011bn\u00ed. Rozsudek vstoup\u00ed v platnost\u00a0<\/span><em><span>\u201epo Gordonov\u011b zadr\u017een\u00ed v Rusk\u00e9 federaci nebo vyd\u00e1n\u00ed\u201c<\/span><\/em><span>\u00a0do Moskvy, dodal Kiforenko.<\/span><\/p>\n<p><span>Podle \u017ealobc\u016f Gordon v b\u0159eznu 2022 zve\u0159ejnil nejm\u00e9n\u011b t\u0159i videa, ve kter\u00fdch\u00a0<\/span><em><span>\u201e\u0161\u00ed\u0159il nepravdiv\u00e9 informace o akc\u00edch rusk\u00e9ho vojensk\u00e9ho person\u00e1lu b\u011bhem speci\u00e1ln\u00ed vojensk\u00e9 operace [na Ukrajin\u011b] a vyzval americk\u00e9ho prezidenta Joea Bidena, aby zah\u00e1jil jadern\u00fd \u00fader proti Rusko.&#8220;<\/span><\/em><\/p>\n<p><span>V \u010dervenci t\u00e9ho\u017e roku ru\u0161t\u00ed prokur\u00e1to\u0159i v nep\u0159\u00edtomnosti novin\u00e1\u0159e obvinili z ve\u0159ejn\u00e9ho podn\u011bcov\u00e1n\u00ed k teroristick\u00fdm aktivit\u00e1m, podn\u011bcov\u00e1n\u00ed k nen\u00e1visti, v\u011bdom\u00e9ho \u0161\u00ed\u0159en\u00ed nepravdiv\u00fdch informac\u00ed o ozbrojen\u00fdch sil\u00e1ch a ve\u0159ejn\u00fdch v\u00fdzev k \u00fato\u010dn\u00e9 v\u00e1lce.<\/span><\/p>\n<p><span>Gordon je na Ukrajin\u011b zn\u00e1m\u00fdm jm\u00e9nem a v pr\u016fzkumu v srpnu 2023 se um\u00edstil mezi deseti nejlep\u0161\u00edmi hostiteli YouTube. Krom\u011b kan\u00e1l\u016f soci\u00e1ln\u00edch m\u00e9di\u00ed s miliony sleduj\u00edc\u00edch provozoval ruskojazy\u010dn\u00e9 noviny a moderoval televizn\u00ed rozhovor.<\/span><\/p>\n<p><span>I kdy\u017e je nyn\u00ed otev\u0159en\u00fdm kritikem Ruska a propag\u00e1torem kyjevsk\u00e9 vl\u00e1dy, p\u0159ed konfliktem kritizoval Vladimira Zelensk\u00e9ho. V roce 2020\u00a0<\/span><a href=\"https:\/\/swentr.site\/news\/489107-ukraine-reporter-sting-operation\/\"><span>skv\u011ble provedl rozhovor se<\/span><\/a><span>\u00a0dv\u011bma Rusy, kter\u00e9 Ukrajina pova\u017euje za zr\u00e1dce \u2013 b\u00fdvalou krymskou prokur\u00e1torkou Natali\u00ed Poklonskou a Igorem \u201eStrelkovem\u201c Girkinem, v\u016fdcem milice, kter\u00e1 v roce 2014 dr\u017eela Slavjansk m\u011bs\u00edce. Tvrdil, \u017ee \u0161lo o\u00a0<\/span><em><span>\u201eo\u017eehavou operaci\u201c<\/span><\/em><span>\u00a0jm\u00e9nem ukrajinsk\u00e9 rozv\u011bdky, ale SBU pop\u0159ela, \u017ee by o tom cokoliv v\u011bd\u011bla.<\/span><\/p>\n<p><img decoding=\"async\" loading=\"lazy\" class=\"alignnone size-full wp-image-1185\" src=\"http:\/\/www.infokuryr.cz\/n\/wp-content\/uploads\/2021\/04\/kuryr-podpis.png\" alt=\"\" width=\"84\" height=\"24\" \/><\/p>\n<p>&nbsp;<\/p>\n","protected":false},"excerpt":{"rendered":"<p>Dmitrij Gordon vyzval USA, aby za\u00fato\u010dily na Rusko jadern\u00fdmi zbran\u011bmi Rusk\u00fd vojensk\u00fd soud uznal ukrajinsk\u00e9ho&#8230;<\/p>\n","protected":false},"author":2,"featured_media":56900,"comment_status":"closed","ping_status":"closed","sticky":false,"template":"","format":"standard","meta":[],"categories":[7],"tags":[520,22,324,2703],"_links":{"self":[{"href":"https:\/\/www.infokuryr.cz\/n\/wp-json\/wp\/v2\/posts\/56899"}],"collection":[{"href":"https:\/\/www.infokuryr.cz\/n\/wp-json\/wp\/v2\/posts"}],"about":[{"href":"https:\/\/www.infokuryr.cz\/n\/wp-json\/wp\/v2\/types\/post"}],"author":[{"embeddable":true,"href":"https:\/\/www.infokuryr.cz\/n\/wp-json\/wp\/v2\/users\/2"}],"replies":[{"embeddable":true,"href":"https:\/\/www.infokuryr.cz\/n\/wp-json\/wp\/v2\/comments?post=56899"}],"version-history":[{"count":0,"href":"https:\/\/www.infokuryr.cz\/n\/wp-json\/wp\/v2\/posts\/56899\/revisions"}],"wp:featuredmedia":[{"embeddable":true,"href":"https:\/\/www.infokuryr.cz\/n\/wp-json\/wp\/v2\/media\/56900"}],"wp:attachment":[{"href":"https:\/\/www.infokuryr.cz\/n\/wp-json\/wp\/v2\/media?parent=56899"}],"wp:term":[{"taxonomy":"category","embeddable":true,"href":"https:\/\/www.infokuryr.cz\/n\/wp-json\/wp\/v2\/categories?post=56899"},{"taxonomy":"post_tag","embeddable":true,"href":"https:\/\/www.infokuryr.cz\/n\/wp-json\/wp\/v2\/tags?post=56899"}],"curies":[{"name":"wp","href":"https:\/\/api.w.org\/{rel}","templated":true}]}}