{"id":56894,"date":"2024-07-02T00:49:42","date_gmt":"2024-07-01T22:49:42","guid":{"rendered":"https:\/\/www.infokuryr.cz\/n\/?p=56894"},"modified":"2024-07-02T04:43:29","modified_gmt":"2024-07-02T02:43:29","slug":"ondrej-prokop-jsme-patrioti-pro-evropu-spolecne-s-viktorem-orbanem-bojujeme-za-nasi-suverenitu","status":"publish","type":"post","link":"https:\/\/www.infokuryr.cz\/n\/2024\/07\/02\/ondrej-prokop-jsme-patrioti-pro-evropu-spolecne-s-viktorem-orbanem-bojujeme-za-nasi-suverenitu\/","title":{"rendered":"Ond\u0159ej Prokop: Jsme Patrioti pro Evropu! Spole\u010dn\u011b s Viktorem Orb\u00e1nem bojujeme za na\u0161i suverenitu"},"content":{"rendered":"<div id=\"fb-root\"><\/div>\n<p>Hnut\u00ed ANO jako jedin\u00e9 po volb\u00e1ch nezapom\u00edn\u00e1 na sv\u00e9 sliby &#8211; spole\u010dn\u011b s Viktorem Orb\u00e1nem jdeme bojovat za suverenitu na\u0161ich n\u00e1rod\u016f! Proti imigraci, sou\u010dasn\u00e9mu a \u0161\u00edlen\u00e9mu Green Dealu i dal\u0161\u00edm nesmysl\u016fm.<\/p>\n<p>\ud83d\udc49 P\u0159edseda Babi\u0161 s ma\u010farsk\u00fdm premi\u00e9rem Viktorem Orb\u00e1nem a p\u0159edsedou rakousk\u00fdch Svobodn\u00fdch zakl\u00e1daj\u00ed novou frakci Patrioti pro Evropu! Dal\u0161\u00ed evropsk\u00e9 strany se cht\u011bj\u00ed p\u0159idat. Spole\u010dn\u00fdmi silami l\u00e9pe prosad\u00edme zdrav\u00fd rozum v Evropsk\u00e9 unii.<\/p>\n<p>\ud83d\udc49 Plechovka plze\u0148sk\u00e9ho piva stoj\u00ed v N\u011bmecku a\u017e o 23 korun m\u00e9n\u011b ne\u017e v \u010cesku. Neuv\u011b\u0159iteln\u00e9, co \u0159\u00edk\u00e1te? Nad\u00e1le zdra\u017euj\u00ed energie, zdra\u017euj\u00ed se poplatky a dal\u0161\u00ed v\u011bci. \u010ce\u0161i pod P\u011btikoalic\u00ed za\u017e\u00edvaj\u00ed velmi nep\u0159\u00edjemn\u00e9 chv\u00edle. U\u017e aby byly volby!<\/p>\n<p>\ud83d\udc49 Zat\u00edmco lidem Fialova vl\u00e1da bere, jak jen m\u016f\u017ee, na sob\u011b rozhodn\u011b ne\u0161et\u0159\u00ed. Za hnut\u00ed ANO pracovalo na \u00da\u0159adu vl\u00e1dy 484 lid\u00ed. Za Fialy jich tam je 550. Jak trefn\u011b popisoval Karel Havl\u00ed\u010dek: \u201eMy jsme toti\u017e nerozd\u00e1vali trafiky a nem\u011bli ministry pro nic.&#8220; A to pr\u00fd, \u017ee budou ze\u0161t\u00edhlovat st\u00e1t a \u0161et\u0159it.<\/p>\n<p>\ud83d\udc49 Skand\u00e1ln\u00ed zji\u0161t\u011bn\u00ed. Ob\u00e1lky se stovkami tis\u00edc K\u010d v \u00faplatc\u00edch nosili p\u0159ed lety p\u0159\u00edmo do kancel\u00e1\u0159e sou\u010dasn\u00e9ho prim\u00e1tora Bohuslava Svobody. Ten pr\u00fd o ni\u010dem nev\u011bd\u011bl. Kam se teda pod\u011bly v\u0161echny korup\u010dn\u00ed pen\u00edze? Pokud s t\u00edm pan prim\u00e1tor nem\u00e1 nic spole\u010dn\u00e9ho, jak je mo\u017en\u00e9, \u017ee si nedok\u00e1\u017ee uhl\u00eddat vlastn\u00ed pracovi\u0161t\u011b? Jak pak m\u00e1 \u0159\u00eddit Prahu?<\/p>\n<p>\ud83d\udc49 Redl, Hlubu\u010dek a spol. byli ob\u017ealov\u00e1ni kv\u016fli korup\u010dn\u00ed kauze Dozimetr. Zaj\u00edmav\u00e9 na\u010dasov\u00e1n\u00ed. A\u017e po dvou letech, po eurovolb\u00e1ch a je\u0161t\u011b za\u010d\u00e1tkem l\u00e9ta, kdy v\u0161ichni odj\u00ed\u017ed\u00ed pry\u010d, se najednou dozv\u00edd\u00e1me, \u017ee b\u00fdval\u00fd \u010dlen STAN p\u016fjde p\u0159ed soud. Nen\u00ed to zdaleka jedin\u00e1 af\u00e9ra Starost\u016f.<\/p>\n<p>\ud83d\udc49 Poda\u0159ilo se n\u00e1m n\u00e1tlakem p\u0159inutit Zde\u0148ka H\u0159iba vr\u00e1tit do strategick\u00e9ho pl\u00e1nu investice do m\u011bstsk\u00e9ho okruhu a radi\u00e1l. V p\u016fvodn\u00edm n\u00e1vrhu to bylo vy\u0161krtl\u00e9. Pozitivn\u00ed zpr\u00e1va pro v\u0161echny \u0159idi\u010de!<\/p>\n<p>To v\u0161e a mnohem v\u00edc se dozv\u00edte v 90. d\u00edlu m\u00e9ho politick\u00e9ho podcastu. D\u011bkuji v\u00e1m p\u0159edem za zhl\u00e9dnut\u00ed a pros\u00edm o dal\u0161\u00ed sd\u00edlen\u00ed, a\u0165 se pravdu dozv\u00ed co nejv\u00edc lid\u00ed! T\u011b\u0161\u00edm se na dotazy i koment\u00e1\u0159e!<\/p>\n<p><iframe loading=\"lazy\" title=\"Jsme Patrioti pro Evropu! Spole\u010dn\u011b s Viktorem Orb\u00e1nem bojujeme za na\u0161i suverenitu. | \u010cau Praho! #90\" width=\"640\" height=\"360\" src=\"https:\/\/www.youtube.com\/embed\/tHiMKOXyXb8?feature=oembed\" frameborder=\"0\" allow=\"accelerometer; autoplay; clipboard-write; encrypted-media; gyroscope; picture-in-picture; web-share\" referrerpolicy=\"strict-origin-when-cross-origin\" allowfullscreen><\/iframe><\/p>\n<p><span style=\"font-size: 14pt;\"><strong>Ing. Ond\u0159ej Prokop, p\u0159edseda hnut\u00ed ANO v Praze<\/strong><\/span><\/p>\n<p><a href=\"https:\/\/stranapro.cz\/\"><img decoding=\"async\" loading=\"lazy\" class=\"wp-image-40286 aligncenter\" src=\"http:\/\/www.infokuryr.cz\/n\/wp-content\/uploads\/2023\/11\/12pro-300x87.png\" alt=\"\" width=\"986\" height=\"286\" srcset=\"https:\/\/www.infokuryr.cz\/n\/wp-content\/uploads\/2023\/11\/12pro-300x87.png 300w, https:\/\/www.infokuryr.cz\/n\/wp-content\/uploads\/2023\/11\/12pro.png 366w\" sizes=\"(max-width: 986px) 100vw, 986px\" \/><\/a><\/p>\n<p>&nbsp;<\/p>\n<p>&nbsp;<\/p>\n","protected":false},"excerpt":{"rendered":"<p>Hnut\u00ed ANO jako jedin\u00e9 po volb\u00e1ch nezapom\u00edn\u00e1 na sv\u00e9 sliby &#8211; spole\u010dn\u011b s Viktorem Orb\u00e1nem&#8230;<\/p>\n","protected":false},"author":2,"featured_media":56895,"comment_status":"closed","ping_status":"closed","sticky":false,"template":"","format":"standard","meta":[],"categories":[6],"tags":[29,6313,122,1775],"_links":{"self":[{"href":"https:\/\/www.infokuryr.cz\/n\/wp-json\/wp\/v2\/posts\/56894"}],"collection":[{"href":"https:\/\/www.infokuryr.cz\/n\/wp-json\/wp\/v2\/posts"}],"about":[{"href":"https:\/\/www.infokuryr.cz\/n\/wp-json\/wp\/v2\/types\/post"}],"author":[{"embeddable":true,"href":"https:\/\/www.infokuryr.cz\/n\/wp-json\/wp\/v2\/users\/2"}],"replies":[{"embeddable":true,"href":"https:\/\/www.infokuryr.cz\/n\/wp-json\/wp\/v2\/comments?post=56894"}],"version-history":[{"count":0,"href":"https:\/\/www.infokuryr.cz\/n\/wp-json\/wp\/v2\/posts\/56894\/revisions"}],"wp:featuredmedia":[{"embeddable":true,"href":"https:\/\/www.infokuryr.cz\/n\/wp-json\/wp\/v2\/media\/56895"}],"wp:attachment":[{"href":"https:\/\/www.infokuryr.cz\/n\/wp-json\/wp\/v2\/media?parent=56894"}],"wp:term":[{"taxonomy":"category","embeddable":true,"href":"https:\/\/www.infokuryr.cz\/n\/wp-json\/wp\/v2\/categories?post=56894"},{"taxonomy":"post_tag","embeddable":true,"href":"https:\/\/www.infokuryr.cz\/n\/wp-json\/wp\/v2\/tags?post=56894"}],"curies":[{"name":"wp","href":"https:\/\/api.w.org\/{rel}","templated":true}]}}