{"id":5687,"date":"2021-10-27T07:25:36","date_gmt":"2021-10-27T05:25:36","guid":{"rendered":"http:\/\/www.infokuryr.cz\/n\/?p=5687"},"modified":"2021-10-27T07:25:36","modified_gmt":"2021-10-27T05:25:36","slug":"ukrajina-pouzila-turecke-drony-na-donbasu","status":"publish","type":"post","link":"https:\/\/www.infokuryr.cz\/n\/2021\/10\/27\/ukrajina-pouzila-turecke-drony-na-donbasu\/","title":{"rendered":"Ukrajina pou\u017eila tureck\u00e9 drony na Donbasu"},"content":{"rendered":"<div id=\"fb-root\"><\/div>\n<p>Ukrajina poprv\u00e9 pou\u017eila v Donbasu tureck\u00e9 bezpilotn\u00ed letouny Bayraktar. Informovala o tom web m\u00edstn\u00edho 5. kan\u00e1lu s odvol\u00e1n\u00edm na dobrovoln\u00edka.<\/p>\n<p>Dnes 26. \u0159\u00edjna 2021 byl z rozkazu vrchn\u00edho velitele ukrajinsk\u00fdch ozbrojen\u00fdch sil gener\u00e1lporu\u010d\u00edka Valerije Zalu\u017en\u00e9ho poprv\u00e9 pou\u017eit pr\u016fzkumn\u00fd bezpilotn\u00ed komplex Bayraktar v oblasti operace spole\u010dn\u00fdch sil.<\/p>\n<p>Rusk\u00fd orientalista Semjon Bagdasarov v koment\u00e1\u0159i k t\u00e9to zpr\u00e1v\u011b uvedl, \u017ee \u201etureck\u00e9 drony jsou p\u0159edzv\u011bst\u00ed probl\u00e9m\u016f\u201c, a pokud budou dovezeny do zem\u011b, znamen\u00e1 to, \u017ee budou pou\u017eity.<\/p>\n<p>\u201eJe to poprv\u00e9, co je Ukrajina pou\u017eila proti civilist\u016fm v Donbasu. Jak drony funguj\u00ed, v\u00edme ze zku\u0161enost\u00ed z v\u00e1lky v Karabachu. Karabach byl testovac\u00edm polem, kde Turecko mohlo demonstrovat p\u0159ednosti bezpilotn\u00edch letoun\u016f,\u201c poznamenal Bagdasarov na sv\u00e9m kan\u00e1lu na Telegramu.<\/p>\n<p>V polovin\u011b \u010dervence obdr\u017eely n\u00e1mo\u0159n\u00ed s\u00edly ukrajinsk\u00fdch ozbrojen\u00fdch sil prvn\u00ed bezpilotn\u00ed letoun Bayraktar TB2 z Turecka. Ukrajinsk\u00fd ministr zahrani\u010d\u00ed Dmytro Kuleba uvedl, \u017ee Kyjev zakoupil od Ankary \u00fato\u010dn\u00e9 drony, aby \u201eodstra\u0161il\u201c Rusko a ochr\u00e1nil sv\u00e9 \u00fazem\u00ed.<\/p>\n<p>V \u0159\u00edjnu vy\u0161lo najevo, \u017ee ministerstvo obrany zem\u011b a tureck\u00e1 spole\u010dnost podepsaly memorandum o v\u00fdstavb\u011b spole\u010dn\u00e9ho centra pro \u00fadr\u017ebu a modernizaci bezpilotn\u00edch letoun\u016f.<\/p>\n<p><strong>Trestn\u00ed \u0159\u00edzen\u00ed kv\u016fli ost\u0159elov\u00e1n\u00ed na Donbasu<\/strong><\/p>\n<p>P\u0159edseda Vy\u0161et\u0159ovac\u00edho v\u00fdboru RF Alexandr Bastrykin vydal pokyn k zah\u00e1jen\u00ed trestn\u00edho \u0159\u00edzen\u00ed kv\u016fli \u010detn\u00e9mu ost\u0159elov\u00e1n\u00ed vesnic v Donbasu, informovaly internetov\u00e9 str\u00e1nky rusk\u00e9ho Vy\u0161et\u0159ovac\u00edho v\u00fdboru.<\/p>\n<p>Podle Vy\u0161et\u0159ovac\u00edho v\u00fdboru m\u00e9dia v \u00fater\u00fd informovala o d\u011blost\u0159eleck\u00e9m ost\u0159elov\u00e1n\u00ed vesnic v Telmanovsk\u00e9m okrese ukrajinsk\u00fdmi voj\u00e1ky, a to \u00fadajn\u011b z d\u011bl r\u00e1\u017ee 122 mm.<\/p>\n<p>\u201eV d\u016fsledku t\u011bchto akc\u00ed byl po\u0161kozen plynovod, trafostanice a dal\u0161\u00ed objekty infrastruktury. Mnoho budov, v\u010detn\u011b \u0161koly a nemocnice, z\u016fstalo bez elekt\u0159iny,\u201c uv\u00e1d\u00ed se ve zpr\u00e1v\u011b.<\/p>\n<p>Vy\u0161et\u0159ovac\u00ed v\u00fdbor tak\u00e9 dodal, \u017ee m\u00e9dia informovala o tom, \u017ee ukrajinsk\u00e9 bezpe\u010dnostn\u00ed s\u00edly obsadily Staromarjevku, \u201ekde \u017eij\u00ed nejen ob\u010dan\u00e9 samozvan\u00e9 Don\u011bck\u00e9 lidov\u00e9 republiky, ale tak\u00e9 ob\u010dan\u00e9 Rusk\u00e9 federace\u201c. Pot\u00e9 ukrajinsk\u00e9 bezpe\u010dnostn\u00ed s\u00edly zah\u00e1jily nez\u00e1konn\u00e9 domovn\u00ed prohl\u00eddky a zadr\u017eov\u00e1n\u00ed ob\u010dan\u016f, uvedl v\u00fdbor.<\/p>\n<p>\u201eP\u0159edseda Vy\u0161et\u0159ovac\u00edho v\u00fdboru RF dal pokyn Hlavn\u00edmu vy\u0161et\u0159ovac\u00edmu \u0159editelstv\u00ed, aby zah\u00e1jilo trestn\u00ed \u0159\u00edzen\u00ed. V r\u00e1mci vy\u0161et\u0159ov\u00e1n\u00ed Vy\u0161et\u0159ovac\u00ed v\u00fdbor provede pr\u00e1vn\u00ed posouzen\u00ed jedn\u00e1n\u00ed voj\u00e1k\u016f, kte\u0159\u00ed vydali a splnili rozkaz k proveden\u00ed \u010detn\u00e9ho ost\u0159elov\u00e1n\u00ed donbask\u00e9 infrastruktury a dal\u0161\u00edch nez\u00e1konn\u00fdch akc\u00ed proti rusk\u00fdm ob\u010dan\u016fm,\u201c uv\u00e1d\u00ed se v prohl\u00e1\u0161en\u00ed.<\/p>\n<p>Dodala, \u017ee d\u016fkazy shrom\u00e1\u017ed\u011bn\u00e9 Vy\u0161et\u0159ovac\u00edm v\u00fdborem RF mohou b\u00fdt pou\u017eity v budouc\u00edch soudn\u00edch procesech t\u00fdkaj\u00edc\u00edch se t\u011bchto trestn\u00fdch \u010din\u016f.<\/p>\n<p><a href=\"https:\/\/cz.sputniknews.com\/20211026\/media-ukrajina-pouzila-turecke-drony-na-donbasu-16304093.html\">ZDROJ<\/a><\/p>\n<p>&nbsp;<\/p>\n","protected":false},"excerpt":{"rendered":"<p>Ukrajina poprv\u00e9 pou\u017eila v Donbasu tureck\u00e9 bezpilotn\u00ed letouny Bayraktar. Informovala o tom web m\u00edstn\u00edho 5&#8230;.<\/p>\n","protected":false},"author":2,"featured_media":5688,"comment_status":"closed","ping_status":"closed","sticky":false,"template":"","format":"standard","meta":[],"categories":[7],"tags":[64,26,40],"_links":{"self":[{"href":"https:\/\/www.infokuryr.cz\/n\/wp-json\/wp\/v2\/posts\/5687"}],"collection":[{"href":"https:\/\/www.infokuryr.cz\/n\/wp-json\/wp\/v2\/posts"}],"about":[{"href":"https:\/\/www.infokuryr.cz\/n\/wp-json\/wp\/v2\/types\/post"}],"author":[{"embeddable":true,"href":"https:\/\/www.infokuryr.cz\/n\/wp-json\/wp\/v2\/users\/2"}],"replies":[{"embeddable":true,"href":"https:\/\/www.infokuryr.cz\/n\/wp-json\/wp\/v2\/comments?post=5687"}],"version-history":[{"count":0,"href":"https:\/\/www.infokuryr.cz\/n\/wp-json\/wp\/v2\/posts\/5687\/revisions"}],"wp:featuredmedia":[{"embeddable":true,"href":"https:\/\/www.infokuryr.cz\/n\/wp-json\/wp\/v2\/media\/5688"}],"wp:attachment":[{"href":"https:\/\/www.infokuryr.cz\/n\/wp-json\/wp\/v2\/media?parent=5687"}],"wp:term":[{"taxonomy":"category","embeddable":true,"href":"https:\/\/www.infokuryr.cz\/n\/wp-json\/wp\/v2\/categories?post=5687"},{"taxonomy":"post_tag","embeddable":true,"href":"https:\/\/www.infokuryr.cz\/n\/wp-json\/wp\/v2\/tags?post=5687"}],"curies":[{"name":"wp","href":"https:\/\/api.w.org\/{rel}","templated":true}]}}