{"id":56851,"date":"2024-07-02T00:35:55","date_gmt":"2024-07-01T22:35:55","guid":{"rendered":"https:\/\/www.infokuryr.cz\/n\/?p=56851"},"modified":"2024-07-01T15:58:29","modified_gmt":"2024-07-01T13:58:29","slug":"pribeh-teroristickych-utoku-hamasu-proti-izraeli-je-cim-dal-bizarnejsi","status":"publish","type":"post","link":"https:\/\/www.infokuryr.cz\/n\/2024\/07\/02\/pribeh-teroristickych-utoku-hamasu-proti-izraeli-je-cim-dal-bizarnejsi\/","title":{"rendered":"P\u0159\u00edb\u011bh teroristick\u00fdch \u00fatok\u016f Hamasu proti Izraeli je \u010d\u00edm d\u00e1l bizarn\u011bj\u0161\u00ed"},"content":{"rendered":"<div id=\"fb-root\"><\/div>\n<p><strong>B\u011bhem teroristick\u00fdch \u00fatok\u016f Hamasu 7. \u0159\u00edjna lo\u0148sk\u00e9ho roku izraelsk\u00e1 arm\u00e1da cel\u00e9 hodiny nic ned\u011blala. Trvalo 4 a\u017e 20 hodin, ne\u017e arm\u00e1da p\u0159i\u0161la na pomoc napaden\u00fdm kibuc\u016fm.<\/strong><\/p>\n<p><span>The New York Times poznamenal, \u017ee tis\u00edce voj\u00e1k\u016f byly pod palbou m\u00e9n\u011b ne\u017e 40 minut od kibuc\u016f.<\/span><\/p>\n<p><span>Kibuc Be&#8217;eri napadl Ham\u00e1s kolem 6:00 m\u00edstn\u00edho \u010dasu. Z\u00e1b\u011bry z arm\u00e1dn\u00edho vrtuln\u00edku ukazuj\u00ed, \u017ee kolem 500 izraelsk\u00fdch voj\u00e1k\u016f dorazilo do kibucu s Humvee a tanky teprve v 16:30, deset hodin po za\u010d\u00e1tku \u00fatoku.<\/span><\/p>\n<p><em><span>Byl 7. \u0159\u00edjna vojensk\u00fd p\u0159\u00edkaz k \u00fastupu?<br \/>\n<\/span><br \/>\n<span>Na kibucu Be&#8217;eri, hudebn\u00edm festivalu Nova a na mnoha dal\u0161\u00edch m\u00edstech \u00fatoku Hamasu na povode\u0148 Al-Aks\u00e1, izraelsk\u00e9 s\u00edly nereagovaly cel\u00e9 hodiny. Pro\u010d?<\/span><\/em><\/p>\n<div class=\"twitter-tweet twitter-tweet-rendered\"><iframe id=\"twitter-widget-0\" class=\"\" title=\"X Post\" src=\"https:\/\/platform.twitter.com\/embed\/Tweet.html?dnt=false&amp;embedId=twitter-widget-0&amp;features=eyJ0ZndfdGltZWxpbmVfbGlzdCI6eyJidWNrZXQiOltdLCJ2ZXJzaW9uIjpudWxsfSwidGZ3X2ZvbGxvd2VyX2NvdW50X3N1bnNldCI6eyJidWNrZXQiOnRydWUsInZlcnNpb24iOm51bGx9LCJ0ZndfdHdlZXRfZWRpdF9iYWNrZW5kIjp7ImJ1Y2tldCI6Im9uIiwidmVyc2lvbiI6bnVsbH0sInRmd19yZWZzcmNfc2Vzc2lvbiI6eyJidWNrZXQiOiJvbiIsInZlcnNpb24iOm51bGx9LCJ0ZndfZm9zbnJfc29mdF9pbnRlcnZlbnRpb25zX2VuYWJsZWQiOnsiYnVja2V0Ijoib24iLCJ2ZXJzaW9uIjpudWxsfSwidGZ3X21peGVkX21lZGlhXzE1ODk3Ijp7ImJ1Y2tldCI6InRyZWF0bWVudCIsInZlcnNpb24iOm51bGx9LCJ0ZndfZXhwZXJpbWVudHNfY29va2llX2V4cGlyYXRpb24iOnsiYnVja2V0IjoxMjA5NjAwLCJ2ZXJzaW9uIjpudWxsfSwidGZ3X3Nob3dfYmlyZHdhdGNoX3Bpdm90c19lbmFibGVkIjp7ImJ1Y2tldCI6Im9uIiwidmVyc2lvbiI6bnVsbH0sInRmd19kdXBsaWNhdGVfc2NyaWJlc190b19zZXR0aW5ncyI6eyJidWNrZXQiOiJvbiIsInZlcnNpb24iOm51bGx9LCJ0ZndfdXNlX3Byb2ZpbGVfaW1hZ2Vfc2hhcGVfZW5hYmxlZCI6eyJidWNrZXQiOiJvbiIsInZlcnNpb24iOm51bGx9LCJ0ZndfdmlkZW9faGxzX2R5bmFtaWNfbWFuaWZlc3RzXzE1MDgyIjp7ImJ1Y2tldCI6InRydWVfYml0cmF0ZSIsInZlcnNpb24iOm51bGx9LCJ0ZndfbGVnYWN5X3RpbWVsaW5lX3N1bnNldCI6eyJidWNrZXQiOnRydWUsInZlcnNpb24iOm51bGx9LCJ0ZndfdHdlZXRfZWRpdF9mcm9udGVuZCI6eyJidWNrZXQiOiJvbiIsInZlcnNpb24iOm51bGx9fQ%3D%3D&amp;frame=false&amp;hideCard=false&amp;hideThread=false&amp;id=1805616780448067653&amp;lang=cs&amp;origin=https%3A%2F%2Funcutnews.ch%2Fdie-geschichte-der-terroranschlaege-der-hamas-gegen-israel-wird-immer-bizarrer%2F&amp;sessionId=79713a77bec17225951ba84e4b6004476c29785a&amp;theme=light&amp;widgetsVersion=2615f7e52b7e0%3A1702314776716&amp;width=550px\" frameborder=\"0\" scrolling=\"no\" allowfullscreen=\"allowfullscreen\" data-tweet-id=\"1805616780448067653\" data-mce-fragment=\"1\"><\/iframe><\/div>\n<p><span>Ale st\u00e1v\u00e1 se to je\u0161t\u011b zvl\u00e1\u0161tn\u011bj\u0161\u00ed. Prvn\u00ed z\u00e1chrann\u00e1 operace v Be&#8217;eri za\u010dala a\u017e v 19 hodin, 13 hodin po za\u010d\u00e1tku \u00fatoku.<\/span><\/p>\n<p><span>Obyvatel Be&#8217;eri, kter\u00fd \u00fatok p\u0159e\u017eil, \u0159ekl den\u00edku Haaretz: \u201eU vchodu bylo 500 voj\u00e1k\u016f s vybaven\u00edm a vozidly. K\u0159i\u010del jsem na n\u011b: \u201eJsme zab\u00edjeni, zachra\u0148te n\u00e1s\u201c. A nikdo nic ne\u0159ekl.<\/span><\/p>\n<p><span>Podivn\u00e9 v\u011bci se d\u011bly i na hudebn\u00edm festivalu Nova, kter\u00fd napadl Ham\u00e1s. Haaretz uvedl, \u017ee organiz\u00e1to\u0159i festivalu zavolali v 7 hodin r\u00e1no podplukovn\u00edkovi Eladu Zandanimu, kter\u00fd dal festivalu zelenou, a ozn\u00e1mili, \u017ee terorist\u00e9 st\u0159\u00edlej\u00ed na n\u00e1v\u0161t\u011bvn\u00edky ve\u010d\u00edrk\u016f. Museli se zachr\u00e1nit. V 15 hodin, tedy osm hodin po zavol\u00e1n\u00ed, dorazili na festival prvn\u00ed voj\u00e1ci. A to i p\u0159esto, \u017ee divize Gazy byla od festivalu vzd\u00e1lena jen p\u00e1r kilometr\u016f.<\/span><\/p>\n<p><span>Ale v\u011bci se staly je\u0161t\u011b podivn\u011bj\u0161\u00edmi. \u010cty\u0159i hodiny po zah\u00e1jen\u00ed \u00fatok\u016f, v 10:30, za\u010dal Izrael bombardovat c\u00edle v Gaze. Jen se nad t\u00edm zamyslete: Pokud Izrael mohl zah\u00e1jit ofenz\u00edvu do 4 hodin, pro\u010d trvalo 6 hodin, ve v\u011bt\u0161in\u011b p\u0159\u00edpad\u016f v\u00edce ne\u017e 10 hodin a v n\u011bkter\u00fdch p\u0159\u00edpadech 20 hodin, ne\u017e zmobilizoval dom\u00e1c\u00ed jednotky a odrazil \u00fatoky?<\/span><\/p>\n<p><span>Izraelsk\u00fd z\u00e1lo\u017en\u00edk se rozhodl vydat na jih s\u00e1m se skupinou ve 13:30, aby pomohl lidem. Na cest\u011b o\u010dek\u00e1val mnoho voj\u00e1k\u016f a obrn\u011bn\u00fdch vozidel, ale ulice byly lidupr\u00e1zdn\u00e9. Zeptal se dal\u0161\u00edho z\u00e1lo\u017en\u00edka: \u201eKde je izraelsk\u00e1 arm\u00e1da?<\/span><\/p>\n<p><span>Izraelci by nem\u011bli zpochyb\u0148ovat ofici\u00e1ln\u00ed verzi \u00fatok\u016f ze 7. \u0159\u00edjna. Lidem, kte\u0159\u00ed napadnou vl\u00e1dn\u00ed narativ, hroz\u00ed trest odn\u011bt\u00ed svobody a\u017e na p\u011bt let. &#8222;Pro\u010d to d\u011blaj\u00ed?&#8220; pt\u00e1 se investigativn\u00ed novin\u00e1\u0159 Ben Swann.<\/span><\/p>\n<p><img decoding=\"async\" loading=\"lazy\" class=\"alignnone size-full wp-image-1185\" src=\"http:\/\/www.infokuryr.cz\/n\/wp-content\/uploads\/2021\/04\/kuryr-podpis.png\" alt=\"\" width=\"84\" height=\"24\" \/><\/p>\n<p>&nbsp;<\/p>\n","protected":false},"excerpt":{"rendered":"<p>B\u011bhem teroristick\u00fdch \u00fatok\u016f Hamasu 7. \u0159\u00edjna lo\u0148sk\u00e9ho roku izraelsk\u00e1 arm\u00e1da cel\u00e9 hodiny nic ned\u011blala. Trvalo&#8230;<\/p>\n","protected":false},"author":2,"featured_media":37895,"comment_status":"closed","ping_status":"closed","sticky":false,"template":"","format":"standard","meta":[],"categories":[7],"tags":[107,7530,2703],"_links":{"self":[{"href":"https:\/\/www.infokuryr.cz\/n\/wp-json\/wp\/v2\/posts\/56851"}],"collection":[{"href":"https:\/\/www.infokuryr.cz\/n\/wp-json\/wp\/v2\/posts"}],"about":[{"href":"https:\/\/www.infokuryr.cz\/n\/wp-json\/wp\/v2\/types\/post"}],"author":[{"embeddable":true,"href":"https:\/\/www.infokuryr.cz\/n\/wp-json\/wp\/v2\/users\/2"}],"replies":[{"embeddable":true,"href":"https:\/\/www.infokuryr.cz\/n\/wp-json\/wp\/v2\/comments?post=56851"}],"version-history":[{"count":0,"href":"https:\/\/www.infokuryr.cz\/n\/wp-json\/wp\/v2\/posts\/56851\/revisions"}],"wp:featuredmedia":[{"embeddable":true,"href":"https:\/\/www.infokuryr.cz\/n\/wp-json\/wp\/v2\/media\/37895"}],"wp:attachment":[{"href":"https:\/\/www.infokuryr.cz\/n\/wp-json\/wp\/v2\/media?parent=56851"}],"wp:term":[{"taxonomy":"category","embeddable":true,"href":"https:\/\/www.infokuryr.cz\/n\/wp-json\/wp\/v2\/categories?post=56851"},{"taxonomy":"post_tag","embeddable":true,"href":"https:\/\/www.infokuryr.cz\/n\/wp-json\/wp\/v2\/tags?post=56851"}],"curies":[{"name":"wp","href":"https:\/\/api.w.org\/{rel}","templated":true}]}}