{"id":56848,"date":"2024-07-02T00:33:46","date_gmt":"2024-07-01T22:33:46","guid":{"rendered":"https:\/\/www.infokuryr.cz\/n\/?p=56848"},"modified":"2024-07-01T15:52:35","modified_gmt":"2024-07-01T13:52:35","slug":"status-charlie-aktivovana-na-vsech-americkych-vojenskych-zakladnach-v-evrope","status":"publish","type":"post","link":"https:\/\/www.infokuryr.cz\/n\/2024\/07\/02\/status-charlie-aktivovana-na-vsech-americkych-vojenskych-zakladnach-v-evrope\/","title":{"rendered":"Status \u201eCharlie\u201c aktivov\u00e1na na v\u0161ech americk\u00fdch vojensk\u00fdch z\u00e1kladn\u00e1ch v Evrop\u011b"},"content":{"rendered":"<div id=\"fb-root\"><\/div>\n<div class=\"elementor-element elementor-element-1fb4c2c elementor-widget elementor-widget-theme-post-content\" data-id=\"1fb4c2c\" data-element_type=\"widget\" data-widget_type=\"theme-post-content.default\">\n<div class=\"elementor-widget-container\">\n<p><span style=\"font-size: 18pt;\"><strong>Strach z \u00fatok\u016f z Ruska nebo \u00cdr\u00e1nu kv\u016fli Bl\u00edzk\u00e9mu v\u00fdchodu?<\/strong><\/span><\/p>\n<p><span>Americk\u00fdm vojensk\u00fdm z\u00e1kladn\u00e1m v Evrop\u011b byl p\u0159id\u011blen status \u201eCharlie\u201c kv\u016fli informac\u00edm o chystan\u00e9m \u00fatoku. To m\u016f\u017ee m\u00edt r\u016fzn\u00e9 podoby.<\/span><br \/>\n<span>V \u00fast\u0159ed\u00ed americk\u00e9ho evropsk\u00e9ho velitelstv\u00ed ve Stuttgartu vydala garda arm\u00e1dy v ned\u011bli\u00a0<\/span><a href=\"https:\/\/www.stripes.com\/theaters\/europe\/2024-06-30\/us-military-bases-germany-terrorism-threat-14342506.html\" target=\"_blank\" rel=\"noreferrer noopener\" data-type=\"link\" data-id=\"https:\/\/www.stripes.com\/theaters\/europe\/2024-06-30\/us-military-bases-germany-terrorism-threat-14342506.html\"><span>varov\u00e1n\u00ed cel\u00e9 komunit\u011b<\/span><\/a><span>\u00a0, \u017ee \u00farove\u0148 ohro\u017een\u00ed byla a\u017e do odvol\u00e1n\u00ed zv\u00fd\u0161ena na \u201eCharlie\u201c.<\/span><\/p>\n<p><span>Podobn\u00e9 instrukce byly zasl\u00e1ny na dal\u0161\u00ed z\u00e1kladny v N\u011bmecku, v\u010detn\u011b leteck\u00fdch z\u00e1kladen Por\u00fdn\u00ed-Falc a Ramstein, kter\u00e9 dohromady tvo\u0159\u00ed nejv\u011bt\u0161\u00ed americkou vojenskou komunitu v z\u00e1mo\u0159\u00ed.<br \/>\n<\/span><br \/>\n<span>Pos\u00e1dka Por\u00fdn\u00ed-Falc zahrnuje z\u00e1kladnu Baumholder a vzd\u00e1len\u00e1 za\u0159\u00edzen\u00ed v Rumunsku a Bulharsku.<\/span><\/p>\n<p><span>Leteck\u00e1 z\u00e1kladna Aviano v It\u00e1lii byla tak\u00e9 um\u00edst\u011bna na Charlie Alert a dal\u0161\u00ed za\u0159\u00edzen\u00ed v It\u00e1lii rovn\u011b\u017e zavedla zv\u00fd\u0161en\u00e1 bezpe\u010dnostn\u00ed opat\u0159en\u00ed.<\/span><\/p>\n<div class=\"twitter-tweet twitter-tweet-rendered\"><iframe id=\"twitter-widget-0\" class=\"\" title=\"X p\u0159\u00edsp\u011bvek\" src=\"https:\/\/platform.twitter.com\/embed\/Tweet.html?dnt=false&amp;embedId=twitter-widget-0&amp;features=eyJ0ZndfdGltZWxpbmVfbGlzdCI6eyJidWNrZXQiOltdLCJ2ZXJzaW9uIjpudWxsfSwidGZ3X2ZvbGxvd2VyX2NvdW50X3N1bnNldCI6eyJidWNrZXQiOnRydWUsInZlcnNpb24iOm51bGx9LCJ0ZndfdHdlZXRfZWRpdF9iYWNrZW5kIjp7ImJ1Y2tldCI6Im9uIiwidmVyc2lvbiI6bnVsbH0sInRmd19yZWZzcmNfc2Vzc2lvbiI6eyJidWNrZXQiOiJvbiIsInZlcnNpb24iOm51bGx9LCJ0ZndfZm9zbnJfc29mdF9pbnRlcnZlbnRpb25zX2VuYWJsZWQiOnsiYnVja2V0Ijoib24iLCJ2ZXJzaW9uIjpudWxsfSwidGZ3X21peGVkX21lZGlhXzE1ODk3Ijp7ImJ1Y2tldCI6InRyZWF0bWVudCIsInZlcnNpb24iOm51bGx9LCJ0ZndfZXhwZXJpbWVudHNfY29va2llX2V4cGlyYXRpb24iOnsiYnVja2V0IjoxMjA5NjAwLCJ2ZXJzaW9uIjpudWxsfSwidGZ3X3Nob3dfYmlyZHdhdGNoX3Bpdm90c19lbmFibGVkIjp7ImJ1Y2tldCI6Im9uIiwidmVyc2lvbiI6bnVsbH0sInRmd19kdXBsaWNhdGVfc2NyaWJlc190b19zZXR0aW5ncyI6eyJidWNrZXQiOiJvbiIsInZlcnNpb24iOm51bGx9LCJ0ZndfdXNlX3Byb2ZpbGVfaW1hZ2Vfc2hhcGVfZW5hYmxlZCI6eyJidWNrZXQiOiJvbiIsInZlcnNpb24iOm51bGx9LCJ0ZndfdmlkZW9faGxzX2R5bmFtaWNfbWFuaWZlc3RzXzE1MDgyIjp7ImJ1Y2tldCI6InRydWVfYml0cmF0ZSIsInZlcnNpb24iOm51bGx9LCJ0ZndfbGVnYWN5X3RpbWVsaW5lX3N1bnNldCI6eyJidWNrZXQiOnRydWUsInZlcnNpb24iOm51bGx9LCJ0ZndfdHdlZXRfZWRpdF9mcm9udGVuZCI6eyJidWNrZXQiOiJvbiIsInZlcnNpb24iOm51bGx9fQ%3D%3D&amp;frame=false&amp;hideCard=false&amp;hideThread=false&amp;id=1807418698329702652&amp;lang=de&amp;origin=https%3A%2F%2Funcutnews.ch%2Fcharlie-lage-auf-allen-us-militaerstuetzpunkten-in-europa-aktiviert%2F&amp;sessionId=2b2a74617b861d1b31583c3ef92344a1c61c2938&amp;theme=light&amp;widgetsVersion=2615f7e52b7e0%3A1702314776716&amp;width=550px\" frameborder=\"0\" scrolling=\"no\" allowfullscreen=\"allowfullscreen\" data-tweet-id=\"1807418698329702652\" data-mce-fragment=\"1\"><\/iframe><\/div>\n<p><span style=\"font-size: 18pt;\"><strong>Riziko \u00fatoku na za\u0159\u00edzen\u00ed nebo person\u00e1l<\/strong><\/span><\/p>\n<p><span>\u00darove\u0148 zabezpe\u010den\u00ed Charlie \u201eplat\u00ed, kdy\u017e dojde k incidentu nebo existuj\u00ed informace nazna\u010duj\u00edc\u00ed teroristick\u00fd \u010din nebo \u00fatok na person\u00e1l nebo za\u0159\u00edzen\u00ed,\u201c uv\u00e1d\u00ed se na arm\u00e1dn\u00edm webu.<\/span><\/p>\n<p><span>P\u0159\u00edslu\u0161n\u00edci ozbrojen\u00fdch sil a dal\u0161\u00ed by m\u011bli po\u010d\u00edtat s v\u00fdrazn\u00fdm zpo\u017ed\u011bn\u00edm vstupu kv\u016fli zv\u00fd\u0161en\u00fdm bezpe\u010dnostn\u00edm opat\u0159en\u00edm, p\u00ed\u0161e se ve varov\u00e1n\u00ed. Pos\u00e1dka americk\u00e9 arm\u00e1dy ve Stuttgartu p\u0159edala dotazy ohledn\u011b situace EUCOM (evropsk\u00e9 velitelstv\u00ed).<\/span><\/p>\n<p><span>EUCOM v ned\u011bln\u00edm prohl\u00e1\u0161en\u00ed uvedl, \u017ee \u201eneust\u00e1le vyhodnocuje r\u016fzn\u00e9 faktory, kter\u00e9 ovliv\u0148uj\u00ed bezpe\u010dnost americk\u00e9 vojensk\u00e9 komunity v z\u00e1mo\u0159\u00ed. V r\u00e1mci t\u011bchto snah \u010dasto p\u0159ij\u00edm\u00e1me dal\u0161\u00ed opat\u0159en\u00ed k zaji\u0161t\u011bn\u00ed bezpe\u010dnosti \u010dlen\u016f na\u0161ich slu\u017eeb.\u201c<\/span><\/p>\n<p><span>Vojensk\u00fd person\u00e1l by m\u011bl nahl\u00e1sit podez\u0159elou aktivitu, \u0159\u00eddit se cestovn\u00edmi radami ministerstva zahrani\u010d\u00ed a p\u0159ijmout opat\u0159en\u00ed k minimalizaci osobn\u00edho rizika, uvedla agentura. Norm\u00e1ln\u011b vojensk\u00e9 instrukce nezmi\u0148uj\u00ed zm\u011bny ochrann\u00fdch opat\u0159en\u00ed z bezpe\u010dnostn\u00edch d\u016fvod\u016f.<\/span><\/p>\n<p><span>V sobotu vydala leteck\u00e1 z\u00e1kladna Spangdahlem, za\u0159\u00edzen\u00ed na venkov\u011b v z\u00e1padn\u00edm N\u011bmecku, vlastn\u00ed ozn\u00e1men\u00ed, \u017ee piloti z 52. st\u00edhac\u00edho k\u0159\u00eddla ji\u017e nesm\u011bj\u00ed nosit sv\u00e9 uniformy mimo z\u00e1kladnu a mus\u00ed nosit civiln\u00ed oble\u010den\u00ed.<\/span><br \/>\n<span>P\u0159edstavitel\u00e9 leteck\u00e9 z\u00e1kladny Spangdahlem v sobotu uvedli, \u017ee byla p\u0159ijata opat\u0159en\u00ed na ochranu komunity, ale z\u00e1kladna nem\u016f\u017ee poskytnout dal\u0161\u00ed podrobnosti z &#8222;provozn\u00edch bezpe\u010dnostn\u00edch d\u016fvod\u016f&#8220;.<\/span><\/p>\n<p><span>\u201eMnoho dal\u0161\u00edch agentur bude m\u00edt zna\u010dn\u00fd po\u010det zam\u011bstnanc\u016f, kte\u0159\u00ed budou pracovat z domova nebo otev\u00edrat kancel\u00e1\u0159e se sn\u00ed\u017een\u00fdm po\u010dtem zam\u011bstnanc\u016f. &#8222;Z\u00e1kazn\u00edci mus\u00ed z\u016fstat flexibiln\u00ed a akceptovat del\u0161\u00ed servisn\u00ed doby ne\u017e obvykle,&#8220; uvedl str\u00e1\u017ece v prohl\u00e1\u0161en\u00ed.<\/span><\/p>\n<p><span style=\"font-size: 18pt;\"><strong>Jak\u00e9 existuj\u00ed \u00farovn\u011b zabezpe\u010den\u00ed?<\/strong><\/span><\/p>\n<p><span>Bezpe\u010dnostn\u00ed \u00farovn\u011b americk\u00e9 arm\u00e1dy jsou Norm\u00e1ln\u00ed, Alpha, Bravo, Charlie a Delta, co\u017e je nejvy\u0161\u0161\u00ed \u00farove\u0148 pohotovosti.<\/span><\/p>\n<p><span>Bravo bylo pou\u017e\u00edv\u00e1no mnoho let po \u00fatoc\u00edch z 11. z\u00e1\u0159\u00ed 2001.<\/span><br \/>\n<span>Level Charlie podle arm\u00e1dy spou\u0161t\u00ed \u201epl\u00e1ny zadr\u017eov\u00e1n\u00ed pro nepot\u0159ebn\u00fd person\u00e1l\u201c.<\/span><br \/>\n<span>\u00da\u0159edn\u00edci stuttgartsk\u00e9 str\u00e1\u017ee uvedli, \u017ee \u0159ada slu\u017eeb bude nedostupn\u00e1 kv\u016fli zv\u00fd\u0161en\u00e9 \u00farovni ohro\u017een\u00ed.<\/span><\/p>\n<p><span>\u201eMnoho dal\u0161\u00edch odd\u011blen\u00ed bude m\u00edt zna\u010dn\u00fd po\u010det zam\u011bstnanc\u016f pracuj\u00edc\u00edch z domova nebo otev\u0159ou kancel\u00e1\u0159e se sn\u00ed\u017een\u00fdm po\u010dtem zam\u011bstnanc\u016f. Z\u00e1kazn\u00edci by m\u011bli b\u00fdt flexibiln\u00ed a pl\u00e1novat del\u0161\u00ed otev\u00edrac\u00ed dobu ne\u017e obvykle,\u201c stoj\u00ed v prohl\u00e1\u0161en\u00ed.<\/span><\/p>\n<p><span>Ameri\u010dt\u00ed p\u0159edstavitel\u00e9 v posledn\u00edch t\u00fddnech upozornili na zv\u00fd\u0161enou hrozbu terorismu po \u00fatoku Ham\u00e1su 7. \u0159\u00edjna na Izrael a pokra\u010duj\u00edc\u00ed v\u00e1lce v Gaze.<\/span><\/p>\n<p><span>&#8222;Vid\u011bli jsme, \u017ee zahrani\u010dn\u00ed teroristick\u00e1 hrozba po 7. \u0159\u00edjnu vzrostla na zcela jinou \u00farove\u0148,&#8220; uvedl \u0159editel FBI Christopher Ray v p\u00edsemn\u00e9m prohl\u00e1\u0161en\u00ed Sen\u00e1tu 4. \u010dervna.<\/span><\/p>\n<p><span style=\"font-size: 18pt;\"><strong>\u00datok z Ruska nebo \u00cdr\u00e1nu? Chamene\u00edho hrozby<\/strong><\/span><\/p>\n<p><span>Je t\u0159eba p\u0159ipomenout, \u017ee Warnews 24\/7 jako prvn\u00ed informovaly o rusk\u00e9 hrozb\u011b z\u00e1padn\u00edch podmo\u0159sk\u00fdch komunikac\u00ed v Severn\u00edm mo\u0159i.<\/span><\/p>\n<p><span>Publikace uv\u00e1d\u00ed: \u201eNATO se ob\u00e1v\u00e1, \u017ee Rusko podminovalo kritickou n\u00e1mo\u0159n\u00ed infrastrukturu, p\u0159inejmen\u0161\u00edm v Severn\u00edm mo\u0159i. P\u0159ed n\u011bkolika dny ru\u0161t\u00ed analytici vyzvali ruskou arm\u00e1du, aby \u201eroz\u0159ezala Evropu a Spojen\u00e9 st\u00e1ty nap\u016fl \u00fatokem na podmo\u0159sk\u00e9 kabely\u201c.<\/span><\/p>\n<p><span>Nejvy\u0161\u0161\u00ed \u00edr\u00e1nsk\u00fd n\u00e1bo\u017eensk\u00fd v\u016fdce Al\u00ed Chamene\u00ed ned\u00e1vno komentoval X (d\u0159\u00edve Twitter):<\/span><\/p>\n<p><span>\u201eUSA maj\u00ed z\u00e1kladny po cel\u00e9m sv\u011bt\u011b. V takov\u00e9 situaci ka\u017ed\u00e9 hnut\u00ed, jak\u00e1koli akce, jak\u00e1koli revoluce, kter\u00e1 se zab\u00fdv\u00e1 pouze vlastn\u00edm n\u00e1rodn\u00edm prost\u0159ed\u00edm a zanedb\u00e1v\u00e1 mezin\u00e1rodn\u00ed v\u00fdvoj, jist\u011b utrp\u00ed r\u00e1nu.\u201c<\/span><\/p>\n<div class=\"twitter-tweet twitter-tweet-rendered\"><iframe id=\"twitter-widget-1\" class=\"\" title=\"X p\u0159\u00edsp\u011bvek\" src=\"https:\/\/platform.twitter.com\/embed\/Tweet.html?dnt=false&amp;embedId=twitter-widget-1&amp;features=eyJ0ZndfdGltZWxpbmVfbGlzdCI6eyJidWNrZXQiOltdLCJ2ZXJzaW9uIjpudWxsfSwidGZ3X2ZvbGxvd2VyX2NvdW50X3N1bnNldCI6eyJidWNrZXQiOnRydWUsInZlcnNpb24iOm51bGx9LCJ0ZndfdHdlZXRfZWRpdF9iYWNrZW5kIjp7ImJ1Y2tldCI6Im9uIiwidmVyc2lvbiI6bnVsbH0sInRmd19yZWZzcmNfc2Vzc2lvbiI6eyJidWNrZXQiOiJvbiIsInZlcnNpb24iOm51bGx9LCJ0ZndfZm9zbnJfc29mdF9pbnRlcnZlbnRpb25zX2VuYWJsZWQiOnsiYnVja2V0Ijoib24iLCJ2ZXJzaW9uIjpudWxsfSwidGZ3X21peGVkX21lZGlhXzE1ODk3Ijp7ImJ1Y2tldCI6InRyZWF0bWVudCIsInZlcnNpb24iOm51bGx9LCJ0ZndfZXhwZXJpbWVudHNfY29va2llX2V4cGlyYXRpb24iOnsiYnVja2V0IjoxMjA5NjAwLCJ2ZXJzaW9uIjpudWxsfSwidGZ3X3Nob3dfYmlyZHdhdGNoX3Bpdm90c19lbmFibGVkIjp7ImJ1Y2tldCI6Im9uIiwidmVyc2lvbiI6bnVsbH0sInRmd19kdXBsaWNhdGVfc2NyaWJlc190b19zZXR0aW5ncyI6eyJidWNrZXQiOiJvbiIsInZlcnNpb24iOm51bGx9LCJ0ZndfdXNlX3Byb2ZpbGVfaW1hZ2Vfc2hhcGVfZW5hYmxlZCI6eyJidWNrZXQiOiJvbiIsInZlcnNpb24iOm51bGx9LCJ0ZndfdmlkZW9faGxzX2R5bmFtaWNfbWFuaWZlc3RzXzE1MDgyIjp7ImJ1Y2tldCI6InRydWVfYml0cmF0ZSIsInZlcnNpb24iOm51bGx9LCJ0ZndfbGVnYWN5X3RpbWVsaW5lX3N1bnNldCI6eyJidWNrZXQiOnRydWUsInZlcnNpb24iOm51bGx9LCJ0ZndfdHdlZXRfZWRpdF9mcm9udGVuZCI6eyJidWNrZXQiOiJvbiIsInZlcnNpb24iOm51bGx9fQ%3D%3D&amp;frame=false&amp;hideCard=false&amp;hideThread=false&amp;id=1807057463071453690&amp;lang=de&amp;origin=https%3A%2F%2Funcutnews.ch%2Fcharlie-lage-auf-allen-us-militaerstuetzpunkten-in-europa-aktiviert%2F&amp;sessionId=2b2a74617b861d1b31583c3ef92344a1c61c2938&amp;theme=light&amp;widgetsVersion=2615f7e52b7e0%3A1702314776716&amp;width=550px\" frameborder=\"0\" scrolling=\"no\" allowfullscreen=\"allowfullscreen\" data-tweet-id=\"1807057463071453690\" data-mce-fragment=\"1\"><\/iframe><\/div>\n<p><span>Je velmi obt\u00ed\u017en\u00e9 posoudit, odkud hrozby poch\u00e1zej\u00ed, proto\u017ee USA prost\u0159ednictv\u00edm sv\u00e9 diplomatick\u00e9 pozice vytvo\u0159ily fronty sest\u00e1vaj\u00edc\u00ed ze zem\u00ed jako Rusko, \u00cdr\u00e1n a \u010c\u00edna. Tato osa se v sou\u010dasnosti \u0159\u00edd\u00ed \u201eprotiamerickou\u201c doktr\u00ednou, co\u017e znamen\u00e1, \u017ee d\u011bl\u00e1 p\u0159esn\u00fd opak toho, co d\u011blaj\u00ed USA, proto\u017ee v\u011b\u0159\u00ed, \u017ee to nejl\u00e9pe slou\u017e\u00ed jejich n\u00e1rodn\u00edm a nadn\u00e1rodn\u00edm z\u00e1jm\u016fm.<\/span><\/p>\n<p><span>V ka\u017ed\u00e9m jin\u00e9m p\u0159\u00edpad\u011b, jako v letech p\u0159ed v\u00e1lkou na Ukrajin\u011b, by Rusko sp\u00ed\u0161e podniklo kroky k uklidn\u011bn\u00ed situace na Bl\u00edzk\u00e9m v\u00fdchod\u011b, ne\u017e aby bylo vlivn\u00fdm prost\u0159edn\u00edkem v \u00cdr\u00e1nu.<\/span><\/p>\n<p><span>Nyn\u00ed jednodu\u0161e \u0159\u00edk\u00e1: \u201ePokud si USA zvol\u00ed Izrael, budeme podporovat \u00cdr\u00e1n a jeho vojensk\u00e9 z\u00e1stupce v regionu. Tento diplomatick\u00fd v\u00edr p\u0159ed\u010d\u00ed co do rozsahu a vedlej\u0161\u00edch \u0161kod i temn\u00e9 \u010dasy prezidenta Bushe mlad\u0161\u00edho a jeho v\u00e1lky proti terorismu.<\/span><\/p>\n<\/div>\n<\/div>\n<div class=\"elementor-element elementor-element-8c57238 quelle dc-has-condition dc-condition-empty elementor-widget elementor-widget-heading\" data-id=\"8c57238\" data-element_type=\"widget\" data-widget_type=\"heading.default\">\n<div class=\"elementor-widget-container\">\n<h3 class=\"elementor-heading-title elementor-size-default\"><span style=\"font-size: 10pt;\"><a href=\"https:\/\/warnews247.gr\/diethnh\/hpa\/katastash-charlie-se-oles-tis-stratiwtikes-baseis-twn-hpa-sthn-eurwph-sunagermos-epikeimenhs-epitheshs\/\" target=\"_blank\" rel=\"nofollow noopener\">ZDROJ<\/a><\/span><\/h3>\n<p>&nbsp;<\/p>\n<\/div>\n<\/div>\n","protected":false},"excerpt":{"rendered":"<p>Strach z \u00fatok\u016f z Ruska nebo \u00cdr\u00e1nu kv\u016fli Bl\u00edzk\u00e9mu v\u00fdchodu? Americk\u00fdm vojensk\u00fdm z\u00e1kladn\u00e1m v Evrop\u011b&#8230;<\/p>\n","protected":false},"author":2,"featured_media":18872,"comment_status":"closed","ping_status":"closed","sticky":false,"template":"","format":"standard","meta":[],"categories":[7],"tags":[7529,1964,37],"_links":{"self":[{"href":"https:\/\/www.infokuryr.cz\/n\/wp-json\/wp\/v2\/posts\/56848"}],"collection":[{"href":"https:\/\/www.infokuryr.cz\/n\/wp-json\/wp\/v2\/posts"}],"about":[{"href":"https:\/\/www.infokuryr.cz\/n\/wp-json\/wp\/v2\/types\/post"}],"author":[{"embeddable":true,"href":"https:\/\/www.infokuryr.cz\/n\/wp-json\/wp\/v2\/users\/2"}],"replies":[{"embeddable":true,"href":"https:\/\/www.infokuryr.cz\/n\/wp-json\/wp\/v2\/comments?post=56848"}],"version-history":[{"count":0,"href":"https:\/\/www.infokuryr.cz\/n\/wp-json\/wp\/v2\/posts\/56848\/revisions"}],"wp:featuredmedia":[{"embeddable":true,"href":"https:\/\/www.infokuryr.cz\/n\/wp-json\/wp\/v2\/media\/18872"}],"wp:attachment":[{"href":"https:\/\/www.infokuryr.cz\/n\/wp-json\/wp\/v2\/media?parent=56848"}],"wp:term":[{"taxonomy":"category","embeddable":true,"href":"https:\/\/www.infokuryr.cz\/n\/wp-json\/wp\/v2\/categories?post=56848"},{"taxonomy":"post_tag","embeddable":true,"href":"https:\/\/www.infokuryr.cz\/n\/wp-json\/wp\/v2\/tags?post=56848"}],"curies":[{"name":"wp","href":"https:\/\/api.w.org\/{rel}","templated":true}]}}