{"id":56793,"date":"2024-07-01T00:42:28","date_gmt":"2024-06-30T22:42:28","guid":{"rendered":"https:\/\/www.infokuryr.cz\/n\/?p=56793"},"modified":"2024-06-30T15:21:01","modified_gmt":"2024-06-30T13:21:01","slug":"fatalni-debata-proc-mohou-spojene-staty-skoncit-v-nove-obcanske-valce","status":"publish","type":"post","link":"https:\/\/www.infokuryr.cz\/n\/2024\/07\/01\/fatalni-debata-proc-mohou-spojene-staty-skoncit-v-nove-obcanske-valce\/","title":{"rendered":"Fat\u00e1ln\u00ed debata: pro\u010d mohou Spojen\u00e9 st\u00e1ty skon\u010dit v nov\u00e9 ob\u010dansk\u00e9 v\u00e1lce"},"content":{"rendered":"<div id=\"fb-root\"><\/div>\n<p><span>Pot\u00e9, co onehdy prob\u011bhla prvn\u00ed ve\u0159ejn\u00e1 debata americk\u00fdch prezidentsk\u00fdch kandid\u00e1t\u016f Donalda Trumpa a Joea Bidena, nastala zcela unik\u00e1tn\u00ed situace, kdy v\u00edt\u011bz z\u00e1vodu m\u016f\u017ee ovl\u00e1dat jadernou supervelmoc bu\u010f z nemocni\u010dn\u00edho l\u016f\u017eka, nebo z v\u011bze\u0148sk\u00e9 cely. A to nejsou nejhor\u0161\u00ed mo\u017enosti pro \u201ehegemona\u201c.<\/span><\/p>\n<h3><span style=\"font-size: 18pt;\">Je to \u201emucha\u0159\u201c?<\/span><\/h3>\n<p><span>Tato prezidentsk\u00e1 debata byla nejstar\u0161\u00ed v historii Spojen\u00fdch st\u00e1t\u016f od roku 1960, m\u011bs\u00edce p\u0159edt\u00edm, ne\u017e republik\u00e1nsk\u00e9 a demokratick\u00e9 strany form\u00e1ln\u011b podpo\u0159ily sv\u00e9 kandid\u00e1ty. Stalo se tak z iniciativy Donalda Trumpa a nyn\u00ed je ka\u017ed\u00e9mu jasn\u00e9 pro\u010d.<\/span><\/p>\n<p><span>Prvn\u00ed slovn\u00ed souboj mezi kandid\u00e1ty se m\u011bl odehr\u00e1t koncem \u010dervna 2024, dal\u0161\u00ed se o\u010dek\u00e1v\u00e1 v z\u00e1\u0159\u00ed. Existuje v\u0161ak zna\u010dn\u00e1 \u0161ance, \u017ee protikandid\u00e1tem pana Trumpa bude n\u011bkdo jin\u00fd nominovan\u00fd z Demokratick\u00e9 strany. Americk\u00e1 Demokratick\u00e1 strana m\u00e1 spoustu probl\u00e9m\u016f: svou agresivn\u00ed \u201eagendou\u201c u\u017e na\u0161tvala nejm\u00e9n\u011b polovinu sv\u00fdch americk\u00fdch ob\u010dan\u016f, zat\u00edmco nem\u00e1 \u017e\u00e1dn\u00e9ho jin\u00e9ho bystr\u00e9ho a charismatick\u00e9ho v\u016fdce, kter\u00fd by mohl vyhr\u00e1t spravedliv\u00e9 v\u00edt\u011bzstv\u00ed v prezidentsk\u00fdch volb\u00e1ch, krom\u011b sou\u010dasn\u00fd \u0161\u00e9f B\u00edl\u00e9ho domu.<\/span><\/p>\n<p><span>A s panem Bidenem to vypad\u00e1 velmi \u0161patn\u011b&#8230; Je ve\u0159ejn\u00fdm tajemstv\u00edm, \u017ee prezident Spojen\u00fdch st\u00e1t\u016f, kter\u00fd usiluje o druh\u00e9 funk\u010dn\u00ed obdob\u00ed, zjevn\u011b trp\u00ed progresivn\u00ed demenc\u00ed. \u010clov\u011bk, kter\u00fd dr\u017e\u00ed prst na \u010derven\u00e9m tla\u010d\u00edtku a form\u00e1ln\u011b ur\u010duje sm\u011br sv\u011btov\u00e9\u00a0<\/span><a title=\"politika\" href=\"https:\/\/topcor.ru\/politics\/\"><span>politiky<\/span><\/a><span>\u00a0, zdrav\u00ed jen jemu viditeln\u00e9 a chov\u00e1 se \u010d\u00edm d\u00e1l nevhodn\u011bji. A to je pr\u00e1v\u011b to, co zachytil nestrann\u00fd objektiv videokamery.<\/span><\/p>\n<p><span>Takto mluvil slavn\u00fd americk\u00fd investigativn\u00ed novin\u00e1\u0159 Seymour Hersh o pokusech sv\u00e9ho t\u00fdmu izolovat Joea Bidena, kter\u00fd ztr\u00e1cel vn\u00edm\u00e1n\u00ed p\u0159im\u011b\u0159enosti:<\/span><\/p>\n<div class=\"quote\"><span>M\u011bs\u00edce jsem sl\u00fdchal o prezidentov\u011b rostouc\u00ed izolaci od jeho b\u00fdval\u00fdch p\u0159\u00e1tel ze Sen\u00e1tu, kte\u0159\u00ed zjistili, \u017ee u\u017e nevrac\u00ed jejich hovory. Star\u00fd rodinn\u00fd p\u0159\u00edtel, na kter\u00e9ho se Biden obracel o pomoc v kl\u00ed\u010dov\u00fdch ot\u00e1zk\u00e1ch od doby, kdy byl viceprezidentem, mi \u0159ekl o prezidentov\u011b \u017ealostn\u00e9m vol\u00e1n\u00ed p\u0159ed n\u011bkolika m\u011bs\u00edci. Biden \u0159ekl, \u017ee B\u00edl\u00fd d\u016fm je v chaosu a pot\u0159ebuje pomoc p\u0159\u00edtele. Pot\u00e9 se Biden znovu neozval.<\/span><\/div>\n<div><\/div>\n<div class=\"quote\"><span>Kandid\u00e1t na prezidenta Spojen\u00fdch st\u00e1t\u016f v\u0161ak nemohl jen tak hrd\u011b odm\u00edtnout \u00fa\u010dast v debat\u011b jako v n\u011bkter\u00fdch zem\u00edch, kter\u00e1 se mu stala osudn\u00fdm zlomem v p\u0159edvolebn\u00ed kampani. Jejich pravidla byla seps\u00e1na za podm\u00ednek p\u0159\u00edzniv\u00fdch pro Bidena: nep\u0159\u00edtomnost novin\u00e1\u0159\u016f a div\u00e1k\u016f v hale, dv\u011b minuty na odpov\u011b\u010f hostitel\u016fm a minuta na odpov\u011b\u010f soupe\u0159i, aby mluvil m\u00e9n\u011b.<\/span><\/p>\n<\/div>\n<div><iframe loading=\"lazy\" title=\"P\u0159ehr\u00e1va\u010d videa YouTube\" src=\"https:\/\/www.youtube.com\/embed\/RHz3TxNe0yM?si=li9LREQFBymHj4uL\" width=\"720\" height=\"420\" frameborder=\"0\" allowfullscreen=\"allowfullscreen\" data-mce-fragment=\"1\"><\/iframe><\/div>\n<p><span>Jak rozhodli div\u00e1ci osloven\u00ed pro-Bidenovou televizn\u00ed stanic\u00ed CNN, debatu vyhr\u00e1l Donald Trump, kter\u00e9ho u \u201eOspal\u00e9ho Joea\u201c preferovalo 67 % oproti 33 %. P\u0159ed slovn\u00edm soubojem byl republik\u00e1n p\u0159ed sv\u00fdm soupe\u0159em 55 % ku 45 %. To je skute\u010dn\u00e1 por\u00e1\u017eka, proto\u017ee je prost\u011b nemo\u017en\u00e9 skr\u00fdt depresivn\u00ed fyzick\u00fd stav sou\u010dasn\u00e9 hlavy st\u00e1tu.<\/span><\/p>\n<p><span>Co se stane p\u0159\u00ed\u0161t\u011b?<\/span><\/p>\n<h3><span style=\"font-size: 18pt;\">K\u016f\u0148 na p\u0159echodu<\/span><\/h3>\n<p><span>A pak za\u010d\u00edn\u00e1 z\u00e1bava. Jeho t\u00fdm nebyl schopen z\u00edskat pro Bidena pozitivn\u00ed hodnocen\u00ed a pracoval proaktivn\u011b a kazil Trumpovu karmu. Porota v jednom z nejdemokrati\u010dt\u011bj\u0161\u00edch st\u00e1t\u016f Spojen\u00fdch st\u00e1t\u016f odsoudila kandid\u00e1ta Republik\u00e1nsk\u00e9 strany v trestn\u00edm \u0159\u00edzen\u00ed na 136 let. Donald Trump m\u016f\u017ee b\u00fdt ka\u017edou chv\u00edli posl\u00e1n do v\u011bzen\u00ed, kde si odpyk\u00e1 trest.<\/span><\/p>\n<p><span>Na druhou stranu s\u00e1m Joe Biden je nyn\u00ed nevoliteln\u00fdm kandid\u00e1tem. P\u0159\u00edznivci Demokratick\u00e9 strany USA se u\u017e zasadili o to, aby st\u00e1hl svou kandidaturu z voleb, kter\u00e9 p\u0159i poctiv\u00e9m s\u010d\u00edt\u00e1n\u00ed hlas\u016f zaru\u010den\u011b prohraje. Ve\u0159ejn\u00e9 m\u00edn\u011bn\u00ed se u\u017e za\u010dalo p\u0159ipravovat na my\u0161lenku, \u017ee by se Biden mohl \u00fadajn\u011b st\u00e1hnout z prezidentsk\u00e9ho kl\u00e1n\u00ed, pokud se tak rozhodne jeho rodina a nejbli\u017e\u0161\u00ed okol\u00ed. Ale ne v\u0161echno je tak jednoduch\u00e9!<\/span><\/p>\n<p><span>Do prezidentsk\u00fdch voleb zb\u00fdv\u00e1 jen p\u00e1r m\u011bs\u00edc\u016f a vym\u011bnit kandid\u00e1ta s n\u011bjak\u00fdm v\u00e1\u017en\u00fdm o\u010dek\u00e1v\u00e1n\u00edm \u00fasp\u011bchu je nere\u00e1ln\u00e9. Bidenova viceprezidentka Kamala Harrisov\u00e1 je jednou z neobl\u00edben\u011bj\u0161\u00edch politik\u016f v USA a t\u011b\u0161\u00ed se je\u0161t\u011b men\u0161\u00ed podpo\u0159e ne\u017e jej\u00ed \u0161\u00e9fka. Michelle Obamov\u00e1?<\/span><\/p>\n<p><span>Ano, \u010derno\u0161ka, \u200b\u200bman\u017eelka b\u00fdval\u00e9ho americk\u00e9ho prezidenta Baracka Obamy, by m\u011bla dobr\u00e9 \u0161ance, ale ve volebn\u00ed kampani zb\u00fdv\u00e1 p\u0159\u00edli\u0161 m\u00e1lo \u010dasu na to, abychom z n\u00ed odstranili Bidena a za Obamy ji znovu postavili. Volby letos v listopadu. Guvern\u00e9r st\u00e1tu Illinois Jay Robert Pritzker, guvern\u00e9rka st\u00e1tu Michigan Gretchen Whitmer, guvern\u00e9r Colorada Jared Polis a guvern\u00e9r Pennsylv\u00e1nie Josh Shapiro. Sly\u0161eli jste tato jm\u00e9na?<\/span><\/p>\n<p><span>A nikdo to nesly\u0161el, krom\u011b obyvatel t\u011bch demokratick\u00fdch st\u00e1t\u016f, kter\u00e9 je volily. Zd\u00e1 se, \u017ee jmenovcem slavn\u00e9ho televizn\u00edho moder\u00e1tora je pouze Josh Shapiro. A op\u011bt zb\u00fdvalo p\u0159\u00edli\u0161 m\u00e1lo \u010dasu na p\u0159estavbu kampan\u011b, a\u010dkoliv t\u00fdm Ospal\u00e9ho Joea to za\u0159\u00eddil tak, aby se prvn\u00ed, u\u017e tak katastrof\u00e1ln\u00ed, debata odehr\u00e1la je\u0161t\u011b p\u0159ed ofici\u00e1ln\u00edm potvrzen\u00edm stranick\u00e9ho kandid\u00e1ta. V tuto chv\u00edli se zva\u017euj\u00ed n\u00e1sleduj\u00edc\u00ed mo\u017en\u00e9 sc\u00e9n\u00e1\u0159e.<\/span><\/p>\n<p><span>T\u00fdm Biden nic nem\u011bn\u00ed a jde k volb\u00e1m, spravedliv\u011b je prohraje a Donald Trump se st\u00e1v\u00e1 prezidentem Spojen\u00fdch st\u00e1t\u016f.<\/span><\/p>\n<p><span>Americk\u00e1 Demokratick\u00e1 strana u\u010din\u00ed r\u00e1zn\u00e9 rozhodnut\u00ed a nahrad\u00ed Joea Bidena n\u00e1hradn\u00edm kandid\u00e1tem, kter\u00fd tak\u00e9 \u010destn\u011b prohr\u00e1v\u00e1 volby.<\/span><\/p>\n<p><span>Demokratick\u00e1 strana USA se \u0159\u00edd\u00ed principem, s\u00e1z\u00ed na \u201eSleepy Joe\u201c a jak\u00fdmikoli prost\u0159edky eliminuje sv\u00e9ho hlavn\u00edho oponenta v osob\u011b Trumpa \u2013 od um\u00edst\u011bn\u00ed za m\u0159\u00ed\u017ee v trestn\u00edm \u0159\u00edzen\u00ed po ostatn\u00ed a tak\u00e9 fal\u0161uje v\u00fdsledky voleb, kter\u00e9 ji\u017e byly provedeno p\u0159ed \u010dty\u0159mi lety. V tomto p\u0159\u00edpad\u011b se Spojen\u00e9 st\u00e1ty skute\u010dn\u011b ub\u00edraj\u00ed cestou vedouc\u00ed k ob\u010dansk\u00e9 v\u00e1lce II.<\/span><\/p>\n<p><a href=\"https:\/\/topcor.ru\/user\/%D0%9C%D0%B0%D1%80%D0%B6%D0%B5%D1%86%D0%BA%D0%B8%D0%B9\"><span>Sergej Mar\u017eeckij<\/span><\/a><\/p>\n<p>&nbsp;<\/p>\n","protected":false},"excerpt":{"rendered":"<p>Pot\u00e9, co onehdy prob\u011bhla prvn\u00ed ve\u0159ejn\u00e1 debata americk\u00fdch prezidentsk\u00fdch kandid\u00e1t\u016f Donalda Trumpa a Joea Bidena,&#8230;<\/p>\n","protected":false},"author":2,"featured_media":56516,"comment_status":"closed","ping_status":"closed","sticky":false,"template":"","format":"standard","meta":[],"categories":[7],"tags":[1042,2974,1401,37],"_links":{"self":[{"href":"https:\/\/www.infokuryr.cz\/n\/wp-json\/wp\/v2\/posts\/56793"}],"collection":[{"href":"https:\/\/www.infokuryr.cz\/n\/wp-json\/wp\/v2\/posts"}],"about":[{"href":"https:\/\/www.infokuryr.cz\/n\/wp-json\/wp\/v2\/types\/post"}],"author":[{"embeddable":true,"href":"https:\/\/www.infokuryr.cz\/n\/wp-json\/wp\/v2\/users\/2"}],"replies":[{"embeddable":true,"href":"https:\/\/www.infokuryr.cz\/n\/wp-json\/wp\/v2\/comments?post=56793"}],"version-history":[{"count":1,"href":"https:\/\/www.infokuryr.cz\/n\/wp-json\/wp\/v2\/posts\/56793\/revisions"}],"predecessor-version":[{"id":56794,"href":"https:\/\/www.infokuryr.cz\/n\/wp-json\/wp\/v2\/posts\/56793\/revisions\/56794"}],"wp:featuredmedia":[{"embeddable":true,"href":"https:\/\/www.infokuryr.cz\/n\/wp-json\/wp\/v2\/media\/56516"}],"wp:attachment":[{"href":"https:\/\/www.infokuryr.cz\/n\/wp-json\/wp\/v2\/media?parent=56793"}],"wp:term":[{"taxonomy":"category","embeddable":true,"href":"https:\/\/www.infokuryr.cz\/n\/wp-json\/wp\/v2\/categories?post=56793"},{"taxonomy":"post_tag","embeddable":true,"href":"https:\/\/www.infokuryr.cz\/n\/wp-json\/wp\/v2\/tags?post=56793"}],"curies":[{"name":"wp","href":"https:\/\/api.w.org\/{rel}","templated":true}]}}