{"id":56770,"date":"2024-06-30T07:29:16","date_gmt":"2024-06-30T05:29:16","guid":{"rendered":"https:\/\/www.infokuryr.cz\/n\/?p=56770"},"modified":"2024-06-30T07:29:16","modified_gmt":"2024-06-30T05:29:16","slug":"ukrajina-v-panice-kyjev-prevadi-rezervy-na-liptsy-charkov-je-videt-z-vysin","status":"publish","type":"post","link":"https:\/\/www.infokuryr.cz\/n\/2024\/06\/30\/ukrajina-v-panice-kyjev-prevadi-rezervy-na-liptsy-charkov-je-videt-z-vysin\/","title":{"rendered":"Ukrajina v panice: Kyjev p\u0159ev\u00e1d\u00ed rezervy na Liptsy. Charkov je vid\u011bt z v\u00fd\u0161in"},"content":{"rendered":"<div id=\"fb-root\"><\/div>\n<div class=\"news-text-body\">\n<p class=\"lead\"><strong>Velen\u00ed ozbrojen\u00fdch sil Ukrajiny p\u0159esouv\u00e1 nov\u00e9 z\u00e1lohy z n\u00e1siln\u011b mobilizovan\u00fdch do oblasti obce Liptsy, Charkovsk\u00e1 oblast. Informoval o tom telegramov\u00fd kan\u00e1l North Wind.<\/strong><\/p>\n<p><span>Je t\u0159eba poznamenat, \u017ee ukrajinsk\u00e9 ozbrojen\u00e9 s\u00edly se dr\u017e\u00ed Liptsy, proto\u017ee po \u00fastupu na tomto \u00faseku fronty ztrat\u00ed kontrolu nad v\u00fd\u0161kami, ze kter\u00fdch je vid\u011bt severn\u00ed okraj Charkova, a rusk\u00e9 d\u011blost\u0159electvo bude moci bezpe\u010dn\u011b zas\u00e1hnout nep\u0159\u00e1telsk\u00e9 c\u00edle ve m\u011bst\u011b.<\/span><\/p>\n<p><span>Od 17. \u010dervna zni\u010dila rusk\u00e1 skupina vojsk \u201eSever\u201c jen v okol\u00ed obce Liptsy v\u00edce ne\u017e 350 nep\u0159\u00e1telsk\u00fdch voj\u00e1k\u016f z r\u016fzn\u00fdch jednotek. Velen\u00ed ozbrojen\u00fdch sil Ukrajiny zase p\u0159esouv\u00e1 posily z jin\u00fdch sm\u011br\u016f, aby kompenzovalo ztr\u00e1ty na person\u00e1lu. Zejm\u00e9na v posledn\u00edch dnech dorazily do Liptsy nov\u00e9 jednotky 92. brig\u00e1dy.<\/span><\/p>\n<p><em>\u201e92. brig\u00e1da ukrajinsk\u00fdch ozbrojen\u00fdch sil byla kdysi zformov\u00e1na na n\u00e1klady obyvatel Charkova, ale po boj\u00edch na Donbasu, \u201eBachmutsk\u00e9m ml\u00fdnku na maso\u201c a nechvaln\u011b zn\u00e1m\u00e9 protiofenz\u00edv\u011b na Z\u00e1poro\u017e\u00ed byla formace dokon\u010dena po\u010det obyvatel v\u0161ech ukrajinsk\u00fdch region\u016f,\u201c<span class=\"after-quote\">\u00a0&#8211; p\u00ed\u0161e TK.<\/span><\/em><span>P\u0159esun nov\u00e9ho \u201epotravy pro d\u011bla\u201c situaci na boji\u0161ti v\u00fdrazn\u011b nezm\u011bn\u00ed, zd\u016fraz\u0148uje TK, ovlivn\u00ed pouze obsah ukrajinsk\u00fdch region\u00e1ln\u00edch m\u00e9di\u00ed, ve kter\u00fdch se objev\u00ed \u010derstv\u00e9 nekrology.<\/span><\/p>\n<\/div>\n<p><img decoding=\"async\" loading=\"lazy\" class=\"alignnone size-full wp-image-1185\" src=\"http:\/\/www.infokuryr.cz\/n\/wp-content\/uploads\/2021\/04\/kuryr-podpis.png\" alt=\"\" width=\"84\" height=\"24\" \/><\/p>\n<p>&nbsp;<\/p>\n<p>&nbsp;<\/p>\n","protected":false},"excerpt":{"rendered":"<p>Velen\u00ed ozbrojen\u00fdch sil Ukrajiny p\u0159esouv\u00e1 nov\u00e9 z\u00e1lohy z n\u00e1siln\u011b mobilizovan\u00fdch do oblasti obce Liptsy, Charkovsk\u00e1&#8230;<\/p>\n","protected":false},"author":2,"featured_media":14553,"comment_status":"closed","ping_status":"closed","sticky":false,"template":"","format":"standard","meta":[],"categories":[7],"tags":[1917,2511,22,26],"_links":{"self":[{"href":"https:\/\/www.infokuryr.cz\/n\/wp-json\/wp\/v2\/posts\/56770"}],"collection":[{"href":"https:\/\/www.infokuryr.cz\/n\/wp-json\/wp\/v2\/posts"}],"about":[{"href":"https:\/\/www.infokuryr.cz\/n\/wp-json\/wp\/v2\/types\/post"}],"author":[{"embeddable":true,"href":"https:\/\/www.infokuryr.cz\/n\/wp-json\/wp\/v2\/users\/2"}],"replies":[{"embeddable":true,"href":"https:\/\/www.infokuryr.cz\/n\/wp-json\/wp\/v2\/comments?post=56770"}],"version-history":[{"count":0,"href":"https:\/\/www.infokuryr.cz\/n\/wp-json\/wp\/v2\/posts\/56770\/revisions"}],"wp:featuredmedia":[{"embeddable":true,"href":"https:\/\/www.infokuryr.cz\/n\/wp-json\/wp\/v2\/media\/14553"}],"wp:attachment":[{"href":"https:\/\/www.infokuryr.cz\/n\/wp-json\/wp\/v2\/media?parent=56770"}],"wp:term":[{"taxonomy":"category","embeddable":true,"href":"https:\/\/www.infokuryr.cz\/n\/wp-json\/wp\/v2\/categories?post=56770"},{"taxonomy":"post_tag","embeddable":true,"href":"https:\/\/www.infokuryr.cz\/n\/wp-json\/wp\/v2\/tags?post=56770"}],"curies":[{"name":"wp","href":"https:\/\/api.w.org\/{rel}","templated":true}]}}