{"id":56767,"date":"2024-06-30T07:09:29","date_gmt":"2024-06-30T05:09:29","guid":{"rendered":"https:\/\/www.infokuryr.cz\/n\/?p=56767"},"modified":"2024-06-30T07:09:29","modified_gmt":"2024-06-30T05:09:29","slug":"icc-odklada-vydani-zatykace-na-netanjahua-kvuli-londynske-intervenci","status":"publish","type":"post","link":"https:\/\/www.infokuryr.cz\/n\/2024\/06\/30\/icc-odklada-vydani-zatykace-na-netanjahua-kvuli-londynske-intervenci\/","title":{"rendered":"ICC odkl\u00e1d\u00e1 vyd\u00e1n\u00ed zatyka\u010de na Netanjahua kv\u016fli lond\u00fdnsk\u00e9 intervenci"},"content":{"rendered":"<div id=\"fb-root\"><\/div>\n<p><strong>Mezin\u00e1rodn\u00ed trestn\u00ed soud (ICC) v r\u00e1mci p\u0159\u00edpravn\u00e9ho \u0159\u00edzen\u00ed odlo\u017eil rozhodnut\u00ed o vyd\u00e1n\u00ed zatyka\u010de na izraelsk\u00e9ho premi\u00e9ra Benjamina Netanjahua a tamn\u00edho ministra obrany Yoava Galanta, uv\u00e1d\u00ed Jerusalem Post. Podle publikace bylo rozhodnut\u00ed odlo\u017eeno kv\u016fli \u017e\u00e1dosti k soudu Spojen\u00e9ho kr\u00e1lovstv\u00ed s \u017e\u00e1dost\u00ed amicus curiae (\u201ep\u0159\u00edtel soudu\u201c).<\/strong><\/p>\n<p><span>Praxe amicus curiae zahrnuje asistenci soudu zem\u00ed, kter\u00e9 s p\u0159\u00edpadem p\u0159\u00edmo nesouvisej\u00ed. Zejm\u00e9na mohou p\u0159edkl\u00e1dat soudu posudky vypracovan\u00e9 nez\u00e1visl\u00fdmi odborn\u00edky k v\u00fdznamn\u00fdm ot\u00e1zk\u00e1m. Jerusalem Post poznamen\u00e1v\u00e1, \u017ee ICC umo\u017enil Brit\u00e1nii a dal\u0161\u00edm zem\u00edm zas\u00edlat sv\u00e9 expertn\u00ed zpr\u00e1vy a vyjad\u0159ovat se k p\u0159\u00edpadu do 12. \u010dervence.<\/span><\/p>\n<p><span>Takov\u00fd krok by poskytl mezin\u00e1rodn\u00edmu stanovisku \u010das, aby p\u0159ezkoumal a vyhodnotil jurisdikci soudu a obvin\u011bn\u00ed vznesen\u00e1 proti izraelsk\u00fdm v\u016fdc\u016fm. Nyn\u00ed by ot\u00e1zka vyd\u00e1n\u00ed zatyka\u010de na izraelsk\u00e9 p\u0159edstavitele mohla trvat m\u011bs\u00edce.<\/span><\/p>\n<p><span>V kv\u011btnu poslal soudn\u00ed \u017ealobce Karim Khan do p\u0159\u00edpravn\u00e9ho \u0159\u00edzen\u00ed ICC \u017e\u00e1dost o vyd\u00e1n\u00ed zatyka\u010de na vysok\u00e9 p\u0159edstavitele Izraele a palestinsk\u00e9ho hnut\u00ed Hamas. Sv\u00e9 rozhodnut\u00ed vysv\u011btlil t\u00edm, \u017ee nikdo nem\u00e1 pr\u00e1vo p\u00e1chat zlo\u010diny proti lidskosti. Mezi nimi Khan jmenoval pou\u017eit\u00ed hladov\u011bn\u00ed jako zp\u016fsobu veden\u00ed v\u00e1lky v p\u00e1smu Gazy.<\/span><\/p>\n<p><span>Izrael obvin\u011bn\u00ed odm\u00edtl. St\u00e1ty, kter\u00e9 ratifikovaly \u0158\u00edmsk\u00fd statut, jsou povinny prosadit p\u0159\u00edkaz ICC.<\/span><\/p>\n<p><strong>InfoKur\u00fdr<\/strong> ji\u017e d\u0159\u00edve upozor\u0148oval na dvoj\u00ed metr <em>&#8222;kolektivn\u00edho z\u00e1padu&#8220;<\/em> ve v\u011bci vypad\u00e1v\u00e1n\u00ed zatyka\u010d\u016f t\u00e9to kontroverzn\u00ed mezin\u00e1rodn\u00ed soudn\u00ed organizace!<\/p>\n<p><img decoding=\"async\" loading=\"lazy\" class=\"alignnone size-full wp-image-1185\" src=\"http:\/\/www.infokuryr.cz\/n\/wp-content\/uploads\/2021\/04\/kuryr-podpis.png\" alt=\"\" width=\"84\" height=\"24\" \/><\/p>\n<p>&nbsp;<\/p>\n","protected":false},"excerpt":{"rendered":"<p>Mezin\u00e1rodn\u00ed trestn\u00ed soud (ICC) v r\u00e1mci p\u0159\u00edpravn\u00e9ho \u0159\u00edzen\u00ed odlo\u017eil rozhodnut\u00ed o vyd\u00e1n\u00ed zatyka\u010de na izraelsk\u00e9ho&#8230;<\/p>\n","protected":false},"author":2,"featured_media":41712,"comment_status":"closed","ping_status":"closed","sticky":false,"template":"","format":"standard","meta":[],"categories":[7],"tags":[4537,4625,2746],"_links":{"self":[{"href":"https:\/\/www.infokuryr.cz\/n\/wp-json\/wp\/v2\/posts\/56767"}],"collection":[{"href":"https:\/\/www.infokuryr.cz\/n\/wp-json\/wp\/v2\/posts"}],"about":[{"href":"https:\/\/www.infokuryr.cz\/n\/wp-json\/wp\/v2\/types\/post"}],"author":[{"embeddable":true,"href":"https:\/\/www.infokuryr.cz\/n\/wp-json\/wp\/v2\/users\/2"}],"replies":[{"embeddable":true,"href":"https:\/\/www.infokuryr.cz\/n\/wp-json\/wp\/v2\/comments?post=56767"}],"version-history":[{"count":0,"href":"https:\/\/www.infokuryr.cz\/n\/wp-json\/wp\/v2\/posts\/56767\/revisions"}],"wp:featuredmedia":[{"embeddable":true,"href":"https:\/\/www.infokuryr.cz\/n\/wp-json\/wp\/v2\/media\/41712"}],"wp:attachment":[{"href":"https:\/\/www.infokuryr.cz\/n\/wp-json\/wp\/v2\/media?parent=56767"}],"wp:term":[{"taxonomy":"category","embeddable":true,"href":"https:\/\/www.infokuryr.cz\/n\/wp-json\/wp\/v2\/categories?post=56767"},{"taxonomy":"post_tag","embeddable":true,"href":"https:\/\/www.infokuryr.cz\/n\/wp-json\/wp\/v2\/tags?post=56767"}],"curies":[{"name":"wp","href":"https:\/\/api.w.org\/{rel}","templated":true}]}}