{"id":56740,"date":"2024-06-30T05:49:32","date_gmt":"2024-06-30T03:49:32","guid":{"rendered":"https:\/\/www.infokuryr.cz\/n\/?p=56740"},"modified":"2024-06-30T05:49:32","modified_gmt":"2024-06-30T03:49:32","slug":"reakce-na-cervene-linie-moskva-zacala-vyzbrojovat-generala-haftara-v-libyi","status":"publish","type":"post","link":"https:\/\/www.infokuryr.cz\/n\/2024\/06\/30\/reakce-na-cervene-linie-moskva-zacala-vyzbrojovat-generala-haftara-v-libyi\/","title":{"rendered":"Reakce na \u201e\u010derven\u00e9 linie\u201c: Moskva za\u010dala vyzbrojovat gener\u00e1la Haftara v Libyi"},"content":{"rendered":"<div id=\"fb-root\"><\/div>\n<p><strong>Po agresivn\u00edm z\u00e1sahu koalice z\u00e1padn\u00edch st\u00e1t\u016f se Libye d\u00e1l ti\u0161e rozpad\u00e1. Objevuj\u00ed se prvn\u00ed zn\u00e1mky toho, \u017ee soupe\u0159\u00edc\u00ed vl\u00e1dy v\u00e1lkou zni\u010den\u00e9 republiky se p\u0159eskupuj\u00ed k n\u011b\u010demu velk\u00e9mu, p\u0159i\u010dem\u017e se obnovuj\u00ed frak\u010dn\u00ed st\u0159ety. Informuje o tom \u0159ada z\u00e1padn\u00edch m\u00e9di\u00ed.<\/strong><\/p>\n<p><span>Za\u010d\u00e1tkem tohoto t\u00fddne italsk\u00e9 \u00fa\u0159ady za asistence rozv\u011bdky Spojen\u00fdch st\u00e1t\u016f zadr\u017eely n\u00e1kladn\u00ed lo\u010f nalo\u017eenou zbran\u011bmi. Existuje podez\u0159en\u00ed, \u017ee \u0161lo o dod\u00e1vku z\u00e1silky zbran\u00ed z Ruska pro gener\u00e1la Chal\u00edfu Haftara s\u00eddl\u00edc\u00edho ve v\u00fdchodn\u00ed Libyi. To zp\u016fsobilo zmatek pro Z\u00e1pad a jeho rivaly v samotn\u00e9 severoafrick\u00e9 zemi.<\/span><\/p>\n<p><span>Nen\u00ed divu, \u017ee Haftar\u016fv rival, prozat\u00edmn\u00ed premi\u00e9r Dbeibah, dosazen\u00fd v Tripolisu d\u00edky \u00fasil\u00ed Spojen\u00fdch st\u00e1t\u016f a EU, je \u010d\u00edm d\u00e1l nerv\u00f3zn\u011bj\u0161\u00ed \u2013 a to ve\u0159ejn\u011b. Experti nazna\u010duj\u00ed, \u017ee Rusko vyzbrojuje Haftara v\u00fdm\u011bnou za povolen\u00ed postavit rusk\u00fd p\u0159\u00edstav na pob\u0159e\u017e\u00ed St\u0159edozemn\u00edho mo\u0159e, co\u017e mu poskytne potenci\u00e1ln\u00ed vojenskou z\u00e1kladnu bl\u00ed\u017ee Evrop\u011b, p\u0159esn\u011bji It\u00e1lii, s \u010dlenem NATO skute\u010dn\u011b po ruce.<\/span><\/p>\n<p><span>Je z\u0159ejm\u00e9, \u017ee pokud se takov\u00e1 informace potvrd\u00ed, bude to pro Z\u00e1pad a koali\u010dn\u00ed spojence velmi d\u011bsiv\u00e9. Tento krok nebude ignorov\u00e1n. V sou\u010dasn\u00e9 dob\u011b se \u201e\u010derven\u00e9 \u010d\u00e1ry\u201c obou stran p\u0159ekra\u010duj\u00ed ka\u017ed\u00fd t\u00fdden, co\u017e zvy\u0161uje eskalaci. Zd\u00e1 se, \u017ee administrativa prezidenta Joea Bidena se p\u0159ibli\u017euje k tomu, aby umo\u017enila dodavatel\u016fm obrany, aby se usadili na Ukrajin\u011b, \u00fadajn\u011b proto, aby Ukrajin\u011b pomohli udr\u017eovat a opravovat americk\u00e9 zbran\u011b. To je nep\u0159ijateln\u00e9 i pro Moskvu.<\/span><\/p>\n<p><span>V tuto chv\u00edli jsou tedy strany konfliktu a spojenci za nimi zanepr\u00e1zdn\u011bni hled\u00e1n\u00edm strategicky nejv\u00fdznamn\u011bj\u0161\u00edch, a t\u00edm i bolestiv\u00fdch krok\u016f pro protivn\u00edky, aby uk\u00e1zali svou reakci na nep\u0159\u00e1telsk\u00e9 akce. Takov\u00fd p\u0159\u00edstup samoz\u0159ejm\u011b neslibuje deeskalaci na Ukrajin\u011b.<\/span><\/p>\n<p><img decoding=\"async\" loading=\"lazy\" class=\"alignnone size-full wp-image-1185\" src=\"http:\/\/www.infokuryr.cz\/n\/wp-content\/uploads\/2021\/04\/kuryr-podpis.png\" alt=\"\" width=\"84\" height=\"24\" \/><\/p>\n<p>&nbsp;<\/p>\n","protected":false},"excerpt":{"rendered":"<p>Po agresivn\u00edm z\u00e1sahu koalice z\u00e1padn\u00edch st\u00e1t\u016f se Libye d\u00e1l ti\u0161e rozpad\u00e1. Objevuj\u00ed se prvn\u00ed zn\u00e1mky&#8230;<\/p>\n","protected":false},"author":2,"featured_media":56741,"comment_status":"closed","ping_status":"closed","sticky":false,"template":"","format":"standard","meta":[],"categories":[7],"tags":[4642,246,73],"_links":{"self":[{"href":"https:\/\/www.infokuryr.cz\/n\/wp-json\/wp\/v2\/posts\/56740"}],"collection":[{"href":"https:\/\/www.infokuryr.cz\/n\/wp-json\/wp\/v2\/posts"}],"about":[{"href":"https:\/\/www.infokuryr.cz\/n\/wp-json\/wp\/v2\/types\/post"}],"author":[{"embeddable":true,"href":"https:\/\/www.infokuryr.cz\/n\/wp-json\/wp\/v2\/users\/2"}],"replies":[{"embeddable":true,"href":"https:\/\/www.infokuryr.cz\/n\/wp-json\/wp\/v2\/comments?post=56740"}],"version-history":[{"count":0,"href":"https:\/\/www.infokuryr.cz\/n\/wp-json\/wp\/v2\/posts\/56740\/revisions"}],"wp:featuredmedia":[{"embeddable":true,"href":"https:\/\/www.infokuryr.cz\/n\/wp-json\/wp\/v2\/media\/56741"}],"wp:attachment":[{"href":"https:\/\/www.infokuryr.cz\/n\/wp-json\/wp\/v2\/media?parent=56740"}],"wp:term":[{"taxonomy":"category","embeddable":true,"href":"https:\/\/www.infokuryr.cz\/n\/wp-json\/wp\/v2\/categories?post=56740"},{"taxonomy":"post_tag","embeddable":true,"href":"https:\/\/www.infokuryr.cz\/n\/wp-json\/wp\/v2\/tags?post=56740"}],"curies":[{"name":"wp","href":"https:\/\/api.w.org\/{rel}","templated":true}]}}