{"id":5674,"date":"2021-10-26T16:16:27","date_gmt":"2021-10-26T14:16:27","guid":{"rendered":"http:\/\/www.infokuryr.cz\/n\/?p=5674"},"modified":"2021-10-26T16:16:27","modified_gmt":"2021-10-26T14:16:27","slug":"nazor-a-stanovisko-lekare-aneb-jaka-je-pravda-kolem-ockovani-proti-covidu-19","status":"publish","type":"post","link":"https:\/\/www.infokuryr.cz\/n\/2021\/10\/26\/nazor-a-stanovisko-lekare-aneb-jaka-je-pravda-kolem-ockovani-proti-covidu-19\/","title":{"rendered":"N\u00e1zor a stanovisko l\u00e9ka\u0159e, aneb jak\u00e1 je pravda kolem o\u010dkov\u00e1n\u00ed proti Covidu-19"},"content":{"rendered":"<div id=\"fb-root\"><\/div>\n<p>V posledn\u00ed dob\u011b se u n\u00e1s d\u011bj\u00ed v\u011bci, kter\u00e9 nejen\u017ee nemaj\u00ed obdoby (nemaj\u00ed, proto\u017ee se dosud nic podobn\u00e9ho nestalo), co\u017e by je\u0161t\u011b nebylo tak hrozn\u00e9, pokud by takov\u00e9 z\u00e1le\u017eitosti nebyly proti lidskosti, lidsk\u00e9 d\u016fstojnosti, proti listin\u011b z\u00e1kladn\u00edch lidsk\u00fdch pr\u00e1v a svobod a v neposledn\u00ed \u0159ad\u011b z\u00e1sah do soukrom\u00ed, notabene z\u00e1sah do zdrav\u00ed jedince. To v\u0161e ob\u010dan\u016fm zaji\u0161\u0165uje \u00dastava \u010cR a z\u00e1kony. Ano, jde o Covid-19 a ne\u0161\u0165astn\u00e9 o\u010dkov\u00e1n\u00ed.<\/p>\n<p>Jak p\u00ed\u0161e ve\u0159ejn\u011b nijak moc zn\u00e1m\u00fd, zato logicky, re\u00e1ln\u011b, odborn\u011b, pr\u00e1vn\u011b a lidsky uva\u017euj\u00edc\u00ed poctiv\u00fd l\u00e9ka\u0159, \u0159\u00edkejme mu t\u0159eba doktor X, na\u0161e demokracie dost\u00e1v\u00e1 ze v\u0161ech stran po\u0159\u00e1dn\u011b na frak.<\/p>\n<p>Proto\u017ee jeho vyj\u00e1d\u0159en\u00ed m\u00e1 charakter otev\u0159en\u00e9ho dopisu, dovol\u00edm si citovat jeho smyslupln\u00e9 a pravdiv\u00e9 n\u00e1zory a vyj\u00e1d\u0159en\u00ed k dan\u00e9 problematice, tedy o\u010dkov\u00e1n\u00ed.<\/p>\n<p>P\u0159edn\u011b je tu jeho odborn\u00e9 konstatov\u00e1n\u00ed, \u017ee ka\u017ed\u00e1 nemoc mus\u00ed m\u00edt p\u0159\u00edznaky \u2013 subjektivn\u00ed a objektivn\u00ed \u2013 a \u017ee diagn\u00f3zu stanovuje, po pe\u010dliv\u00e9m vy\u0161et\u0159en\u00ed, klinick\u00fd l\u00e9ka\u0159. Lze se tedy pt\u00e1t, zda prob\u00edhaj\u00edc\u00ed o\u010dkov\u00e1n\u00ed odpov\u00edd\u00e1 t\u00e9to z\u00e1sad\u011b. Osobn\u011b se domn\u00edv\u00e1m, \u017ee ne, proto\u017ee nechat se o\u010dkovat bez toho, \u017ee ob\u010dan nen\u00ed zdravotn\u011b vy\u0161et\u0159en, u\u017e samo osob\u011b je z medic\u00ednsk\u00e9ho hlediska neetick\u00e9. D\u00e1le l\u00e9ka\u0159 X konstatuje, \u017ee tato nov\u00e1 infekce,\u00a0 m\u016f\u017ee n\u011bkter\u00e9 pacienty skute\u010dn\u011b v\u00e1\u017en\u011b po\u0161kodit na zdrav\u00ed, nebo je dokonce i usmrtit, nebo\u0165 dosud nem\u00e1 takov\u00e9 z\u00e1va\u017en\u00e9 parametry, aby v\u016f\u010di n\u00ed byla jak\u00e1koliv vakc\u00edna v\u016fbec jen vyv\u00edjena, nato\u017e vyr\u00e1b\u011bna, distribuov\u00e1na, \u010di dokonce v tak masivn\u00edm m\u011b\u0159\u00edtku do nic netu\u0161\u00edc\u00edch lid\u00ed bezskrupul\u00f3zn\u011b aplikov\u00e1na.<\/p>\n<p>K tomu pan doktor X dod\u00e1v\u00e1, \u017ee experiment\u00e1ln\u00ed l\u00e1tky, kter\u00e9 jsou v sou\u010dasnosti vyd\u00e1v\u00e1ny\u00a0\u00a0 za pr\u00fd \u201eschv\u00e1len\u00e9\u201c \u0159\u00e1dn\u00e9 vakc\u00edny proti t\u00e9 nov\u00e9 nemoci Covid-19, jsou ve skute\u010dnosti experiment\u00e1ln\u00edmi l\u00e9ky. A proto tyto fale\u0161n\u00e9 \u201evakc\u00edny\u201c nepln\u00ed a ani nemohou plnit svou z\u00e1kladn\u00ed funkci, tj. ochranu jedince p\u0159ed n\u00e1kazou \u2013 infekc\u00ed, n\u00fdbr\u017e jenom\u00a0 a to ne v\u017edy, p\u0159ed t\u011b\u017e\u0161\u00edm pr\u016fb\u011bhem nemoci Covid-19 \u010di p\u0159ed \u00famrt\u00edm na tuto nemoc. I v tomto lze nepochybn\u011b spat\u0159ovat trestuhodn\u00e9 selh\u00e1n\u00ed nejen \u010desk\u00fdch form\u00e1ln\u00edch l\u00e9ka\u0159sk\u00fdch elit a naprosto v\u011bdom\u00e9 a zr\u016fdn\u00e9 po\u0161kozov\u00e1n\u00ed obyvatel zem\u00ed, na kter\u00e9m se r\u016fznou m\u011brou pod\u00edl\u00ed tamn\u00ed politici, byznysmeni a m\u00e9dia.<\/p>\n<p>Pan doktor X d\u00e1le d\u016frazn\u011b p\u0159ipom\u00edn\u00e1, \u017ee se o\u010dkuje z\u00e1sadn\u011b proti skute\u010dn\u011b smrteln\u00fdm chorob\u00e1m, a to ov\u011b\u0159en\u00fdmi vakc\u00ednami, nikoliv experiment\u00e1ln\u00edmi roztoky, kter\u00e9 jsou pouze a pr\u00e1v\u011b jenom prozat\u00edmn\u011b schv\u00e1leny EMA (na tzv. bezpe\u010dnostn\u00ed v\u00fdjimku \u2013 conditional marketing authorisation) a kter\u00e9 dosud nemaj\u00ed \u0159\u00e1dn\u011b ukon\u010denou III. f\u00e1zi klinick\u00e9ho hodnocen\u00ed. Co\u017e mimo jin\u00e9 v praxi znamen\u00e1, \u017ee n\u011bkte\u0159\u00ed o\u010dkovan\u00ed jedinci dost\u00e1vaj\u00ed m\u00edsto vakc\u00edny jenom placebo. D\u00e1le doktor X poznamen\u00e1v\u00e1, v praxi se o\u010dkuje z\u00e1sadn\u011b ze zdravotn\u00edch a ne cestovatelsk\u00fdch \u010di jin\u00fdch vypo\u010d\u00edtav\u00fdch d\u016fvod\u016f. A o\u010dkuje ve zdravotnick\u00e9m za\u0159\u00edzen\u00ed, nikoliv v n\u00e1kupn\u00edm centru \u010di na n\u00e1dra\u017e\u00ed, dod\u00e1v\u00e1 doktor X.<\/p>\n<p>Pan doktor X jde ov\u0161em do hloubky t\u00e9to nesmysln\u00e9 kauzy a \u0159\u00edk\u00e1, \u017ee je t\u0159eba na\u0161im lidem p\u0159ipom\u00ednat, \u017ee bez hrub\u00e9ho selh\u00e1n\u00ed form\u00e1ln\u00edch l\u00e9ka\u0159sk\u00fdch elit \u2013 dom\u00e1c\u00edch i mezin\u00e1rodn\u00edch \u2013 by se \u017e\u00e1dn\u00e1 Covidgate nikdy nekonala. Politick\u00e9 a byznysov\u00e9 elity by si musely naj\u00edt jinou z\u00e1minku pro tak ob\u0159\u00ed manipulaci lid\u00ed. Jinak by vl\u00e1dy tolika zem\u00ed , nemohly na ja\u0159e 2020 p\u0159ijmout takov\u00e1 drakonick\u00e1 opat\u0159en\u00ed, lockdown, kter\u00e1 ve sv\u00e9m d\u016fsledku mnoha lidem zni\u010dila jejich dosavadn\u00ed \u017eivoty, n\u00e1rod\u016fm a zem\u00edm v mnoha m\u00edstech sv\u011bta jejich hospod\u00e1\u0159stv\u00ed, zdravotnictv\u00ed \u0161kolstv\u00ed a kulturu.<\/p>\n<p>Na\u0161e obyvatelstvo je ji\u017e nepochybn\u011b rozd\u011bleno na dva nesmi\u0159iteln\u00e9 t\u00e1bory, na privilegovan\u00e9 ob\u010dany \u2013 a na ty druh\u00e9 neprivilegovan\u00e9. Pokud jsem cosi z\u00e1va\u017en\u00e9ho nep\u0159ehl\u00e9dl, tak i v tuto chv\u00edli, kdy vedeme spolu tento rozhovor, je o\u010dkov\u00e1n\u00ed podle z\u00e1kona v na\u0161\u00ed zemi v kolonce \u201edobrovoln\u00e9\u201c. Co to vlastn\u011b prakticky znamen\u00e1? Pan doktor X k tomu \u0159\u00edk\u00e1:<\/p>\n<p>O\u010dkovan\u00fd nesm\u00ed b\u00fdt zv\u00fdhodn\u011bn\u00fd a naopak, stejn\u011b jako neo\u010dkovan\u00fd nesm\u00ed b\u00fdt znev\u00fdhodn\u011bn\u00fd. Nikdo nem\u00e1 pr\u00e1vo ani zji\u0161\u0165ovat, zda je \u010dlov\u011bk proti nemoci covid-19 o\u010dkovan\u00fd. Toto je ta kl\u00ed\u010dov\u00e1 informace pro v\u0161echny ob\u010dany, kte\u0159\u00ed je\u0161t\u011b nerezignovali! Takovou\u00a0 informaci nesm\u00ed zam\u011bstnavateli sd\u011blit ani z\u00e1vodn\u00ed l\u00e9ka\u0159, viz institut l\u00e9ka\u0159sk\u00e9ho tajemstv\u00ed. To plat\u00ed v pln\u00e9m rozsahu rovn\u011b\u017e pro \u0161kol\u00e1ky a jejich d\u011btsk\u00e9 l\u00e9ka\u0159e. Nikdo nem\u00e1 pr\u00e1vo v \u010cR vy\u017eadovat jak\u00e9koliv \u201edoklady o bezinfek\u010dnosti\u201c, tzv. Covid Passy, ani doklady proti t\u00e9to nov\u00e9 nemoci Covid-19, ale ani proti jak\u00e9koliv jin\u00e9 infek\u010dn\u00ed nemoci \u2013 pokud tak v\u00fdslovn\u011b nestanov\u00ed z\u00e1kon. U\u017e ch\u00e1peme?<\/p>\n<p>Na z\u00e1v\u011br bl\u00ed\u017ee nejmenovan\u00fd doktor\u00a0 X \u2013 opravdov\u00fd hrdina sou\u010dasnosti, kter\u00fd by si zcela jist\u011b zaslou\u017eil st\u00e1tn\u00ed vyznamen\u00e1n\u00ed za odvahu a hrdinstv\u00ed (snad k tomu pozd\u011bji dojde) dod\u00e1v\u00e1, \u017ee v demokracii nen\u00ed p\u0159\u00edpustn\u00e9, aby vl\u00e1da, a na ni nav\u00e1zan\u00e9 byznysov\u00e9 skupiny, vynucovala o\u010dkov\u00e1n\u00ed t\u00edm, \u017ee pro \u0159adu b\u011b\u017en\u00fdch \u010dinnost\u00ed neo\u010dkovan\u00e9 omezuje a vy\u017eaduje test plo\u0161n\u011b od naprosto zdrav\u00fdch lid\u00ed. Je pozoruhodn\u00e9, \u017ee v\u016f\u010di \u017e\u00e1dn\u00e9 jin\u00e9 infek\u010dn\u00ed nemoci<\/p>\n<p>\u2013 a \u017ee jsou jich stovky\u2013 dne\u0161n\u00ed minist\u0159i zdravotnictv\u00ed (pokud nejsou laici) takto nepostupuj\u00ed. Je z\u0159ejm\u00e9, \u017ee se ve skute\u010dnosti jedn\u00e1 o podivuhodnou podporu pod\u00e1v\u00e1n\u00ed t\u011bchto vakc\u00edn v r\u00e1mci vl\u00e1dn\u00ed covidistick\u00e9 lobbyistick\u00e9 ideologie, kter\u00e9 st\u00e1t ve velk\u00e9m, ne.li nep\u0159im\u011b\u0159en\u00e9m mno\u017estv\u00ed ji\u017e nakoupil a o kter\u00e9 mnoz\u00ed proz\u00edrav\u00ed lid\u00e9 nemaj\u00ed z pochopiteln\u00fdch d\u016fvod\u016f z\u00e1jem.<\/p>\n<p>(Zpracov\u00e1no na z\u00e1klad\u011b nevy\u017e\u00e1dan\u00e9ho emailu jako otev\u0159en\u00e9ho dopisu v\u0161em ob\u010dan\u016fm).<\/p>\n<p>Nicm\u00e9n\u011b, jak vypl\u00fdv\u00e1 z dne\u0161n\u00edch informac\u00ed ze zpr\u00e1v TV 25.10.\u00a0 2021, podle n\u00e1vrhu (je\u0161t\u011b st\u00e1le) ministra vnitra Ham\u00e1\u010dka, zva\u017euje se tvrd\u0161\u00ed postih neo\u010dkovan\u00fdch lid\u00ed. Ot\u00e1zka je, co je d\u016fvodem a jak\u00fdm pr\u00e1vem maj\u00ed b\u00fdt postihov\u00e1ny p\u0159edev\u0161\u00edm neo\u010dkovan\u00e9 osoby, kdy\u017e je v\u0161eobecn\u011b zn\u00e1m\u00e9 a l\u00e9ka\u0159sky prok\u00e1zan\u00e9, \u017ee infikov\u00e1ny mohou b\u00fdt a p\u0159en\u00e1\u0161et virus Covidu-19 mohou nejen osoby neo\u010dkovan\u00e9, ale tak\u00e9 osoby o\u010dkovan\u00e9. (Viz v\u00fd\u0161e vyj\u00e1d\u0159en\u00ed doktora).<\/p>\n<p>Toto ministrem vnitra navrhovan\u00e9 opat\u0159en\u00ed je nejen diskriminace jedn\u00e9 skupiny ob\u010dan\u016f p\u0159ed druhou, ale tak\u00e9 bezprecedentn\u00edm opovrhov\u00e1n\u00edm Listiny z\u00e1kladn\u00edch lidsk\u00fdch pr\u00e1v a svobod, na co\u017e ji\u017e reagoval jist\u00fd ob\u010dan, kter\u00fd na ministra Ham\u00e1\u010dka podal trestn\u00ed ozn\u00e1men\u00ed. A jak v\u00fd\u0161e zm\u00edn\u011bno, v\u0161echna takov\u00e1 opat\u0159en\u00ed, kter\u00e1 se praktikuj\u00ed v\u016f\u010di ob\u010dan\u016fm, by byly opr\u00e1vn\u011bn\u00e9, pokud byly uz\u00e1kon\u011bn\u00e9. Ob\u010dan je povinen respektovat z\u00e1kony, nikoliv sv\u00e9voln\u00e9 p\u0159\u00edkazy lid\u00ed, kter\u00e9 nemaj\u00ed oporu v z\u00e1kon\u011b.<\/p>\n<p>Ji\u0159\u00ed\u00a0 B a \u0165 a<br \/>\n25. \u0159\u00edjna 2021<\/p>\n<p><img decoding=\"async\" loading=\"lazy\" class=\"alignnone  wp-image-1539\" src=\"http:\/\/www.infokuryr.cz\/n\/wp-content\/uploads\/2021\/05\/jiri-bata-225x300.jpg\" alt=\"\" width=\"198\" height=\"264\" srcset=\"https:\/\/www.infokuryr.cz\/n\/wp-content\/uploads\/2021\/05\/jiri-bata-225x300.jpg 225w, https:\/\/www.infokuryr.cz\/n\/wp-content\/uploads\/2021\/05\/jiri-bata.jpg 280w\" sizes=\"(max-width: 198px) 100vw, 198px\" \/><\/p>\n<p>&nbsp;<\/p>\n","protected":false},"excerpt":{"rendered":"<p>V posledn\u00ed dob\u011b se u n\u00e1s d\u011bj\u00ed v\u011bci, kter\u00e9 nejen\u017ee nemaj\u00ed obdoby (nemaj\u00ed, proto\u017ee se&#8230;<\/p>\n","protected":false},"author":2,"featured_media":1712,"comment_status":"closed","ping_status":"closed","sticky":false,"template":"","format":"standard","meta":[],"categories":[6],"tags":[593,29,213],"_links":{"self":[{"href":"https:\/\/www.infokuryr.cz\/n\/wp-json\/wp\/v2\/posts\/5674"}],"collection":[{"href":"https:\/\/www.infokuryr.cz\/n\/wp-json\/wp\/v2\/posts"}],"about":[{"href":"https:\/\/www.infokuryr.cz\/n\/wp-json\/wp\/v2\/types\/post"}],"author":[{"embeddable":true,"href":"https:\/\/www.infokuryr.cz\/n\/wp-json\/wp\/v2\/users\/2"}],"replies":[{"embeddable":true,"href":"https:\/\/www.infokuryr.cz\/n\/wp-json\/wp\/v2\/comments?post=5674"}],"version-history":[{"count":0,"href":"https:\/\/www.infokuryr.cz\/n\/wp-json\/wp\/v2\/posts\/5674\/revisions"}],"wp:featuredmedia":[{"embeddable":true,"href":"https:\/\/www.infokuryr.cz\/n\/wp-json\/wp\/v2\/media\/1712"}],"wp:attachment":[{"href":"https:\/\/www.infokuryr.cz\/n\/wp-json\/wp\/v2\/media?parent=5674"}],"wp:term":[{"taxonomy":"category","embeddable":true,"href":"https:\/\/www.infokuryr.cz\/n\/wp-json\/wp\/v2\/categories?post=5674"},{"taxonomy":"post_tag","embeddable":true,"href":"https:\/\/www.infokuryr.cz\/n\/wp-json\/wp\/v2\/tags?post=5674"}],"curies":[{"name":"wp","href":"https:\/\/api.w.org\/{rel}","templated":true}]}}