{"id":56725,"date":"2024-06-30T04:44:10","date_gmt":"2024-06-30T02:44:10","guid":{"rendered":"https:\/\/www.infokuryr.cz\/n\/?p=56725"},"modified":"2024-06-30T04:44:10","modified_gmt":"2024-06-30T02:44:10","slug":"saudska-arabie-vyzyva-obcany-aby-urychlene-opustili-libanon","status":"publish","type":"post","link":"https:\/\/www.infokuryr.cz\/n\/2024\/06\/30\/saudska-arabie-vyzyva-obcany-aby-urychlene-opustili-libanon\/","title":{"rendered":"Sa\u00fadsk\u00e1 Ar\u00e1bie vyz\u00fdv\u00e1 ob\u010dany, aby urychlen\u011b opustili Libanon"},"content":{"rendered":"<div id=\"fb-root\"><\/div>\n<p class=\"lead\"><strong>Sa\u00fadsk\u00e1 Ar\u00e1bie vyzvala sv\u00e9 ob\u010dany, aby okam\u017eit\u011b opustili Libanon, uvedla v prohl\u00e1\u0161en\u00ed sa\u00fadsk\u00e1 ambas\u00e1da v Bejr\u00fatu.<\/strong><\/p>\n<p><em>Velvyslanectv\u00ed Kr\u00e1lovstv\u00ed Sa\u00fadsk\u00e9 Ar\u00e1bie v Libanonsk\u00e9 republice se znepokojen\u00edm sleduje aktu\u00e1ln\u00ed d\u011bn\u00ed v ji\u017en\u00edm Libanonu, opakuje svou v\u00fdzvu v\u0161em sa\u00fadsk\u00fdm ob\u010dan\u016fm, aby se pod\u0159\u00eddili rozhodnut\u00ed o z\u00e1kazu cestov\u00e1n\u00ed do Libanonu, a vyz\u00fdv\u00e1 tamn\u00ed ob\u010dany, aby okam\u017eit\u011b ode\u0161li Libanonsk\u00e9 \u00fazem\u00ed,\u201c<span class=\"after-quote\">\u00a0&#8211; uvedlo velvyslanectv\u00ed kr\u00e1lovstv\u00ed v prohl\u00e1\u0161en\u00ed.<\/span><\/em><\/p>\n<p><span>Noviny Politico d\u0159\u00edve s odkazem na americkou zpravodajskou slu\u017ebu uvedly, \u017ee pokud izraelsk\u00e1 strana a palestinsk\u00e9 hnut\u00ed Hamas nedos\u00e1hnou dohody o p\u0159\u00edm\u011b\u0159\u00ed v p\u00e1smu Gazy, mohlo by b\u011bhem n\u011bkolika p\u0159\u00ed\u0161t\u00edch t\u00fddn\u016f doj\u00edt k rozs\u00e1hl\u00e9mu st\u0159etu mezi Izraelem a Hizball\u00e1hem.<\/span><\/p>\n<p><span>Izraelsk\u00e9 obrann\u00e9 s\u00edly (IDF) 18. \u010dervna ozn\u00e1mily schv\u00e1len\u00ed bojov\u00fdch pl\u00e1n\u016f ofenz\u00edvy v Libanonu. Pot\u00e9 tamn\u00ed ministr zahrani\u010d\u00ed\u00a0<\/span><strong><span>Israel Katz<\/span><\/strong><span> pohrozil zni\u010den\u00edm Hizball\u00e1hu a v\u00e1\u017en\u00fdm po\u0161kozen\u00edm Libanonu v p\u0159\u00edpad\u011b tot\u00e1ln\u00ed v\u00e1lky a dodal, \u017ee Izrael je bl\u00edzko okam\u017eiku, kdy u\u010din\u00ed rozhodnut\u00ed, kter\u00e9 zm\u011bn\u00ed pravidla na severn\u00ed front\u011b.\u00a0 Na druh\u00e9 stran\u011b gener\u00e1ln\u00ed tajemn\u00edk Hizball\u00e1hu\u00a0<\/span><strong><span>Hassan Nasrullah<\/span><\/strong><span>\u00a019. \u010dervna \u0159ekl, \u017ee hnut\u00ed by mohlo napadnout severn\u00ed Izrael, pokud se konfrontace d\u00e1le zintenzivn\u00ed.<\/span><\/p>\n<p><img decoding=\"async\" loading=\"lazy\" class=\"alignnone size-full wp-image-1185\" src=\"http:\/\/www.infokuryr.cz\/n\/wp-content\/uploads\/2021\/04\/kuryr-podpis.png\" alt=\"\" width=\"84\" height=\"24\" \/><\/p>\n<p>&nbsp;<\/p>\n","protected":false},"excerpt":{"rendered":"<p>Sa\u00fadsk\u00e1 Ar\u00e1bie vyzvala sv\u00e9 ob\u010dany, aby okam\u017eit\u011b opustili Libanon, uvedla v prohl\u00e1\u0161en\u00ed sa\u00fadsk\u00e1 ambas\u00e1da v&#8230;<\/p>\n","protected":false},"author":2,"featured_media":56726,"comment_status":"closed","ping_status":"closed","sticky":false,"template":"","format":"standard","meta":[],"categories":[7],"tags":[405,1012,538],"_links":{"self":[{"href":"https:\/\/www.infokuryr.cz\/n\/wp-json\/wp\/v2\/posts\/56725"}],"collection":[{"href":"https:\/\/www.infokuryr.cz\/n\/wp-json\/wp\/v2\/posts"}],"about":[{"href":"https:\/\/www.infokuryr.cz\/n\/wp-json\/wp\/v2\/types\/post"}],"author":[{"embeddable":true,"href":"https:\/\/www.infokuryr.cz\/n\/wp-json\/wp\/v2\/users\/2"}],"replies":[{"embeddable":true,"href":"https:\/\/www.infokuryr.cz\/n\/wp-json\/wp\/v2\/comments?post=56725"}],"version-history":[{"count":0,"href":"https:\/\/www.infokuryr.cz\/n\/wp-json\/wp\/v2\/posts\/56725\/revisions"}],"wp:featuredmedia":[{"embeddable":true,"href":"https:\/\/www.infokuryr.cz\/n\/wp-json\/wp\/v2\/media\/56726"}],"wp:attachment":[{"href":"https:\/\/www.infokuryr.cz\/n\/wp-json\/wp\/v2\/media?parent=56725"}],"wp:term":[{"taxonomy":"category","embeddable":true,"href":"https:\/\/www.infokuryr.cz\/n\/wp-json\/wp\/v2\/categories?post=56725"},{"taxonomy":"post_tag","embeddable":true,"href":"https:\/\/www.infokuryr.cz\/n\/wp-json\/wp\/v2\/tags?post=56725"}],"curies":[{"name":"wp","href":"https:\/\/api.w.org\/{rel}","templated":true}]}}