{"id":56721,"date":"2024-06-30T04:31:53","date_gmt":"2024-06-30T02:31:53","guid":{"rendered":"https:\/\/www.infokuryr.cz\/n\/?p=56721"},"modified":"2024-06-30T04:31:53","modified_gmt":"2024-06-30T02:31:53","slug":"orban-byrokrate-eu-chteji-valku-s-ruskem","status":"publish","type":"post","link":"https:\/\/www.infokuryr.cz\/n\/2024\/06\/30\/orban-byrokrate-eu-chteji-valku-s-ruskem\/","title":{"rendered":"Orb\u00e1n: Byrokrat\u00e9 EU \u201echt\u011bj\u00ed v\u00e1lku s Ruskem\u201c"},"content":{"rendered":"<div id=\"fb-root\"><\/div>\n<p><span style=\"font-size: 18pt;\"><strong>Ma\u010farsk\u00fd premi\u00e9r obvinil Brusel z toho, \u017ee v souvislosti s konfliktem na Ukrajin\u011b \u010din\u00ed \u201e\u0161patn\u00e1 politick\u00e1 rozhodnut\u00ed\u201c<\/strong><\/span><\/p>\n<p><span>Veden\u00ed EU tla\u010d\u00ed blok sm\u011brem k v\u00e1lce s Ruskem a zanedb\u00e1v\u00e1 z\u00e1jmy vlastn\u00edho lidu, prohl\u00e1sil ma\u010farsk\u00fd premi\u00e9r Viktor Orb\u00e1n.<\/span><\/p>\n<p><span>Orb\u00e1n v sobotu uve\u0159ejn\u011bn\u00e9m v novin\u00e1ch Magyar Nemzet varoval, \u017ee EU \u010del\u00ed \u0159ad\u011b kriz\u00ed, v\u010detn\u011b ekonomick\u00fdch v\u00fdzev a zv\u00fd\u0161en\u00e9 hrozby terorismu.<\/span><\/p>\n<p><em><span>\u201eAby toho nebylo m\u00e1lo, bruselsk\u00e1 byrokracie, kter\u00e1 \u017eije v bublin\u011b, ud\u011blala v posledn\u00edch letech \u0159adu \u0161patn\u00fdch politick\u00fdch rozhodnut\u00ed,\u201c<\/span><\/em><span>\u00a0argumentoval premi\u00e9r.\u00a0<\/span><em><span>&#8222;Evropa je st\u00e1le v\u00edce zatahov\u00e1na do v\u00e1lky, ve kter\u00e9 nem\u00e1 co z\u00edskat a v\u0161echno ztratit.&#8220;<\/span><\/em><\/p>\n<p><em><span>\u201eBrusel\u0161t\u00ed byrokrat\u00e9 cht\u011bj\u00ed tuto v\u00e1lku. Pova\u017euj\u00ed to za sv\u00e9 a cht\u011bj\u00ed porazit Rusko. St\u00e1le pos\u00edlaj\u00ed pen\u00edze evropsk\u00e9ho lidu na Ukrajinu. Sankcemi st\u0159elili evropsk\u00e9 spole\u010dnosti do nohou. Vyhnali inflaci a vyd\u011blali<\/span><\/em><\/p>\n<p><em><strong><span>Brusel\u0161t\u00ed byrokrat\u00e9 cht\u011bj\u00ed tuto v\u00e1lku, pova\u017euj\u00ed ji za svou a cht\u011bj\u00ed porazit Rusko. Neust\u00e1le pos\u00edlaj\u00ed pen\u00edze evropsk\u00e9ho lidu na Ukrajinu, sankcemi post\u0159elili evropsk\u00e9 spole\u010dnosti, zv\u00fd\u0161ili inflaci a zt\u00ed\u017eili ob\u017eivu milion\u016fm evropsk\u00fdch ob\u010dan\u016f.<\/span><\/strong><\/em><\/p>\n<p><span>Orban tak\u00e9 obvinil veden\u00ed EU, \u017ee\u00a0<\/span><em><span>\u201evnucuje sv\u00e9 vlastn\u00ed ideologie\u201c<\/span><\/em><span>\u00a0obyvatelstvu EU, m\u00edsto aby\u00a0<\/span><em><span>\u201ese staralo o z\u00e1jmy lid\u00ed\u201c.<\/span><\/em><\/p>\n<p><span>Ma\u010farsk\u00fd v\u016fdce se vyj\u00e1d\u0159il kr\u00e1tce pot\u00e9, co EU ofici\u00e1ln\u011b nominovala Ursulu von der Leyenovou na t\u0159et\u00ed funk\u010dn\u00ed obdob\u00ed p\u0159edsedkyn\u00ed Evropsk\u00e9 komise. Ve stejn\u00e9 dob\u011b byla nominov\u00e1na estonsk\u00e1 ministryn\u011b zahrani\u010d\u00ed Kaja Kallas, kter\u00e1 nahrad\u00ed Josepa Borrella ve funkci nejvy\u0161\u0161\u00edho diplomata bloku. Kallasov\u00e1, zn\u00e1m\u00e1 sv\u00fdm jest\u0159\u00e1b\u00edm postojem k zahrani\u010dn\u00ed politice, byla jedn\u00edm z kl\u00ed\u010dov\u00fdch zast\u00e1nc\u016f tvrd\u0161\u00edch sankc\u00ed v\u016f\u010di Rusku a v\u011bt\u0161\u00edho po\u010dtu dod\u00e1vek zbran\u00ed na Ukrajinu. Je tak\u00e9 zast\u00e1ncem vyu\u017eit\u00ed zmrazen\u00fdch rusk\u00fdch aktiv pro pomoc Ukrajin\u011b.<\/span><\/p>\n<p><span>Orb\u00e1n mezit\u00edm vytrvale kritizuje p\u0159\u00edstup EU ke konfliktu na Ukrajin\u011b a up\u0159ednost\u0148uje diplomatick\u00e9 urovn\u00e1n\u00ed prost\u0159ednictv\u00edm vyjedn\u00e1v\u00e1n\u00ed nam\u00edsto dal\u0161\u00ed eskalace. Na rozd\u00edl od mnoha \u010dlen\u016f NATO Ma\u010farsko odm\u00edtlo poslat do Kyjeva jak\u00e9koli zbran\u011b a lobovalo proti bezpodm\u00edne\u010dn\u00e9 finan\u010dn\u00ed pomoci.<\/span><\/p>\n<p><span>Orb\u00e1n d\u0159\u00edve tvrdil, \u017ee USA a EU jsou\u00a0<\/span><em><span>\u201ezdroji\u201c<\/span><\/em><span>\u00a0\u201e v\u00e1le\u010dn\u00e9ho\u00a0<\/span><em><span>\u0161\u00edlenstv\u00ed\u201c,<\/span><\/em><span>\u00a0kter\u00e9 se \u0161\u00ed\u0159\u00ed kontinentem, a obvinil Brusel z nebezpe\u010dn\u00e9ho konfliktu s Ruskem.<\/span><\/p>\n<p><img decoding=\"async\" loading=\"lazy\" class=\"alignnone size-full wp-image-1185\" src=\"http:\/\/www.infokuryr.cz\/n\/wp-content\/uploads\/2021\/04\/kuryr-podpis.png\" alt=\"\" width=\"84\" height=\"24\" \/><\/p>\n<p>&nbsp;<\/p>\n","protected":false},"excerpt":{"rendered":"<p>Ma\u010farsk\u00fd premi\u00e9r obvinil Brusel z toho, \u017ee v souvislosti s konfliktem na Ukrajin\u011b \u010din\u00ed \u201e\u0161patn\u00e1&#8230;<\/p>\n","protected":false},"author":2,"featured_media":56562,"comment_status":"closed","ping_status":"closed","sticky":false,"template":"","format":"standard","meta":[],"categories":[7],"tags":[41,439,22,40],"_links":{"self":[{"href":"https:\/\/www.infokuryr.cz\/n\/wp-json\/wp\/v2\/posts\/56721"}],"collection":[{"href":"https:\/\/www.infokuryr.cz\/n\/wp-json\/wp\/v2\/posts"}],"about":[{"href":"https:\/\/www.infokuryr.cz\/n\/wp-json\/wp\/v2\/types\/post"}],"author":[{"embeddable":true,"href":"https:\/\/www.infokuryr.cz\/n\/wp-json\/wp\/v2\/users\/2"}],"replies":[{"embeddable":true,"href":"https:\/\/www.infokuryr.cz\/n\/wp-json\/wp\/v2\/comments?post=56721"}],"version-history":[{"count":0,"href":"https:\/\/www.infokuryr.cz\/n\/wp-json\/wp\/v2\/posts\/56721\/revisions"}],"wp:featuredmedia":[{"embeddable":true,"href":"https:\/\/www.infokuryr.cz\/n\/wp-json\/wp\/v2\/media\/56562"}],"wp:attachment":[{"href":"https:\/\/www.infokuryr.cz\/n\/wp-json\/wp\/v2\/media?parent=56721"}],"wp:term":[{"taxonomy":"category","embeddable":true,"href":"https:\/\/www.infokuryr.cz\/n\/wp-json\/wp\/v2\/categories?post=56721"},{"taxonomy":"post_tag","embeddable":true,"href":"https:\/\/www.infokuryr.cz\/n\/wp-json\/wp\/v2\/tags?post=56721"}],"curies":[{"name":"wp","href":"https:\/\/api.w.org\/{rel}","templated":true}]}}