{"id":56717,"date":"2024-06-30T00:51:24","date_gmt":"2024-06-29T22:51:24","guid":{"rendered":"https:\/\/www.infokuryr.cz\/n\/?p=56717"},"modified":"2024-06-29T19:29:51","modified_gmt":"2024-06-29T17:29:51","slug":"kdysi-bylo-chvaleno-za-nejvyssi-miru-proockovanosti-dnes-ma-portugalsko-nejvyssi-miru-nadmernych-umrti","status":"publish","type":"post","link":"https:\/\/www.infokuryr.cz\/n\/2024\/06\/30\/kdysi-bylo-chvaleno-za-nejvyssi-miru-proockovanosti-dnes-ma-portugalsko-nejvyssi-miru-nadmernych-umrti\/","title":{"rendered":"Kdysi bylo chv\u00e1leno za nejvy\u0161\u0161\u00ed m\u00edru proo\u010dkovanosti, dnes m\u00e1 Portugalsko nejvy\u0161\u0161\u00ed m\u00edru nadm\u011brn\u00fdch \u00famrt\u00ed"},"content":{"rendered":"<div id=\"fb-root\"><\/div>\n<p><span>Portugalsko m\u00e1 podle statistick\u00fdch dat Oxfordsk\u00e9 univerzity ulo\u017een\u00fdch na port\u00e1lu \u201eOur World in Data\u201c nejvy\u0161\u0161\u00ed proo\u010dkovanost proti Covid-19 na sv\u011bt\u011b, p\u0159i\u010dem\u017e t\u00e9m\u011b\u0159 100 procent opr\u00e1vn\u011bn\u00fdch ob\u010dan\u016f star\u0161\u00edch 12 let je dvakr\u00e1t o\u010dkov\u00e1no.<\/span><\/p>\n<p><span>Tato mimo\u0159\u00e1dn\u00e1 statistika znamen\u00e1, \u017ee Portugalsko je p\u0159\u00edmo dokonalou p\u0159\u00edpadovou studi\u00ed o tom, jak experiment\u00e1ln\u00ed mRNA vakc\u00edny fungovaly \u2013 a jak\u00e9 maj\u00ed n\u00e1sledky.<\/span><span id=\"more-67640\"><\/span><\/p>\n<p><span>Zat\u00edmco Bill Gates, mainstreamov\u00e1 m\u00e9dia a kartel farmaceutick\u00fdch firem tvrd\u00ed, \u017ee \u010d\u00edm v\u00edce lid\u00ed je o\u010dkov\u00e1no, t\u00edm je spole\u010dnost zdrav\u011bj\u0161\u00ed, ve skute\u010dnosti p\u0159esn\u00fd opak je pravdou.<\/span><\/p>\n<p><strong>Prohl\u00e9dn\u011bte si n\u00ed\u017ee dva nadpisy z novin:<\/strong><\/p>\n<p><img decoding=\"async\" loading=\"lazy\" class=\"aligncenter  wp-image-67642\" src=\"https:\/\/www.badatel.net\/wp-content\/uploads\/2024\/06\/portugalsko-noviny.jpg\" sizes=\"(max-width: 797px) 100vw, 797px\" srcset=\"https:\/\/www.badatel.net\/wp-content\/uploads\/2024\/06\/portugalsko-noviny.jpg 797w, https:\/\/www.badatel.net\/wp-content\/uploads\/2024\/06\/portugalsko-noviny-300x222.jpg 300w, https:\/\/www.badatel.net\/wp-content\/uploads\/2024\/06\/portugalsko-noviny-768x568.jpg 768w\" alt=\"\" width=\"668\" height=\"494\" \/><\/p>\n<p><span>Prvn\u00ed nadpis \u0159\u00edk\u00e1: \u201ePortugalsko m\u00e1 nejvy\u0161\u0161\u00ed m\u00edru proo\u010dkovanosti proti covidu na sv\u011bt\u011b\u201c.<\/span><\/p>\n<p><span>Druh\u00fd nadpis \u0159\u00edk\u00e1: \u201ePortugalsko zaznamenalo nejvy\u0161\u0161\u00ed m\u00edru nadm\u011brn\u00fdch \u00famrt\u00ed v Evrop\u011b\u201c.<\/span><\/p>\n<p><span>Mimo\u0159\u00e1dn\u00e1 m\u00edra proo\u010dkovanosti v Portugalsku zp\u016fsobila podle l\u00e9ka\u0159sk\u00fdch expert\u016f mnoho probl\u00e9m\u016f, ale snad nejv\u00fdrazn\u011bj\u0161\u00edm v\u00fdsledkem v t\u00e9to zemi Pyrenejsk\u00e9ho poloostrova je nadm\u011brn\u00e1 \u00famrtnost, kter\u00e1 dokonce meziro\u010dn\u011b zrychluje.<\/span><\/p>\n<p><em><span>\u201ePodle \u00fadaj\u016f z Instituto Ricardo Jorge, kter\u00e9 byly zve\u0159ejn\u011bny minul\u00fd \u010dtvrtek v \u010dasopise Expresso, do\u0161lo mezi 18. prosincem 2023 a 14. lednem 2024 k 28% nadm\u011brn\u00e9 \u00famrtnosti,\u201c<\/span><\/em><span>\u00a0vysv\u011btluje Gustavo Tato Borges, prezident N\u00e1rodn\u00ed asociace l\u00e9ka\u0159\u016f ve\u0159ejn\u00e9ho zdravotnictv\u00ed.<\/span><\/p>\n<p><span>L\u00e9ka\u0159i jsou zmateni z toho, \u017ee portugal\u0161t\u00ed ob\u010dan\u00e9 nad\u00e1le um\u00edraj\u00ed v po\u010dtech, kter\u00e9 byly d\u0159\u00edve pova\u017eov\u00e1ny za nemysliteln\u00e9. Nap\u0159\u00edklad, v lednu leto\u0161n\u00edho roku zem\u0159elo v\u00edce ne\u017e 2 800 ob\u010dan\u016f nad z\u00e1kladn\u00ed \u00farovn\u00ed.<\/span><\/p>\n<p><span>V roce 2024 um\u00edr\u00e1 tolik lid\u00ed, \u017ee nemocnice a pohotovostn\u00ed zdravotnick\u00e1 za\u0159\u00edzen\u00ed jsou zcela p\u0159et\u00ed\u017een\u00e9.<\/span><\/p>\n<p><em><span>\u201eN\u00e1rodn\u00ed sdru\u017een\u00ed l\u00e9ka\u0159\u016f ve\u0159ejn\u00e9ho zdravotnictv\u00ed se domn\u00edv\u00e1, \u017ee p\u0159epln\u011bn\u00ed pohotovostn\u00edch odd\u011blen\u00ed m\u016f\u017ee ohrozit poskytov\u00e1n\u00ed efektivn\u00ed zdravotn\u00ed p\u00e9\u010de pacient\u016fm a p\u0159isp\u011bt k ji\u017e tak vysok\u00e9 \u00farovni \u00famrtnosti,\u201c<\/span><\/em><span>\u00a0\u0159ekl Gustavo Tato Borges.<\/span><\/p>\n<p><span>Rostouc\u00ed nadm\u011brn\u00e1 \u00famrtnost \u0161okuje cel\u00fd portugalsk\u00fd n\u00e1rod, ale vl\u00e1da opakovan\u011b zablokovala \u0161\u00ed\u0159\u00edc\u00ed se v\u00fdzvy k ofici\u00e1ln\u00edmu vy\u0161et\u0159en\u00ed p\u0159\u00ed\u010din.<\/span><\/p>\n<p><span>Vy\u0161et\u0159ovatel\u00e9 by toti\u017e mohli konstatovat, \u017ee\u00a0<\/span><a href=\"https:\/\/www.badatel.net\/odvolaci-sud-v-portugalsku-potvrdil-ze-pcr-testy-su-podvod-a-nedokazu-diagnostikovat-covid\/\"><span>Portugalsko<\/span><\/a><span>\u00a0se m\u016f\u017ee pochlubit nejvy\u0161\u0161\u00ed proo\u010dkovanost\u00ed proti covidu na sv\u011bt\u011b a z\u00e1rove\u0148 nejvy\u0161\u0161\u00ed nadm\u011brnou \u00famrtnost\u00ed v Evrop\u011b.<\/span><\/p>\n<p><span>N\u011bkdy korelace p\u0159\u00edmo implikuje p\u0159\u00ed\u010dinnou souvislost. T\u00e9 se z\u0159ejm\u011b portugal\u0161t\u00ed politici boj\u00ed jako \u010dert k\u0159\u00ed\u017ee, proto\u017ee po ofici\u00e1ln\u00edm p\u0159izn\u00e1n\u00ed p\u0159\u00ed\u010diny by t\u00e9m\u011b\u0159 jist\u011b n\u00e1sledovaly trestn\u011bpr\u00e1vn\u00ed postihy.<\/span><\/p>\n<p><span>Autor: Baxter Dmitry, Zdroj:\u00a0<\/span><a href=\"https:\/\/thepeoplesvoice.tv\/once-praised-for-worlds-highest-vaccination-rate-portugal-now-records-highest-excess-deaths\/\" target=\"_blank\" rel=\"noopener\"><span>thepeoplesvoice.tv<\/span><\/a><\/p>\n<p>&nbsp;<\/p>\n","protected":false},"excerpt":{"rendered":"<p>Portugalsko m\u00e1 podle statistick\u00fdch dat Oxfordsk\u00e9 univerzity ulo\u017een\u00fdch na port\u00e1lu \u201eOur World in Data\u201c nejvy\u0161\u0161\u00ed&#8230;<\/p>\n","protected":false},"author":2,"featured_media":56718,"comment_status":"closed","ping_status":"closed","sticky":false,"template":"","format":"standard","meta":[],"categories":[7],"tags":[213,543,1569,651],"_links":{"self":[{"href":"https:\/\/www.infokuryr.cz\/n\/wp-json\/wp\/v2\/posts\/56717"}],"collection":[{"href":"https:\/\/www.infokuryr.cz\/n\/wp-json\/wp\/v2\/posts"}],"about":[{"href":"https:\/\/www.infokuryr.cz\/n\/wp-json\/wp\/v2\/types\/post"}],"author":[{"embeddable":true,"href":"https:\/\/www.infokuryr.cz\/n\/wp-json\/wp\/v2\/users\/2"}],"replies":[{"embeddable":true,"href":"https:\/\/www.infokuryr.cz\/n\/wp-json\/wp\/v2\/comments?post=56717"}],"version-history":[{"count":0,"href":"https:\/\/www.infokuryr.cz\/n\/wp-json\/wp\/v2\/posts\/56717\/revisions"}],"wp:featuredmedia":[{"embeddable":true,"href":"https:\/\/www.infokuryr.cz\/n\/wp-json\/wp\/v2\/media\/56718"}],"wp:attachment":[{"href":"https:\/\/www.infokuryr.cz\/n\/wp-json\/wp\/v2\/media?parent=56717"}],"wp:term":[{"taxonomy":"category","embeddable":true,"href":"https:\/\/www.infokuryr.cz\/n\/wp-json\/wp\/v2\/categories?post=56717"},{"taxonomy":"post_tag","embeddable":true,"href":"https:\/\/www.infokuryr.cz\/n\/wp-json\/wp\/v2\/tags?post=56717"}],"curies":[{"name":"wp","href":"https:\/\/api.w.org\/{rel}","templated":true}]}}