{"id":56690,"date":"2024-06-30T00:38:36","date_gmt":"2024-06-29T22:38:36","guid":{"rendered":"https:\/\/www.infokuryr.cz\/n\/?p=56690"},"modified":"2024-06-29T18:17:18","modified_gmt":"2024-06-29T16:17:18","slug":"hizballah-a-bojovnici-islamskeho-dzihadu-zabiti-pri-izraelskych-utocich-na-jizni-libanon","status":"publish","type":"post","link":"https:\/\/www.infokuryr.cz\/n\/2024\/06\/30\/hizballah-a-bojovnici-islamskeho-dzihadu-zabiti-pri-izraelskych-utocich-na-jizni-libanon\/","title":{"rendered":"Hizball\u00e1h a bojovn\u00edci isl\u00e1msk\u00e9ho d\u017eih\u00e1du zabiti p\u0159i izraelsk\u00fdch \u00fatoc\u00edch na ji\u017en\u00ed Libanon"},"content":{"rendered":"<div id=\"fb-root\"><\/div>\n<p><strong><span>Bojovn\u00edk z Hizball\u00e1hu a dal\u0161\u00ed z brig\u00e1dy al-Quds, vojensk\u00e9ho k\u0159\u00eddla palestinsk\u00e9ho isl\u00e1msk\u00e9ho d\u017eih\u00e1du, byli zabiti p\u0159i s\u00e9rii izraelsk\u00fdch \u00fader\u016f, kter\u00e9 zam\u00ed\u0159ily na ji\u017en\u00ed Libanon 28. \u010dervna.<\/span><\/strong><\/p>\n<p><span>Libanonsk\u00e9 vojensk\u00e9 zdroje \u0159ekly \u010d\u00ednsk\u00e9 tiskov\u00e9 agentu\u0159e Xinhua, \u017ee dva bojovn\u00edci byli zabiti, kdy\u017e \u00fader zni\u010dil t\u0159\u00edpatrov\u00fd d\u016fm ve m\u011bst\u011b Kafr Kila.<\/span><\/p>\n<p><span>\u010cty\u0159i civilist\u00e9 byli tak\u00e9 zran\u011bni ve m\u011bst\u011b Khiam, kde bylo zni\u010deno sedm dom\u016f a 15 dal\u0161\u00edch bylo po\u0161kozeno izraelsk\u00fdmi \u00fadery, podle zdroj\u016f, kter\u00e9 poznamenaly, \u017ee dal\u0161\u00ed \u00fader zas\u00e1hl vojensk\u00e9 centrum Hizball\u00e1hu v Jabal Safi.<\/span><\/p>\n<p><span>Hizball\u00e1h a brig\u00e1da al-Qus v ofici\u00e1ln\u00edch prohl\u00e1\u0161en\u00edch truchlily nad sv\u00fdmi bojovn\u00edky. Mezit\u00edm izraelsk\u00e9 obrann\u00e9 s\u00edly (IDF) zve\u0159ejnily z\u00e1b\u011bry z \u00fatok\u016f, kter\u00e9 m\u00ed\u0159ily na Libanon z 28. \u010dervna a p\u0159es noc.<\/span><\/p>\n<p><iframe loading=\"lazy\" src=\"https:\/\/s5.cdnstatic.space\/wp-content\/uploads\/2024\/06\/twitsave.com_UQ4gedmKpaSCEQrR.mp4\" width=\"600\" height=\"338\" data-mce-fragment=\"1\"><\/iframe><\/p>\n<p><iframe loading=\"lazy\" src=\"https:\/\/s5.cdnstatic.space\/wp-content\/uploads\/2024\/06\/twitsave.com_H77FRmuls4AQkzOE.mp4\" width=\"600\" height=\"338\" data-mce-fragment=\"1\"><\/iframe><\/p>\n<p><span>Smrt\u00edc\u00ed izraelsk\u00e9 \u00fadery Hizball\u00e1h neodradily. Skupina ozn\u00e1mila osm \u00fatok\u016f proti IDF b\u011bhem dne v reakci na \u00fader a na podporu palestinsk\u00e9ho lidu a odporu v p\u00e1smu Gazy.<\/span><\/p>\n<p><span>P\u0159i dvou z \u00fatok\u016f Hizball\u00e1h vyp\u00e1lil \u201edes\u00edtky\u201c raket na velitelstv\u00ed praporu Sahel v kas\u00e1rn\u00e1ch Beit Hillel a vypustil \u201eeskadru\u201c sebevra\u017eedn\u00fdch dron\u016f na nov\u011b z\u0159\u00edzen\u00e9 velitelstv\u00ed 411. d\u011blost\u0159eleck\u00e9ho praporu v oblasti Gatoun. Hebrejsk\u00e1 m\u00e9dia p\u0159iznala materi\u00e1ln\u00ed ztr\u00e1ty, ale nehl\u00e1sila \u017e\u00e1dn\u00e9 ob\u011bti.<\/span><\/p>\n<p><span>St\u0159ety na libanonsko-izraelsk\u00e9 hranici poprv\u00e9 vypukly po za\u010d\u00e1tku v\u00e1lky v Gaze loni v \u0159\u00edjnu, kdy Hizball\u00e1h a jeho spojenci podnikli \u00fatoky na podporu P\u00e1sma.<\/span><\/p>\n<p><span>Dosud si hrani\u010dn\u00ed st\u0159ety vy\u017e\u00e1daly deset mrtv\u00fdch civilist\u016f na izraelsk\u00e9 stran\u011b a tak\u00e9 nejm\u00e9n\u011b 15 voj\u00e1k\u016f a z\u00e1lo\u017en\u00edk\u016f IDF. Na libanonsk\u00e9 stran\u011b bylo zabito v\u00edce ne\u017e 500 lid\u00ed, v\u010detn\u011b 335 bojovn\u00edk\u016f Hizball\u00e1hu a nejm\u00e9n\u011b 90 civilist\u016f.<\/span><\/p>\n<p><img decoding=\"async\" loading=\"lazy\" class=\"alignnone size-full wp-image-1185\" src=\"http:\/\/www.infokuryr.cz\/n\/wp-content\/uploads\/2021\/04\/kuryr-podpis.png\" alt=\"\" width=\"84\" height=\"24\" \/><\/p>\n<p>&nbsp;<\/p>\n","protected":false},"excerpt":{"rendered":"<p>Bojovn\u00edk z Hizball\u00e1hu a dal\u0161\u00ed z brig\u00e1dy al-Quds, vojensk\u00e9ho k\u0159\u00eddla palestinsk\u00e9ho isl\u00e1msk\u00e9ho d\u017eih\u00e1du, byli zabiti&#8230;<\/p>\n","protected":false},"author":2,"featured_media":49323,"comment_status":"closed","ping_status":"closed","sticky":false,"template":"","format":"standard","meta":[],"categories":[7],"tags":[1950,107,405,5135],"_links":{"self":[{"href":"https:\/\/www.infokuryr.cz\/n\/wp-json\/wp\/v2\/posts\/56690"}],"collection":[{"href":"https:\/\/www.infokuryr.cz\/n\/wp-json\/wp\/v2\/posts"}],"about":[{"href":"https:\/\/www.infokuryr.cz\/n\/wp-json\/wp\/v2\/types\/post"}],"author":[{"embeddable":true,"href":"https:\/\/www.infokuryr.cz\/n\/wp-json\/wp\/v2\/users\/2"}],"replies":[{"embeddable":true,"href":"https:\/\/www.infokuryr.cz\/n\/wp-json\/wp\/v2\/comments?post=56690"}],"version-history":[{"count":0,"href":"https:\/\/www.infokuryr.cz\/n\/wp-json\/wp\/v2\/posts\/56690\/revisions"}],"wp:featuredmedia":[{"embeddable":true,"href":"https:\/\/www.infokuryr.cz\/n\/wp-json\/wp\/v2\/media\/49323"}],"wp:attachment":[{"href":"https:\/\/www.infokuryr.cz\/n\/wp-json\/wp\/v2\/media?parent=56690"}],"wp:term":[{"taxonomy":"category","embeddable":true,"href":"https:\/\/www.infokuryr.cz\/n\/wp-json\/wp\/v2\/categories?post=56690"},{"taxonomy":"post_tag","embeddable":true,"href":"https:\/\/www.infokuryr.cz\/n\/wp-json\/wp\/v2\/tags?post=56690"}],"curies":[{"name":"wp","href":"https:\/\/api.w.org\/{rel}","templated":true}]}}