{"id":5669,"date":"2021-10-26T08:05:12","date_gmt":"2021-10-26T06:05:12","guid":{"rendered":"http:\/\/www.infokuryr.cz\/n\/?p=5669"},"modified":"2021-10-26T08:05:12","modified_gmt":"2021-10-26T06:05:12","slug":"vymazana-zprava-britske-vlady-velebila-jak-verejnost-miluje-poslusnost","status":"publish","type":"post","link":"https:\/\/www.infokuryr.cz\/n\/2021\/10\/26\/vymazana-zprava-britske-vlady-velebila-jak-verejnost-miluje-poslusnost\/","title":{"rendered":"Vymaz\u00e1na zpr\u00e1va britsk\u00e9 vl\u00e1dy velebila, jak ve\u0159ejnost miluje poslu\u0161nost"},"content":{"rendered":"<div id=\"fb-root\"><\/div>\n<p><span>Vymaz\u00e1na britsk\u00e1 zpr\u00e1va o tom, jak p\u0159im\u011bt ve\u0159ejnost zm\u011bnit sv\u00e9 chov\u00e1n\u00ed sm\u011brem k pozitivn\u00edmu vn\u00edm\u00e1n\u00ed &#8222;zelen\u00e9 ekonomiky&#8220;, odhalila, jak sou\u010dasn\u00e1 omezen\u00ed vytvo\u0159ily populaci s hlubok\u00fdm smyslem pro poslu\u0161nost.<\/span><\/p>\n<p><span>Tato zpr\u00e1va byla britskou vl\u00e1dou publikov\u00e1na omylem a zakr\u00e1tko po zve\u0159ejn\u011bn\u00ed ji rychle st\u00e1hli.\u00a0Mnoho novin\u00e1\u0159\u016f si v\u0161ak dokument stihlo z internetu st\u00e1hnout.<\/span><\/p>\n<h2><span>Militarizovan\u00e1 behavior\u00e1ln\u00ed psychologie<\/span><\/h2>\n<p><span>Dokument se zab\u00fdval t\u00edm, jak zmilitarizova\u0165 behavior\u00e1ln\u00ed psychologii s c\u00edlem p\u0159im\u011bt ve\u0159ejnost podporovat a akceptovat vl\u00e1dou zav\u00e1d\u011bn\u00e9 opat\u0159en\u00ed, ani\u017e si uv\u011bdomovala, \u017ee je manipulovan\u00e1.<\/span><\/p>\n<p><span>Vy\u0161et\u0159ov\u00e1n\u00ed odhalilo, \u017ee stejn\u00e9\u00a0<\/span><a href=\"https:\/\/www.badatel.net\/je-hysteria-okolo-koronavirusu-psychologickou-operaciou-co-tym-sleduju\/\"><span>manipula\u010dn\u00ed techniky<\/span><\/a><span>\u00a0, jak\u00e9 byly pou\u017eity p\u0159i zav\u00e1d\u011bn\u00ed lockdownu, mohou b\u00fdt pou\u017eity i pro dosa\u017een\u00ed zm\u011bny \u017eivotn\u00edho stylu lid\u00ed ve jm\u00e9nu boje s klimatickou zm\u011bnou.<\/span><\/p>\n<p><span>(\u00a0<\/span><strong><span>Pozn\u00e1mka:\u00a0<\/span><\/strong><span>\u00a0P\u0159ed \u010dasem se to naz\u00fdvalo &#8222;boj proti glob\u00e1ln\u00edmu oteplov\u00e1n\u00ed&#8220;. V n\u011bkter\u00fdch oblastech sv\u011bta v\u0161ak doch\u00e1z\u00ed naopak k ochlazov\u00e1n\u00ed, a tak se lid\u00e9 z &#8222;glob\u00e1ln\u00edho oteplov\u00e1n\u00ed&#8220; za\u010dali vysm\u00edvat. Proto &#8222;glob\u00e1ln\u00ed oteplov\u00e1n\u00ed&#8220; zm\u011bnili na <strong>&#8222;klimatickou zm\u011bnu&#8220;.<\/strong>)<\/span><\/p>\n<p><span>Pod nadpisem &#8222;Principy pro \u00fasp\u011b\u0161n\u00e9 chov\u00e1n\u00ed&#8220; se v dokumentu uv\u00e1d\u00ed:<\/span><\/p>\n<p><em><span>&#8222;Vl\u00e1dn\u00ed prohl\u00e1\u0161en\u00ed \u010diny a z\u00e1kony v\u00fdrazn\u011b utv\u00e1\u0159ej\u00ed vn\u00edm\u00e1n\u00ed toho, co je norm\u00e1ln\u00ed a akceptovateln\u00e9 chov\u00e1n\u00ed.<\/span><\/em><\/p>\n<p><em><span>Nap\u0159\u00edklad i p\u0159i siln\u00e9 kritice ve\u0159ejnosti, v\u011bt\u0161ina st\u00e1le ch\u00e1pe povolen\u00ed od vl\u00e1dy vykon\u00e1vat n\u011bjakou \u010dinnost tak, \u017ee tato \u010dinnost je jist\u011b bezpe\u010dn\u00e1.<\/span><\/em><\/p>\n<p><em><span>Z toho vypl\u00fdv\u00e1 hlubok\u00e1 v\u00edra jednotlivce v legitimn\u00ed autoritu vl\u00e1dy, bez ohledu na jeho politick\u00e9 p\u0159esv\u011bd\u010den\u00ed. &#8222;<\/span><\/em><\/p>\n<p><span>Na jedn\u00e9 stran\u011b ve\u0159ejn\u00e9 o\u010dkov\u00e1n\u00ed se politik\u016f v televizi m\u011blo na lidi pozitivn\u00ed p\u0159esv\u011bd\u010div\u00fd vliv, na stran\u011b druh\u00e9 pokrytectv\u00ed elity (nedodr\u017eov\u00e1n\u00ed vlastn\u00edch na\u0159\u00edzen\u00ed) v\u00fdrazn\u011b po\u0161kozovalo d\u016fv\u011bru ve\u0159ejnosti.<\/span><\/p>\n<p><span>Jak uv\u00e1d\u00ed zpr\u00e1va:<\/span><\/p>\n<p><em><span>&#8222;Vn\u00edman\u00e9 pokrytectv\u00ed dok\u00e1\u017ee siln\u011b podkopat d\u016fv\u011bru a podporu ve\u0159ejnosti.<\/span><\/em><\/p>\n<p><em><span>Je to mo\u017en\u00e9 vid\u011bt p\u0159i pandemii Covid-19, kdy\u017e prominentn\u00ed autority poru\u0161ili pravidla.\u00a0N\u00e1sledn\u011b doch\u00e1zelo ke sni\u017eov\u00e1n\u00ed m\u00edry dodr\u017eov\u00e1n\u00ed p\u0159edpis\u016f a tak\u00e9 ke zm\u011bn\u00e1m postoj\u016f ve\u0159ejnosti. &#8222;<\/span><\/em><\/p>\n<p><span>(\u00a0<\/span><strong><span>Pozn\u00e1mka:\u00a0<\/span><\/strong><span> P\u0159\u00edklady takov\u00e9ho nedodr\u017een\u00ed na\u0159\u00edzen\u00ed u n\u00e1s jsou Primula, Vojt\u011bch Adam a spol.)<\/span><span>).<\/span><\/p>\n<h2><span>Pokrytectv\u00ed zelen\u00e9 agendy<\/span><\/h2>\n<p><span>Str\u00e1nka\u00a0<\/span><a href=\"https:\/\/www.breitbart.com\/europe\/2021\/10\/22\/report-corona-shows-public-have-deep-set-reverence-for-govt\/\" target=\"_blank\" rel=\"noopener\"><span>Breitbart<\/span><\/a><span> uv\u00e1d\u00ed, \u017ee takzvan\u00e1 zelen\u00e1 agenda m\u00e1 podobn\u00e9 hluboce zako\u0159en\u011bn\u00e9 probl\u00e9my s d\u016fv\u011bryhodnost\u00ed elit:<\/span><\/p>\n<p><em><span>&#8222;Spole\u010dn\u00fdm znakem klimatick\u00fdch Sumit\u016f je, \u017ee mnoz\u00ed vysoc\u00ed \u00fa\u010dastn\u00edci na nich p\u0159ich\u00e1zej\u00ed soukrom\u00fdmi nebo vl\u00e1dn\u00edmi letadly. Jde tedy o hrub\u00fd nesoulad mezi jejich \u0159e\u010dmi a \u010diny a zd\u00e1 se, \u017ee tento sentiment tak brzy nevyprch\u00e1. &#8222;<\/span><\/em><\/p>\n<p><span>Vl\u00e1dn\u00ed dokument doch\u00e1z\u00ed k z\u00e1v\u011bru, \u017ee lid\u00e9 mohou b\u00fdt snadno po\u0161\u0165uchnut\u00ed ke zm\u011bn\u011b chov\u00e1n\u00ed na z\u00e1klad\u011b vl\u00e1dn\u00edch prohl\u00e1\u0161en\u00ed, a \u017ee lid\u00e9 maj\u00ed &#8222;silnou tendenci uposlechnout&#8220;.<\/span><\/p>\n<p><span>Vy\u0161et\u0159ov\u00e1n\u00ed d\u00e1le zjistilo, \u017ee i kdy\u017e po\u017eadovan\u00e9 zm\u011bny v \u017eivotn\u00edm stylu nejsou u lid\u00ed popul\u00e1rn\u00ed, v\u011bt\u0161ina si na zm\u011bny rychle zvykne a za\u010dne je br\u00e1t jako nov\u00fd &#8222;status quo&#8220;.<\/span><\/p>\n<h2><span>Strach &#8211; hlavn\u00ed n\u00e1stroj vl\u00e1d pro zabezpe\u010den\u00ed si poslu\u0161nosti<\/span><\/h2>\n<p><span>Zpr\u00e1vu vypracoval\u00a0<\/span><em><span>Behavior\u00e1ln\u00ed t\u00fdm\u00a0<\/span><\/em><span>\u00a0(BIT), co\u017e je kvazi-vl\u00e1dn\u00ed agentura, kter\u00e1 byla sou\u010d\u00e1st\u00ed pl\u00e1n\u016f k pou\u017eit\u00ed &#8222;totalitn\u00edch&#8220; a &#8222;neetick\u00fdch&#8220; metod na vyvol\u00e1n\u00ed strachu v populaci.<\/span><\/p>\n<p><span>Strach p\u0159edstavoval hlavn\u00ed n\u00e1stroj, kter\u00fdm p\u0159im\u011bly lidi dodr\u017eovat pandemick\u00e9 na\u0159\u00edzen\u00ed.<\/span><\/p>\n<p><span>P\u0159\u00edbuzn\u00e1 skupina s n\u00e1zvem\u00a0<\/span><em><span>V\u011bdeck\u00e1 pandemick\u00e1 skupina pro zkoum\u00e1n\u00ed chov\u00e1n\u00ed\u00a0<\/span><\/em><span>\u00a0varovala p\u0159ed za\u010d\u00e1tkem prvn\u00edho lockdownu, \u017ee &#8222;v\u00fdznamn\u00e1 \u010d\u00e1st ve\u0159ejnosti st\u00e1le nepoci\u0165uje ohledn\u011b infekce Covid-19 dostate\u010dn\u00e9 ohro\u017een\u00ed&#8220;.<\/span><\/p>\n<p><span>Jak uvedli:<\/span><\/p>\n<p><em><span>&#8222;Poci\u0165ovan\u00e1 m\u00edra osobn\u00edho ohro\u017een\u00ed mezi nedostate\u010dn\u011b vystra\u0161en\u00fdmi lidmi mus\u00ed b\u00fdt zv\u00fd\u0161ena pomoc\u00ed tvrd\u00fdch emocion\u00e1ln\u00edch zpr\u00e1v.&#8220;<\/span><\/em><\/p>\n<p><span>To pak vedlo k propagandistick\u00fdm kampan\u00edm zveli\u010duj\u00edc\u00ed nebezpe\u010d\u00ed covidu, kter\u00fdm takto &#8222;dokopali&#8220; obyvatelstvo k pod\u0159\u00edzen\u00ed se.<\/span><\/p>\n<p><span>V z\u00e1v\u011bru pak zpr\u00e1va konstatuje, \u017ee:<\/span><\/p>\n<p><em><span>&#8222;Ve\u0159ejnost je v\u011bt\u0161inou neuva\u017euj\u00edc\u00ed a poslu\u0161n\u00e1 a m\u016f\u017ee b\u00fdt p\u0159inucena k dodr\u017eov\u00e1n\u00ed prakticky \u010dehokoliv, pokud je neust\u00e1le bombardov\u00e1na tou spr\u00e1vnou propagandou.&#8220;<\/span><\/em><\/p>\n<h2><span>Z\u00e1v\u011br<\/span><\/h2>\n<p><strong>No nen\u00ed to n\u00e1dhern\u00e9, jak n\u00e1s vl\u00e1dy p\u0159esv\u011bd\u010duj\u00ed ne argumenty, ale propagandou a strachem ?!<\/strong><\/p>\n<p><strong>Jedin\u00fd zp\u016fsob ukon\u010den\u00ed pandemie a cel\u00e9ho toho \u0161\u00edlenstv\u00ed kolem je, pokud se v\u0161ichni spole\u010dn\u011b postav\u00edme a \u0159ekneme hlasit\u00e9 &#8222;Ne!&#8220;<\/strong><\/p>\n<p><span>Zdroj:\u00a0<\/span><a href=\"https:\/\/www.activistpost.com\/2021\/10\/deleted-uk-government-report-celebrates-how-public-loves-to-conform.html\" target=\"_blank\" rel=\"noopener\"><span>activistpost.com<\/span><\/a><span>\u00a0, Zpracoval: Badatel.net<\/span><\/p>\n<p>&nbsp;<\/p>\n","protected":false},"excerpt":{"rendered":"<p>Vymaz\u00e1na britsk\u00e1 zpr\u00e1va o tom, jak p\u0159im\u011bt ve\u0159ejnost zm\u011bnit sv\u00e9 chov\u00e1n\u00ed sm\u011brem k pozitivn\u00edmu vn\u00edm\u00e1n\u00ed&#8230;<\/p>\n","protected":false},"author":2,"featured_media":5670,"comment_status":"closed","ping_status":"closed","sticky":false,"template":"","format":"standard","meta":[],"categories":[7],"tags":[28,48,303,99],"_links":{"self":[{"href":"https:\/\/www.infokuryr.cz\/n\/wp-json\/wp\/v2\/posts\/5669"}],"collection":[{"href":"https:\/\/www.infokuryr.cz\/n\/wp-json\/wp\/v2\/posts"}],"about":[{"href":"https:\/\/www.infokuryr.cz\/n\/wp-json\/wp\/v2\/types\/post"}],"author":[{"embeddable":true,"href":"https:\/\/www.infokuryr.cz\/n\/wp-json\/wp\/v2\/users\/2"}],"replies":[{"embeddable":true,"href":"https:\/\/www.infokuryr.cz\/n\/wp-json\/wp\/v2\/comments?post=5669"}],"version-history":[{"count":0,"href":"https:\/\/www.infokuryr.cz\/n\/wp-json\/wp\/v2\/posts\/5669\/revisions"}],"wp:featuredmedia":[{"embeddable":true,"href":"https:\/\/www.infokuryr.cz\/n\/wp-json\/wp\/v2\/media\/5670"}],"wp:attachment":[{"href":"https:\/\/www.infokuryr.cz\/n\/wp-json\/wp\/v2\/media?parent=5669"}],"wp:term":[{"taxonomy":"category","embeddable":true,"href":"https:\/\/www.infokuryr.cz\/n\/wp-json\/wp\/v2\/categories?post=5669"},{"taxonomy":"post_tag","embeddable":true,"href":"https:\/\/www.infokuryr.cz\/n\/wp-json\/wp\/v2\/tags?post=5669"}],"curies":[{"name":"wp","href":"https:\/\/api.w.org\/{rel}","templated":true}]}}