{"id":56683,"date":"2024-06-30T00:35:10","date_gmt":"2024-06-29T22:35:10","guid":{"rendered":"https:\/\/www.infokuryr.cz\/n\/?p=56683"},"modified":"2024-06-29T18:03:18","modified_gmt":"2024-06-29T16:03:18","slug":"po-falesnych-zpravach-ze-systemovych-medii-cnn-potvrzuje-ze-lhal-zejmena-joe-biden","status":"publish","type":"post","link":"https:\/\/www.infokuryr.cz\/n\/2024\/06\/30\/po-falesnych-zpravach-ze-systemovych-medii-cnn-potvrzuje-ze-lhal-zejmena-joe-biden\/","title":{"rendered":"Po fale\u0161n\u00fdch zpr\u00e1v\u00e1ch ze syst\u00e9mov\u00fdch m\u00e9di\u00ed: CNN potvrzuje, \u017ee lhal zejm\u00e9na Joe Biden"},"content":{"rendered":"<div id=\"fb-root\"><\/div>\n<p><strong><span>Po katastrof\u00e1ln\u00ed diskusn\u00ed akci pro Joea Bidena spolu s prezidentsk\u00fdm kandid\u00e1tem Donaldem Trumpem celosv\u011btov\u00e1 syst\u00e9mov\u00e1 m\u00e9dia t\u00e9m\u011b\u0159 slovo od slova roz\u0161\u00ed\u0159ila p\u0159\u00edb\u011bh: \u201eBiden byl slab\u00fd, Trump lhal\u201c. Ze v\u0161ech lid\u00ed tuto poh\u00e1dku ni\u010d\u00ed levicov\u00e1 televize CNN \u2013 pe\u010dliv\u011b vyjmenov\u00e1v\u00e1, o kolika prohl\u00e1\u0161en\u00edch lhal obl\u00edbenec levice Joe Biden. Pokud by z\u00e1le\u017eelo na pravidlech, se kter\u00fdmi p\u0159i\u0161li pr\u00e1v\u011b tito levi\u010d\u00e1ci, musel by b\u00fdt jejich prezident zru\u0161en a cenzurov\u00e1n.<\/span><\/strong><\/p>\n<p><span>Ze v\u0161ech lid\u00ed levicov\u011b-liber\u00e1ln\u00ed televize CNN, hl\u00e1sn\u00e1 trouba globalist\u016f, rozebrala Joea Bidena v d\u016fsledku katastrof\u00e1ln\u00ed debaty o americk\u00fdch prezidentsk\u00fdch volb\u00e1ch. Biden vypadal po celou dobu dezorientovan\u00fd, odpov\u00eddal na nesouvisl\u00e9 v\u011bci a zd\u00e1lo se, \u017ee mnoha t\u00e9mat\u016fm nerozum\u00ed nebo je zapom\u00edn\u00e1 uprost\u0159ed v\u011bty. Star\u00fd mu\u017e je zjevn\u011b dementn\u00ed, ale st\u00e1le je sv\u011btu prezentov\u00e1n sv\u00fdmi podporovateli a loutk\u00e1\u0159i.<\/span><\/p>\n<p><span>Zat\u00edmco t\u00e9m\u011b\u0159 v\u0161echna evropsk\u00e1 m\u00e9dia sledovala p\u0159edem stanovenou linii, \u017ee Biden \u201eoslabil\u201c, ale zl\u00fd Donald Trump lhal, jak debata, tak CNN dok\u00e1zaly, \u017ee to byl zejm\u00e9na Biden, kdo zaz\u00e1\u0159il sv\u00fdmi nepravdiv\u00fdmi v\u00fdroky. To, \u017ee zejm\u00e9na politicky levicov\u00ed, globalisti\u010dt\u00ed politici zcela bezosty\u0161n\u011b l\u017eou a nech\u00e1vaj\u00ed tyto l\u017ei \u0161\u00ed\u0159it koupen\u00fdmi novin\u00e1\u0159i, nen\u00ed nic nov\u00e9ho. Skute\u010dnost, \u017ee i tato m\u00e9dia ho opou\u0161t\u011bj\u00ed, m\u00e1 novou kvalitu a nazna\u010duje, \u017ee Biden m\u016f\u017ee b\u00fdt brzy vyhozen.<\/span><\/p>\n<p><span>N\u00ed\u017ee m\u016f\u017eete vid\u011bt dev\u011bt l\u017e\u00ed americk\u00e9ho prezidenta Joe Bidena, kter\u00fd je st\u00e1le ve funkci a byl zvolen za sporn\u00fdch okolnost\u00ed:<\/span><\/p>\n<p><span>Biden tvrdil, \u017ee je jedin\u00fdm prezidentem, b\u011bhem kter\u00e9ho nemuseli nikde na sv\u011bt\u011b zem\u0159\u00edt voj\u00e1ci.<\/span><\/p>\n<p><span>Ve skute\u010dnosti to byl Donald Trump, kdo byl v posledn\u00edch desetilet\u00edch t\u00e9m\u011b\u0159 jedin\u00fdm americk\u00fdm prezidentem, kter\u00fd ani po \u00fatoku \u00cdr\u00e1nu neza\u010dal novou v\u00e1lku a nezavelel k proti\u00fatoku. Pokud n\u011bkdo stoj\u00ed za m\u00edr, je to Donald Trump a rozhodn\u011b ne globalist\u00e9 americk\u00fdch \u201edemokrat\u016f\u201c kolem klanu Clintonov\u00fdch.<\/span><\/p>\n<p><span>N\u00e1sledovala s\u00e9rie nepravdiv\u00fdch v\u00fdrok\u016f o americk\u00e9m zdravotnick\u00e9m syst\u00e9mu, kde se dopustil z\u00e1va\u017en\u00fdch chyb \u2013 zam\u011bnil si 15 a 35 dolar\u016f za inzul\u00edn a 200 a 2 000 dolar\u016f za l\u00e9ky.<\/span><\/p>\n<p><span>I prohl\u00e1\u0161en\u00ed, \u017ee za jeho vl\u00e1dy p\u0159i\u0161lo do USA m\u00e9n\u011b neleg\u00e1ln\u00edch imigrant\u016f ne\u017e za Trumpa, levicov\u00e1 CNN ignorovala, co\u017e byla men\u0161\u00ed senzace. Ve skute\u010dnosti do USA proud\u00ed miliony neleg\u00e1ln\u00edch p\u0159ist\u011bhovalc\u016f a zp\u016fsobuj\u00ed masivn\u00ed soci\u00e1ln\u00ed nap\u011bt\u00ed.<\/span><\/p>\n<p><span>Nezam\u011bstnanost v USA za Bidena rychle vzrostla. Aby to Biden zamaskoval, sm\u011ble tvrdil, \u017ee nezam\u011bstnanost byla p\u0159i n\u00e1stupu do \u00fa\u0159adu 15 procent \u2013 \u200b\u200bve skute\u010dnosti se ujal \u00fa\u0159adu od Trumpa s nezam\u011bstnanost\u00ed pouh\u00fdch 6 procent. V pom\u011bru k populaci Spojen\u00fdch st\u00e1t\u016f jde o brut\u00e1ln\u00ed pokus o podv\u00e1d\u011bn\u00ed ve\u0159ejnosti.<\/span><\/p>\n<p><span>Biden tak\u00e9 tvrdil, \u017ee Donald Trump by cht\u011bl zru\u0161it u\u017e tak velmi \u0161patn\u00e9 soci\u00e1ln\u00ed zabezpe\u010den\u00ed lid\u00ed v USA, co\u017e je jasn\u00e1 le\u017e. Lhal tak\u00e9 o dan\u00edch z p\u0159\u00edjmu americk\u00fdch miliard\u00e1\u0159\u016f.<\/span><\/p>\n<p><span>Obdob\u00ed Covidu bylo tak\u00e9 sou\u010d\u00e1st\u00ed drz\u00fdch p\u0159\u00edb\u011bh\u016f dementn\u00edho prezidenta USA. Tvrdil, \u017ee Trump vyzval Ameri\u010dany, aby dostali injekce b\u011blidla &#8211; dal\u0161\u00ed bezplatn\u00fd vyn\u00e1lez.<\/span><\/p>\n<p><span style=\"font-size: 18pt;\"><strong>Ne\u017e uk\u00e1\u017eeme sn\u00edmky obrazovky ze CNN, n\u011bkolik p\u0159\u00edkladn\u00fdch titulk\u016f ze zarovnan\u00fdch syst\u00e9mov\u00fdch m\u00e9di\u00ed:<\/strong><\/span><\/p>\n<ul>\n<li><span>Wirtschaftswoche: Volby v USA 2024: Takto Trump lhal v debat\u011b<\/span><\/li>\n<li><span>DerStandard: Ne, Donalde Trumpe, demokrat\u00e9 necht\u011bj\u00ed \u201ezab\u00edjet d\u011bti\u201c<\/span><\/li>\n<li><span>FAZ: Fanou\u0161ci Donalda Trumpa tak\u00e9 v\u011b\u0159\u00ed jeho l\u017e\u00edm: Pro\u010d?<\/span><\/li>\n<li><span>Merkur: Televizn\u00ed souboj hr\u016fzy: Trump l\u017ee, Biden sl\u00e1bne<\/span><\/li>\n<li><span>ZEIT: Volby v USA: Biden klop\u00fdt\u00e1, Trump l\u017ee<\/span><\/li>\n<li><span>Mal\u00e9 noviny: Tiskov\u00e9 koment\u00e1\u0159e k televizn\u00edmu duelu: El Universal: \u201eBiden klop\u00fdt\u00e1, Trump l\u017ee\u201c<\/span><\/li>\n<\/ul>\n<figure class=\"wp-block-image size-full\"><img decoding=\"async\" loading=\"lazy\" class=\"wp-image-123202 lazyloaded aligncenter\" src=\"https:\/\/report24.news\/wp-content\/uploads\/2024\/06\/image-34.png\" sizes=\"(max-width: 2499px) 100vw, 2499px\" srcset=\"https:\/\/report24.news\/wp-content\/uploads\/2024\/06\/image-34.png 2499w, https:\/\/report24.news\/wp-content\/uploads\/2024\/06\/image-34-768x405.png 768w, https:\/\/report24.news\/wp-content\/uploads\/2024\/06\/image-34-1536x809.png 1536w, https:\/\/report24.news\/wp-content\/uploads\/2024\/06\/image-34-2048x1079.png 2048w, https:\/\/report24.news\/wp-content\/uploads\/2024\/06\/image-34-600x316.png 600w\" alt=\"\" width=\"861\" height=\"453\" data-srcset=\"https:\/\/report24.news\/wp-content\/uploads\/2024\/06\/image-34.png 2499w, https:\/\/report24.news\/wp-content\/uploads\/2024\/06\/image-34-768x405.png 768w, https:\/\/report24.news\/wp-content\/uploads\/2024\/06\/image-34-1536x809.png 1536w, https:\/\/report24.news\/wp-content\/uploads\/2024\/06\/image-34-2048x1079.png 2048w, https:\/\/report24.news\/wp-content\/uploads\/2024\/06\/image-34-600x316.png 600w\" data-src=\"https:\/\/report24.news\/wp-content\/uploads\/2024\/06\/image-34.png\" \/><figcaption class=\"wp-element-caption\"><span>Obr\u00e1zek: CNN<\/span><\/figcaption><\/figure>\n<figure class=\"wp-block-image size-full\"><img decoding=\"async\" loading=\"lazy\" class=\"wp-image-123203 lazyloaded aligncenter\" src=\"https:\/\/report24.news\/wp-content\/uploads\/2024\/06\/image-35.png\" sizes=\"(max-width: 2538px) 100vw, 2538px\" srcset=\"https:\/\/report24.news\/wp-content\/uploads\/2024\/06\/image-35.png 2538w, https:\/\/report24.news\/wp-content\/uploads\/2024\/06\/image-35-768x399.png 768w, https:\/\/report24.news\/wp-content\/uploads\/2024\/06\/image-35-1536x798.png 1536w, https:\/\/report24.news\/wp-content\/uploads\/2024\/06\/image-35-2048x1064.png 2048w, https:\/\/report24.news\/wp-content\/uploads\/2024\/06\/image-35-600x312.png 600w\" alt=\"\" width=\"863\" height=\"449\" data-srcset=\"https:\/\/report24.news\/wp-content\/uploads\/2024\/06\/image-35.png 2538w, https:\/\/report24.news\/wp-content\/uploads\/2024\/06\/image-35-768x399.png 768w, https:\/\/report24.news\/wp-content\/uploads\/2024\/06\/image-35-1536x798.png 1536w, https:\/\/report24.news\/wp-content\/uploads\/2024\/06\/image-35-2048x1064.png 2048w, https:\/\/report24.news\/wp-content\/uploads\/2024\/06\/image-35-600x312.png 600w\" data-src=\"https:\/\/report24.news\/wp-content\/uploads\/2024\/06\/image-35.png\" \/><figcaption class=\"wp-element-caption\"><span>Obr\u00e1zek: CNN<\/span><\/figcaption><\/figure>\n<figure class=\"wp-block-image size-full\"><img decoding=\"async\" loading=\"lazy\" class=\"wp-image-123204 lazyloaded aligncenter\" src=\"https:\/\/report24.news\/wp-content\/uploads\/2024\/06\/image-36.png\" sizes=\"(max-width: 2539px) 100vw, 2539px\" srcset=\"https:\/\/report24.news\/wp-content\/uploads\/2024\/06\/image-36.png 2539w, https:\/\/report24.news\/wp-content\/uploads\/2024\/06\/image-36-768x397.png 768w, https:\/\/report24.news\/wp-content\/uploads\/2024\/06\/image-36-1536x794.png 1536w, https:\/\/report24.news\/wp-content\/uploads\/2024\/06\/image-36-2048x1058.png 2048w, https:\/\/report24.news\/wp-content\/uploads\/2024\/06\/image-36-600x310.png 600w\" alt=\"\" width=\"863\" height=\"446\" data-srcset=\"https:\/\/report24.news\/wp-content\/uploads\/2024\/06\/image-36.png 2539w, https:\/\/report24.news\/wp-content\/uploads\/2024\/06\/image-36-768x397.png 768w, https:\/\/report24.news\/wp-content\/uploads\/2024\/06\/image-36-1536x794.png 1536w, https:\/\/report24.news\/wp-content\/uploads\/2024\/06\/image-36-2048x1058.png 2048w, https:\/\/report24.news\/wp-content\/uploads\/2024\/06\/image-36-600x310.png 600w\" data-src=\"https:\/\/report24.news\/wp-content\/uploads\/2024\/06\/image-36.png\" \/><figcaption class=\"wp-element-caption\"><span>Obr\u00e1zek: CNN<\/span><\/figcaption><\/figure>\n<figure class=\"wp-block-image size-full\"><img decoding=\"async\" loading=\"lazy\" class=\"wp-image-123205 lazyloaded aligncenter\" src=\"https:\/\/report24.news\/wp-content\/uploads\/2024\/06\/image-37.png\" sizes=\"(max-width: 2516px) 100vw, 2516px\" srcset=\"https:\/\/report24.news\/wp-content\/uploads\/2024\/06\/image-37.png 2516w, https:\/\/report24.news\/wp-content\/uploads\/2024\/06\/image-37-768x401.png 768w, https:\/\/report24.news\/wp-content\/uploads\/2024\/06\/image-37-1536x802.png 1536w, https:\/\/report24.news\/wp-content\/uploads\/2024\/06\/image-37-2048x1069.png 2048w, https:\/\/report24.news\/wp-content\/uploads\/2024\/06\/image-37-600x313.png 600w\" alt=\"\" width=\"861\" height=\"449\" data-srcset=\"https:\/\/report24.news\/wp-content\/uploads\/2024\/06\/image-37.png 2516w, https:\/\/report24.news\/wp-content\/uploads\/2024\/06\/image-37-768x401.png 768w, https:\/\/report24.news\/wp-content\/uploads\/2024\/06\/image-37-1536x802.png 1536w, https:\/\/report24.news\/wp-content\/uploads\/2024\/06\/image-37-2048x1069.png 2048w, https:\/\/report24.news\/wp-content\/uploads\/2024\/06\/image-37-600x313.png 600w\" data-src=\"https:\/\/report24.news\/wp-content\/uploads\/2024\/06\/image-37.png\" \/><figcaption class=\"wp-element-caption\"><span>Obr\u00e1zek: CNN<\/span><\/figcaption><\/figure>\n<div><strong><em>Koment\u00e1\u0159 od Williho Hubera<\/em><\/strong><\/div>\n<div><\/div>\n","protected":false},"excerpt":{"rendered":"<p>Po katastrof\u00e1ln\u00ed diskusn\u00ed akci pro Joea Bidena spolu s prezidentsk\u00fdm kandid\u00e1tem Donaldem Trumpem celosv\u011btov\u00e1 syst\u00e9mov\u00e1&#8230;<\/p>\n","protected":false},"author":2,"featured_media":56684,"comment_status":"closed","ping_status":"closed","sticky":false,"template":"","format":"standard","meta":[],"categories":[7],"tags":[72,667,3689,851],"_links":{"self":[{"href":"https:\/\/www.infokuryr.cz\/n\/wp-json\/wp\/v2\/posts\/56683"}],"collection":[{"href":"https:\/\/www.infokuryr.cz\/n\/wp-json\/wp\/v2\/posts"}],"about":[{"href":"https:\/\/www.infokuryr.cz\/n\/wp-json\/wp\/v2\/types\/post"}],"author":[{"embeddable":true,"href":"https:\/\/www.infokuryr.cz\/n\/wp-json\/wp\/v2\/users\/2"}],"replies":[{"embeddable":true,"href":"https:\/\/www.infokuryr.cz\/n\/wp-json\/wp\/v2\/comments?post=56683"}],"version-history":[{"count":0,"href":"https:\/\/www.infokuryr.cz\/n\/wp-json\/wp\/v2\/posts\/56683\/revisions"}],"wp:featuredmedia":[{"embeddable":true,"href":"https:\/\/www.infokuryr.cz\/n\/wp-json\/wp\/v2\/media\/56684"}],"wp:attachment":[{"href":"https:\/\/www.infokuryr.cz\/n\/wp-json\/wp\/v2\/media?parent=56683"}],"wp:term":[{"taxonomy":"category","embeddable":true,"href":"https:\/\/www.infokuryr.cz\/n\/wp-json\/wp\/v2\/categories?post=56683"},{"taxonomy":"post_tag","embeddable":true,"href":"https:\/\/www.infokuryr.cz\/n\/wp-json\/wp\/v2\/tags?post=56683"}],"curies":[{"name":"wp","href":"https:\/\/api.w.org\/{rel}","templated":true}]}}