{"id":56680,"date":"2024-06-30T00:33:04","date_gmt":"2024-06-29T22:33:04","guid":{"rendered":"https:\/\/www.infokuryr.cz\/n\/?p=56680"},"modified":"2024-06-29T17:51:56","modified_gmt":"2024-06-29T15:51:56","slug":"hororova-studie-takhle-nebezpecne-je-bydlet-v-blizkosti-vetrnych-elektraren-2","status":"publish","type":"post","link":"https:\/\/www.infokuryr.cz\/n\/2024\/06\/30\/hororova-studie-takhle-nebezpecne-je-bydlet-v-blizkosti-vetrnych-elektraren-2\/","title":{"rendered":"Hororov\u00e1 studie: Takhle nebezpe\u010dn\u00e9 je bydlet v bl\u00edzkosti v\u011btrn\u00fdch elektr\u00e1ren"},"content":{"rendered":"<div id=\"fb-root\"><\/div>\n<p><strong><span>Kdo bydl\u00ed v okruhu do deseti kilometr\u016f od v\u011btrn\u00fdch elektr\u00e1ren, mus\u00ed po\u010d\u00edtat s v\u00e1\u017en\u00fdmi zdravotn\u00edmi probl\u00e9my \u2013 v\u010detn\u011b deformac\u00ed, potrat\u016f a rakoviny. Alespo\u0148 to nazna\u010duje ned\u00e1vn\u00e1 studie. Negativn\u00edmi \u00fa\u010dinky jsou stejn\u011b posti\u017eeni lid\u00e9 i zv\u00ed\u0159ata. V N\u011bmecku a Rakousku lze takov\u00e9 syst\u00e9my stav\u011bt je\u0161t\u011b bl\u00ed\u017ee k s\u00eddl\u016fm.<\/span><\/strong><\/p>\n<p><a href=\"https:\/\/report24.news\/offshore-windenergie-schaeden-fuer-das-marineleben-groesser-als-bislang-gedacht\/\" target=\"_blank\" rel=\"noreferrer noopener\"><span>Je v\u0161eobecn\u011b zn\u00e1mo, \u017ee pob\u0159e\u017en\u00ed v\u011btrn\u00e9 turb\u00edny negativn\u011b ovliv\u0148uj\u00ed<\/span><\/a><span>\u00a0mo\u0159sk\u00fd \u017eivot\u00a0.\u00a0Nemluv\u011b o bezpo\u010dtu\u00a0pt\u00e1k\u016f\u00a0<\/span><a href=\"https:\/\/report24.news\/gruener-mord-windturbinen-toeten-jaehrlich-millionen-voegel-und-fledermaeuse\/\" target=\"_blank\" rel=\"noreferrer noopener\"><span>a netop\u00fdr\u016f rozdrcen\u00fdch<\/span><\/a><span>\u00a0rotorov\u00fdmi listy v\u011btrn\u00fdch turb\u00edn. Ale to nen\u00ed v\u0161e. Eroze rotor\u016f tak\u00e9 zp\u016fsobuje \u0161\u00ed\u0159en\u00ed nebezpe\u010dn\u00fdch toxin\u016f a nanoplast\u016f, kter\u00e9\u00a0<\/span><a href=\"https:\/\/report24.news\/die-wahrheit-ueber-windkraftwerke-gesundheitsschaedlich-und-schlecht-fuer-die-umwelt\/\" target=\"_blank\" rel=\"noreferrer noopener\"><span>ohro\u017euj\u00ed zdrav\u00ed lid\u00ed a zv\u00ed\u0159at<\/span><\/a><span> . O zvukov\u00fdch vln\u00e1ch nemluv\u011b.<\/span><\/p>\n<p><a href=\"https:\/\/journals.lww.com\/endi\/fulltext\/2024\/09010\/wind_turbines__vacated_abandoned_homes_study__.1.aspx\" target=\"_blank\" rel=\"noreferrer noopener\"><span>Sou\u010dasn\u00e1 studie<\/span><\/a><span>\u00a0(\u201eV\u011btrn\u00e9 turb\u00edny: Studie opu\u0161t\u011bn\u00fdch\/opu\u0161t\u011bn\u00fdch dom\u016f \u2013 Zkoum\u00e1n\u00ed popis\u016f pozorovan\u00fdch \u00fa\u010dink\u016f \u00fa\u010dastn\u00edk\u016f v\u00fdzkumu na jejich dom\u00e1c\u00ed mazl\u00ed\u010dky, zv\u00ed\u0159ata a studni\u010dn\u00ed vodu\u201c) nyn\u00ed ukazuje, \u017ee takov\u00e9 v\u011btrn\u00e9 turb\u00edny p\u0159edstavuj\u00ed obrovsk\u00e9 nebezpe\u010d\u00ed pro zdrav\u00ed lid\u00ed a zv\u00ed\u0159at. zastupovat. U zv\u00ed\u0159at \u017eij\u00edc\u00edch v okruhu deseti kilometr\u016f od takov\u00fdch za\u0159\u00edzen\u00ed byl zji\u0161t\u011bn rostouc\u00ed po\u010det malformac\u00ed kon\u010detin a dal\u0161\u00edch vrozen\u00fdch vad. V\u00fdrazn\u011b poklesla i porodnost.<\/span><\/p>\n<p><span>U lesn\u00edch zv\u00ed\u0159at byly hladiny kortizolu zv\u00fd\u0161eny a\u017e o 264 procent, co\u017e ukazuje na masivn\u00ed stres. Krom\u011b toho se dom\u00e1c\u00ed a hospod\u00e1\u0159sk\u00e1 zv\u00ed\u0159ata tak\u00e9 stala v\u00fdrazn\u011b agresivn\u011bj\u0161\u00ed. Zkouman\u00ed lid\u00e9 zjistili vy\u0161\u0161\u00ed v\u00fdskyt rakoviny a zv\u00fd\u0161en\u00fd po\u010det mrtv\u011b narozen\u00fdch d\u011bt\u00ed a potrat\u016f. Dost lid\u00ed se po vybudov\u00e1n\u00ed takov\u00fdch za\u0159\u00edzen\u00ed v jejich sousedstv\u00ed odst\u011bhovalo, proto\u017ee se u\u017e prost\u011b nec\u00edtili pohodln\u011b. I kvalita vody ve studn\u00edch v regionu se v\u00fdrazn\u011b zhor\u0161ila.<\/span><\/p>\n<p><a href=\"https:\/\/www.diw.de\/de\/diw_01.c.698984.de\/publikationen\/wochenberichte\/2019_48_4\/strikte_mindestabstaende_bremsen_den_ausbau_der_windenergie.html#section2\"><span>V N\u011bmecku plat\u00ed r\u016fzn\u00e9 minim\u00e1ln\u00ed vzd\u00e1lenosti<\/span><\/a><span>\u00a0od obytn\u00fdch oblast\u00ed v z\u00e1vislosti na spolkov\u00e9 zemi\u00a0. Ale s minim\u00e1ln\u00edmi vzd\u00e1lenostmi do 2000 metr\u016f (\u010dasto v\u00fdrazn\u011b m\u00e9n\u011b) jsou tyto vzd\u00e1lenosti hluboko pod desetikilometrov\u00fdm polom\u011brem zkouman\u00fdm ve studii. Proto\u017ee ve Spolkov\u00e9 republice jde zjevn\u011b pouze o hlukovou z\u00e1t\u011b\u017e rotor\u016f. Dal\u0161\u00ed negativn\u00ed vlivy na zdrav\u00ed zde pravd\u011bpodobn\u011b nehraj\u00ed roli.<\/span><\/p>\n<p><span>Vedlej\u0161\u00edm efektem stavby v\u011btrn\u00fdch turb\u00edn, kter\u00e9mu m\u016f\u017ee b\u00fdt st\u00e1le v\u011bnov\u00e1no p\u0159\u00edli\u0161 m\u00e1lo pozornosti, je dopad na podzemn\u00ed vodu, kter\u00fd byl zkoum\u00e1n a diskutov\u00e1n ve studii. Ke zm\u011bn\u011b nebo kontaminaci podzemn\u00ed vody \u2013 a to i prost\u0159ednictv\u00edm viditeln\u00fdch \u010d\u00e1stic ne\u010distot \u2013 nedoch\u00e1z\u00ed pouze prost\u0159ednictv\u00edm samotn\u00fdch v\u011btrn\u00fdch turb\u00edn, ale tak\u00e9 prost\u0159ednictv\u00edm energetick\u00fdch sto\u017e\u00e1r\u016f, kter\u00e9 nejsou pe\u010dliv\u011b izolov\u00e1ny. Cit\u00e1t:<\/span><\/p>\n<p id=\"JCL-P-60\"><em>Z\u00e1kladn\u00ed testov\u00e1n\u00ed proveden\u00e9 p\u0159ed v\u00fdstavbou vnitrozemsk\u00e9 vodn\u00ed dopravy a testov\u00e1n\u00ed b\u011bhem v\u00fdstavby zjistilo, \u017ee alespo\u0148 jeden m\u00edstn\u00ed vrt m\u011bl \u201e14 000n\u00e1sobn\u00fd n\u00e1r\u016fst \u010d\u00e1stic \u010dern\u00e9 b\u0159idlice\u201c. N\u011bkolik let pot\u00e9, co se ve vod\u011b studn\u00ed objevila \u010dern\u00e1 b\u0159idlice, anal\u00fdza odhalila, \u017ee sedimenty vzbuzovaly v\u011bt\u0161\u00ed obavy ne\u017e d\u0159\u00edve, v\u010detn\u011b \u201enadm\u011brn\u00fdch sediment\u016f, problematick\u00fdch plyn\u016f a potenci\u00e1ln\u00edho biofilmu zp\u016fsobuj\u00edc\u00edho infekci\u201c a \u017ee tyto pat\u0159ily k probl\u00e9m\u016fm, kter\u00fdm \u201est\u00e1li majitel\u00e9 studn\u00ed\u201c. &#8220; Oblast. V\u00fdsledky zahrnovaly n\u00e1sleduj\u00edc\u00ed:<\/em><\/p>\n<ul id=\"-1\">\n<li><em>Bylo zji\u0161t\u011bno, \u017ee sedimenty nep\u0159etr\u017eit\u011b vypou\u0161t\u011bn\u00e9 do \u010detn\u00fdch vodn\u00edch vrt\u016f od v\u00fdstavby v\u011btrn\u00fdch farem North Chatham-Kent obsahuj\u00ed Kettle Point Black Shale.<\/em><\/li>\n<\/ul>\n<p id=\"JCL-P-63\"><em>Krom\u011b toho:<\/em><\/p>\n<ul>\n<li><em>\u010cern\u00e1 b\u0159idlice Kettle Point je v Kanad\u011b pova\u017eov\u00e1na za ekologicky \u0161kodlivou, proto\u017ee bylo prok\u00e1z\u00e1no, \u017ee obsahuje t\u011b\u017ek\u00e9 kovy, jako je arsen, rtu\u0165, olovo a uran.\u00a0<\/em><\/li>\n<\/ul>\n<p><span>Sou\u010dasn\u00e1 studie jasn\u011b ukazuje, \u017ee je t\u0159eba prov\u00e9st mnohem rozs\u00e1hlej\u0161\u00ed v\u00fdzkum negativn\u00edch zdravotn\u00edch \u00fa\u010dink\u016f v\u011btrn\u00fdch turb\u00edn na zdrav\u00ed lid\u00ed a zv\u00ed\u0159at. Zelen\u00ed a dal\u0161\u00ed p\u0159\u00edjemci klimatick\u00e9ho strachu se nemohou pohybovat dostate\u010dn\u011b rychle, aby ut\u011bsnili je\u0161t\u011b v\u00edce oblast\u00ed s tak obrovsk\u00fdmi syst\u00e9my a vym\u00fdtili je\u0161t\u011b v\u00edce les\u016f, aby tak u\u010dinili. Viz tak\u00e9\u00a0<\/span><a href=\"https:\/\/report24.news\/untersuchung-in-ooe-gruene-windkraft-ziele-nicht-nur-umwelt-sondern-auch-menschenfeindlich\/\" target=\"_blank\" rel=\"noreferrer noopener\"><span>boj strany MFG<\/span><\/a><span>\u00a0proti odpov\u00eddaj\u00edc\u00edm projekt\u016fm v Horn\u00edm Rakousku.<\/span><\/p>\n<p><a href=\"https:\/\/report24.news\/horror-studie-so-gesundheitsgefaehrdend-lebt-es-sich-in-der-naehe-von-windkraftwerken\/\">Report24<\/a><\/p>\n<p>&nbsp;<\/p>\n","protected":false},"excerpt":{"rendered":"<p>Kdo bydl\u00ed v okruhu do deseti kilometr\u016f od v\u011btrn\u00fdch elektr\u00e1ren, mus\u00ed po\u010d\u00edtat s v\u00e1\u017en\u00fdmi zdravotn\u00edmi&#8230;<\/p>\n","protected":false},"author":2,"featured_media":56677,"comment_status":"closed","ping_status":"closed","sticky":false,"template":"","format":"standard","meta":[],"categories":[7],"tags":[1748,2625,21],"_links":{"self":[{"href":"https:\/\/www.infokuryr.cz\/n\/wp-json\/wp\/v2\/posts\/56680"}],"collection":[{"href":"https:\/\/www.infokuryr.cz\/n\/wp-json\/wp\/v2\/posts"}],"about":[{"href":"https:\/\/www.infokuryr.cz\/n\/wp-json\/wp\/v2\/types\/post"}],"author":[{"embeddable":true,"href":"https:\/\/www.infokuryr.cz\/n\/wp-json\/wp\/v2\/users\/2"}],"replies":[{"embeddable":true,"href":"https:\/\/www.infokuryr.cz\/n\/wp-json\/wp\/v2\/comments?post=56680"}],"version-history":[{"count":0,"href":"https:\/\/www.infokuryr.cz\/n\/wp-json\/wp\/v2\/posts\/56680\/revisions"}],"wp:featuredmedia":[{"embeddable":true,"href":"https:\/\/www.infokuryr.cz\/n\/wp-json\/wp\/v2\/media\/56677"}],"wp:attachment":[{"href":"https:\/\/www.infokuryr.cz\/n\/wp-json\/wp\/v2\/media?parent=56680"}],"wp:term":[{"taxonomy":"category","embeddable":true,"href":"https:\/\/www.infokuryr.cz\/n\/wp-json\/wp\/v2\/categories?post=56680"},{"taxonomy":"post_tag","embeddable":true,"href":"https:\/\/www.infokuryr.cz\/n\/wp-json\/wp\/v2\/tags?post=56680"}],"curies":[{"name":"wp","href":"https:\/\/api.w.org\/{rel}","templated":true}]}}