{"id":56675,"date":"2024-06-30T00:32:18","date_gmt":"2024-06-29T22:32:18","guid":{"rendered":"https:\/\/www.infokuryr.cz\/n\/?p=56675"},"modified":"2024-06-29T17:01:47","modified_gmt":"2024-06-29T15:01:47","slug":"paul-craig-roberts-zlo-je-nyni-dominantni-silou-v-zapadnim-svete","status":"publish","type":"post","link":"https:\/\/www.infokuryr.cz\/n\/2024\/06\/30\/paul-craig-roberts-zlo-je-nyni-dominantni-silou-v-zapadnim-svete\/","title":{"rendered":"Paul Craig Roberts: Zlo je nyn\u00ed dominantn\u00ed silou v z\u00e1padn\u00edm sv\u011bt\u011b"},"content":{"rendered":"<div id=\"fb-root\"><\/div>\n<div class=\"elementor-element elementor-element-1fb4c2c elementor-widget elementor-widget-theme-post-content\" data-id=\"1fb4c2c\" data-element_type=\"widget\" data-widget_type=\"theme-post-content.default\">\n<div class=\"elementor-widget-container\">\n<p><span>Dok\u00e1\u017eou se lid\u00e9 vyrovnat s v\u00fdzvami \u017eivota, kdy\u017e bylo zni\u010deno tolik jejich kultury?<\/span><\/p>\n<p><span>Deprese, nesmyslnost \u017eivota a duchovn\u00ed zoufalstv\u00ed dnes postihuj\u00ed tolik lid\u00ed, proto\u017ee u\u017e nemaj\u00ed kulturn\u00ed znalosti z\u00edskan\u00e9 obezn\u00e1men\u00edm se s jejich klasickou literaturou a n\u00e1bo\u017eenstv\u00edm, kter\u00e9 u\u010d\u00ed, jak se vypo\u0159\u00e1dat s \u017eivotn\u00edmi v\u00fdzvami a jak se vypo\u0159\u00e1dat s vnit\u0159n\u00edmi d\u00e9mony. Tyto znalosti byly ztraceny. Bylo mu zak\u00e1z\u00e1no vzd\u011bl\u00e1v\u00e1n\u00ed jako zastaral\u00e9, rasistick\u00e9, nezahrnut\u00e9, odsuzuj\u00edc\u00ed a b\u00edl\u00e9.<\/span><\/p>\n<p><span>Hanne Herland n\u00e1m p\u0159ipom\u00edn\u00e1, jak d\u016fle\u017eit\u00e1 je kultura pro p\u0159e\u017eit\u00ed a mor\u00e1ln\u00ed \u017eivot. D\u00e1v\u00e1 n\u00e1m nad\u011bji na na\u0161i obrodu poukazem na to, \u017ee Rusko je op\u011bt k\u0159es\u0165ansk\u00e9, navzdory desetilet\u00edm vynucen\u00e9ho komunistick\u00e9ho ateismu, kter\u00fd Ameri\u010dan\u016fm vnutili i liber\u00e1lov\u00e9 a \u017did\u00e9. Nap\u0159\u00edklad: \u017e\u00e1dn\u00e9 modlitby ve \u0161kole, \u017e\u00e1dn\u00e9 k\u0159es\u0165ansk\u00e9 symboly na ve\u0159ejn\u00fdch m\u00edstech.<\/span><\/p>\n<p><span>Alexander Sol\u017eenicyn, autor Souostrov\u00ed Gulag, byl v Americe hrdinou jako sov\u011btsk\u00fd disident, dokud ve sv\u00e9m projevu na Harvardsk\u00e9 univerzit\u011b ne\u0159ekl, \u017ee \u201elid\u00e9 zapomn\u011bli na Boha\u201c a \u017ee tato zapomn\u011btlivost vysv\u011btluje \u010detn\u00e9 krize a soci\u00e1ln\u00ed a osobn\u00ed nemoci na\u0161\u00ed doby. .<\/span><\/p>\n<p><span>Sol\u017eenicyn se okam\u017eit\u011b stal osobou non grata.<\/span><\/p>\n<p><span>Pokud jste k\u0159es\u0165an, skute\u010dn\u00fd k\u0159es\u0165an a ne uct\u00edva\u010d Izraele, pak m\u016f\u017eete pochopit, co se n\u00e1m stalo, \u017ee Satan vytla\u010dil ze z\u00e1padn\u00ed civilizace dobro a nahradil je zlem.<\/span><\/p>\n<p><span>Kdy\u017e tuto my\u0161lenku zpochyb\u0148uji, jsem konfrontov\u00e1n s fakty, \u017ee to nebylo Rusko, \u010c\u00edna a \u00cdr\u00e1n, kdo svrhl vl\u00e1dy Ir\u00e1ku a Libye a zavra\u017edil v\u016fdce na z\u00e1klad\u011b zcela fale\u0161n\u00fdch obvin\u011bn\u00ed. Nebylo to Rusko, \u010c\u00edna a \u00cdr\u00e1n, kdo se o tot\u00e9\u017e pokusil v Afgh\u00e1nist\u00e1nu a S\u00fdrii. Nen\u00ed to Rusko, \u010c\u00edna a \u00cdr\u00e1n, kdo poskytuje Izraeli bomby, letadla, pen\u00edze a diplomatickou ochranu ke zni\u010den\u00ed Palestinc\u016f.<\/span><\/p>\n<p><span>Nejsou to Rusov\u00e9, \u010c\u00ed\u0148an\u00e9 a \u00cdr\u00e1nci, kdo vyvol\u00e1v\u00e1 dal\u0161\u00ed v\u00e1lky.<\/span><\/p>\n<p><span>Je to Washington a jeho imp\u00e9rium EU.<\/span><\/p>\n<p><span>Kdy\u017e se pod\u00edv\u00e1te na hol\u00e1 fakta, je to zlo, kter\u00e9 vych\u00e1z\u00ed ze z\u00e1padn\u00edho sv\u011bta a p\u016fsob\u00ed ve sv\u011bt\u011b.<\/span><\/p>\n<p><span>Rusko, \u010c\u00edna a \u00cdr\u00e1n v\u011b\u0159\u00ed, \u017ee jednaj\u00ed s vl\u00e1dami, kter\u00e9 ztratily rozum. Spol\u00e9haj\u00ed na hrozbu sv\u011btov\u00e9 v\u00e1lky, kter\u00e1 p\u0159ivede Z\u00e1pad k rozumu, ani\u017e by ch\u00e1pali, \u017ee maj\u00ed co do \u010din\u011bn\u00ed se zlem, s n\u00edm\u017e je jedn\u00e1n\u00ed nemo\u017en\u00e9.<\/span><\/p>\n<p><span>To znamen\u00e1, \u017ee v\u00e1hav\u00e9, nesm\u011bl\u00e9 a neadekv\u00e1tn\u00ed reakce Ruska, \u010c\u00edny a \u00cdr\u00e1nu na zlo jsou p\u0159\u00edli\u0161 slab\u00e9 na to, aby byly \u00fa\u010dinn\u00e9.<\/span><\/p>\n<p><span>Liber\u00e1lov\u00e9, levi\u010d\u00e1ci, probuzen\u00ed jsou ti, kdo zni\u010dili kulturn\u00ed znalosti Z\u00e1padu, a t\u00edm zbavili lidi schopnosti \u010delit zlu. Pro levicov\u011b liber\u00e1ln\u00ed ni\u010ditele civilizace je duchovn\u00ed zlo nepochopiteln\u00e9. Pro n\u011b jsou jedin\u00fdmi zly Trump, \u201eb\u00edl\u00fd rasismus\u201c a \u201ePutinova agrese\u201c.<\/span><\/p>\n<p><span>V levicov\u011b-liber\u00e1ln\u00edm probuzen\u00e9m matrixu nejsou \u017e\u00e1dn\u00e1 jin\u00e1 zla.<\/span><\/p>\n<p><span>Z\u00e1pad ji\u017e nen\u00ed zalo\u017een na z\u00e1padn\u00ed kultu\u0159e. Je zalo\u017eena na sexu\u00e1ln\u00ed perverzi a podpo\u0159e transgenderismu a kritick\u00e9 rasov\u00e9 teorie vl\u00e1dami, korporacemi a univerzitami. Z\u00e1padn\u00ed n\u00e1rody byly nahrazeny Sodomou a Gomorou a Babylonsk\u00fdmi v\u011b\u017eemi. Nep\u0159\u00e1tel\u00e9 jsou nezbytn\u00ed k ospravedln\u011bn\u00ed masivn\u00edho rozpo\u010dtu a moci americk\u00e9ho vojensk\u00e9ho\/bezpe\u010dnostn\u00edho komplexu. \u010c\u00edm v\u00edce nep\u0159\u00e1tel, t\u00edm v\u011bt\u0161\u00ed rozpo\u010det a s\u00edla.<\/span><\/p>\n<p><span>Ameri\u010dt\u00ed konzervativci nemaj\u00ed o moc v\u011bt\u0161\u00ed nad\u011bji ne\u017e levicov\u011b-liber\u00e1ln\u00ed \u0161kubnut\u00ed. Konzervativci si pletou svou zemi s vl\u00e1dou. Jak Albert Jay Nock a Thomas Jefferson jasn\u011b vysv\u011btlili, ti dva jsou \u00fapln\u011b odli\u0161n\u00ed. Ale je to d\u016fle\u017eit\u00fd rozd\u00edl, kter\u00fd si mnoho konzervativc\u016f neuv\u011bdomuje.<\/span><\/p>\n<p><span>Sol\u017eenicyn n\u00e1m \u0159ekl, \u017ee kdy\u017e ze spole\u010dnosti zmiz\u00ed \u00facta k n\u00e1bo\u017eenstv\u00ed, tradi\u010dn\u00edm hodnot\u00e1m, rodin\u011b a n\u00e1bo\u017eensk\u00e9mu p\u0159esv\u011bd\u010den\u00ed, spole\u010dnost je odzbrojena a ji\u017e neexistuje \u017e\u00e1dn\u00e1 ochrana p\u0159ed triumfem zla. Proto\u017ee levicov\u011b-liber\u00e1ln\u00ed frakce Woke tyto ochrany odstranila, je nyn\u00ed v z\u00e1padn\u00edm sv\u011bt\u011b dominantn\u00ed silou zlo.<\/span><\/p>\n<p><span>Rusko, \u010c\u00edna a \u00cdr\u00e1n nejednaj\u00ed se z\u00e1padn\u00edmi vl\u00e1dami schopn\u00fdmi rozumu. Pot\u00fdkaj\u00ed se s nespoutan\u00fdm zlem.<\/span><\/p>\n<p><span>Putin se div\u00ed, pro\u010d je Z\u00e1pad tak nerozumn\u00fd. Odpov\u011b\u010f zn\u00ed, \u017ee zlo je nerozumn\u00e9. Nem\u016f\u017ee\u0161 se s n\u00edm sm\u00ed\u0159it.<\/span><\/p>\n<\/div>\n<\/div>\n<div class=\"elementor-element elementor-element-8c57238 quelle dc-has-condition dc-condition-empty elementor-widget elementor-widget-heading\" data-id=\"8c57238\" data-element_type=\"widget\" data-widget_type=\"heading.default\">\n<div class=\"elementor-widget-container\">\n<h3 class=\"elementor-heading-title elementor-size-default\"><span style=\"font-size: 10pt;\"><a href=\"https:\/\/www.paulcraigroberts.org\/2024\/06\/23\/evil-is-now-the-dominant-power-in-the-western-world\/\" target=\"_blank\" rel=\"nofollow noopener\">ZDROJ<\/a><\/span><\/h3>\n<\/div>\n<\/div>\n","protected":false},"excerpt":{"rendered":"<p>Dok\u00e1\u017eou se lid\u00e9 vyrovnat s v\u00fdzvami \u017eivota, kdy\u017e bylo zni\u010deno tolik jejich kultury? Deprese, nesmyslnost&#8230;<\/p>\n","protected":false},"author":2,"featured_media":810,"comment_status":"closed","ping_status":"closed","sticky":false,"template":"","format":"standard","meta":[],"categories":[7],"tags":[1503,22,365,3478],"_links":{"self":[{"href":"https:\/\/www.infokuryr.cz\/n\/wp-json\/wp\/v2\/posts\/56675"}],"collection":[{"href":"https:\/\/www.infokuryr.cz\/n\/wp-json\/wp\/v2\/posts"}],"about":[{"href":"https:\/\/www.infokuryr.cz\/n\/wp-json\/wp\/v2\/types\/post"}],"author":[{"embeddable":true,"href":"https:\/\/www.infokuryr.cz\/n\/wp-json\/wp\/v2\/users\/2"}],"replies":[{"embeddable":true,"href":"https:\/\/www.infokuryr.cz\/n\/wp-json\/wp\/v2\/comments?post=56675"}],"version-history":[{"count":0,"href":"https:\/\/www.infokuryr.cz\/n\/wp-json\/wp\/v2\/posts\/56675\/revisions"}],"wp:featuredmedia":[{"embeddable":true,"href":"https:\/\/www.infokuryr.cz\/n\/wp-json\/wp\/v2\/media\/810"}],"wp:attachment":[{"href":"https:\/\/www.infokuryr.cz\/n\/wp-json\/wp\/v2\/media?parent=56675"}],"wp:term":[{"taxonomy":"category","embeddable":true,"href":"https:\/\/www.infokuryr.cz\/n\/wp-json\/wp\/v2\/categories?post=56675"},{"taxonomy":"post_tag","embeddable":true,"href":"https:\/\/www.infokuryr.cz\/n\/wp-json\/wp\/v2\/tags?post=56675"}],"curies":[{"name":"wp","href":"https:\/\/api.w.org\/{rel}","templated":true}]}}