{"id":56674,"date":"2024-06-30T00:31:10","date_gmt":"2024-06-29T22:31:10","guid":{"rendered":"https:\/\/www.infokuryr.cz\/n\/?p=56674"},"modified":"2024-06-29T17:00:04","modified_gmt":"2024-06-29T15:00:04","slug":"valka-v-gaze-vice-nez-20-000-deti-se-pohresuje-kvuli-zidovskym-utokum","status":"publish","type":"post","link":"https:\/\/www.infokuryr.cz\/n\/2024\/06\/30\/valka-v-gaze-vice-nez-20-000-deti-se-pohresuje-kvuli-zidovskym-utokum\/","title":{"rendered":"V\u00e1lka v Gaze: v\u00edce ne\u017e 20 000 d\u011bt\u00ed se poh\u0159e\u0161uje kv\u016fli \u017eidovsk\u00fdm \u00fatok\u016fm"},"content":{"rendered":"<div id=\"fb-root\"><\/div>\n<div class=\"elementor-element elementor-element-1fb4c2c elementor-widget elementor-widget-theme-post-content\" data-id=\"1fb4c2c\" data-element_type=\"widget\" data-widget_type=\"theme-post-content.default\">\n<div class=\"elementor-widget-container\">\n<p><span style=\"font-size: 18pt; font-family: 'arial black', sans-serif;\">Podle Save the Children jsou tis\u00edce nezv\u011bstn\u00fdch, zmizel\u00fdch, uv\u011bzn\u011bn\u00fdch nebo poh\u0159ben\u00fdch pod troskami nebo v hromadn\u00fdch hrobech<\/span><\/p>\n<p><span>V d\u016fsledku izraelsk\u00e9ho \u00fatoku na enkl\u00e1vu se v p\u00e1smu Gazy poh\u0159e\u0161uje v\u00edce ne\u017e 20 000 palestinsk\u00fdch d\u011bt\u00ed, kter\u00e9 jsou bu\u010f nezv\u011bstn\u00e9, zmizel\u00e9, uv\u011bzn\u011bn\u00e9, poh\u0159ben\u00e9 pod troskami nebo poh\u0159ben\u00e9 v masov\u00fdch hrobech.<\/span><\/p>\n<p><span>Save the Children uvedl, \u017ee pokra\u010duj\u00edc\u00ed konflikt zt\u011b\u017euje ov\u011b\u0159en\u00ed \u010d\u00edsel, ale odhaduje se, \u017ee nejm\u00e9n\u011b 17 000 d\u011bt\u00ed je bez doprovodu a odlou\u010deno, zat\u00edmco asi 4 000 d\u011bt\u00ed je pravd\u011bpodobn\u011b pod troskami.<\/span><\/p>\n<p><span>Dal\u0161\u00ed po\u010det je pravd\u011bpodobn\u011b v masov\u00fdch hrobech v p\u00e1smu Gazy.<\/span><\/p>\n<p><span>Charita uvedla, \u017ee jej\u00ed t\u00fdmy na ochranu d\u011bt\u00ed byly izraelskou operac\u00ed v Raf\u00e1hu vystaveny je\u0161t\u011b v\u011bt\u0161\u00edmu tlaku a \u017ee v d\u016fsledku toho je v\u00edce rodin a komunit odd\u011blov\u00e1no od sv\u00fdch d\u011bt\u00ed.<\/span><\/p>\n<p><span>\u201eKa\u017ed\u00fdm dnem nach\u00e1z\u00edme v\u00edce d\u011bt\u00ed bez doprovodu a ka\u017ed\u00fdm dnem je obt\u00ed\u017en\u011bj\u0161\u00ed je podporovat. Spolupracujeme s partnery na identifikaci odlou\u010den\u00fdch d\u011bt\u00ed a d\u011bt\u00ed bez doprovodu a lokalizaci jejich rodin, ale neexistuje pro n\u011b \u017e\u00e1dn\u00e1 bezpe\u010dn\u00e1 za\u0159\u00edzen\u00ed \u2013 v Gaze nen\u00ed \u017e\u00e1dn\u00e9 bezpe\u010dn\u00e9 m\u00edsto,\u201c uvedl v prohl\u00e1\u0161en\u00ed specialista na ochranu d\u011bt\u00ed z organizace Save the Children in Gaza.<\/span><\/p>\n<p><span>\u201eSoused\u00e9 a \u0161ir\u0161\u00ed rodinn\u00ed p\u0159\u00edslu\u0161n\u00edci, kte\u0159\u00ed p\u0159ijali osam\u011bl\u00e9 d\u011bti, se sna\u017e\u00ed uspokojit sv\u00e9 z\u00e1kladn\u00ed pot\u0159eby, jako je p\u0159\u00edst\u0159e\u0161\u00ed, j\u00eddlo a voda. Mnoz\u00ed jsou ubytov\u00e1ni s ciz\u00edmi lidmi \u2013 nebo zcela sami \u2013 co\u017e zvy\u0161uje riziko n\u00e1sil\u00ed, zneu\u017e\u00edv\u00e1n\u00ed, vyko\u0159is\u0165ov\u00e1n\u00ed a zanedb\u00e1v\u00e1n\u00ed.\u201c<\/span><\/p>\n<p><span>Palestinsk\u00e9 ministerstvo zdravotnictv\u00ed v ned\u011bli uvedlo, \u017ee od 7. \u0159\u00edjna bylo zabito celkem 37 598 lid\u00ed, v\u010detn\u011b nejm\u00e9n\u011b 14 000 d\u011bt\u00ed.<\/span><\/p>\n<p><span>Skupiny pro lidsk\u00e1 pr\u00e1va a experti OSN obvinili Izrael z kolektivn\u00edho trest\u00e1n\u00ed Palestinc\u016f od \u00fatoku veden\u00e9m Hamasem 7. \u0159\u00edjna, v\u010detn\u011b pou\u017eit\u00ed hladov\u011bn\u00ed jako v\u00e1le\u010dn\u00e9 zbran\u011b. P\u0159edpokl\u00e1d\u00e1 se, \u017ee des\u00edtky d\u011bt\u00ed v Gaze zem\u0159ely v d\u016fsledku podv\u00fd\u017eivy.<\/span><\/p>\n<p><span>\u0158editel nemocnice Kamal Adwan v severn\u00ed Gaze v sobotu uvedl, \u017ee \u010dty\u0159i d\u011bti tam zem\u0159ely na podv\u00fd\u017eivu b\u011bhem jedin\u00e9ho t\u00fddne.<\/span><\/p>\n<p><span>\u201eNa p\u0159ed\u0161koln\u00edm odd\u011blen\u00ed nemocnice jsme v posledn\u00edch hodin\u00e1ch ztratili d\u00edt\u011b. &#8222;Je to \u010dtvrt\u00e9 d\u00edt\u011b, kter\u00e9 za posledn\u00ed t\u00fdden zem\u0159elo v nemocnici kv\u016fli podv\u00fd\u017eiv\u011b,&#8220; \u0159ekl na tiskov\u00e9 konferenci.<\/span><\/p>\n<p><span>Humanit\u00e1rn\u00ed krize v p\u00e1smu Gazy zp\u016fsoben\u00e1 izraelsk\u00fdm bombardov\u00e1n\u00edm a obl\u00e9h\u00e1n\u00edm se pravd\u011bpodobn\u011b zhor\u0161\u00ed kv\u016fli spaluj\u00edc\u00edmu horku, varovala v p\u00e1tek Sv\u011btov\u00e1 zdravotnick\u00e1 organizace (WHO).<\/span><\/p>\n<p><span>WHO vyzvala k op\u011btovn\u00e9mu otev\u0159en\u00ed hrani\u010dn\u00edho p\u0159echodu Rafah, kter\u00fd Izrael obsadil a n\u00e1sledn\u011b zni\u010dil na za\u010d\u00e1tku kv\u011btna, aby se usnadnily dod\u00e1vky pomoci a l\u00e9ka\u0159sk\u00e1 evakuace 10 000 zran\u011bn\u00fdch, kte\u0159\u00ed pot\u0159ebuj\u00ed o\u0161et\u0159en\u00ed v zahrani\u010d\u00ed.<\/span><\/p>\n<p><span>Jak se po\u010det civiln\u00edch ob\u011bt\u00ed a humanit\u00e1rn\u00ed podm\u00ednky nad\u00e1le zhor\u0161uj\u00ed, zejm\u00e9na rostouc\u00ed hladov\u00e1 krize v severn\u00edm p\u00e1smu Gazy, izraelsk\u00fd premi\u00e9r Benjamin Netanjahu pop\u0159el, \u017ee by se z\u00e1m\u011brn\u011b zam\u011b\u0159oval na civilisty nebo prov\u00e1d\u011bl politiku hladov\u011bn\u00ed.<\/span><\/p>\n<p><span>V rozhovoru s konzervativn\u00edm americk\u00fdm \u010dasopisem Punchbowl News zve\u0159ejn\u011bn\u00fdm 21. \u010dervna Netanjahu nazval tato obvin\u011bn\u00ed \u201ekrevn\u00ed pomluvou proti \u017eidovsk\u00e9mu lidu\u201c.<\/span><\/p>\n<p><span>&#8222;Toto jsou dv\u011b pomluvy, kter\u00e9 jsou nam\u00ed\u0159eny proti \u017eidovsk\u00e9mu st\u00e1tu, stejn\u011b jako lid\u00e9 ve st\u0159edov\u011bku \u0159\u00edkali, \u017ee zab\u00edj\u00edme k\u0159es\u0165ansk\u00e9 d\u011bti, abychom upekli maces, nebo \u017ee \u0161\u00ed\u0159\u00edme hav\u011b\u0165, abychom otr\u00e1vili celou populaci.&#8220;<\/span><\/p>\n<p><em>BL\u00cdZK\u00dd V\u00ddCHOD \u2013 Redak\u010dn\u00ed t\u00fdm<\/em><\/p>\n<\/div>\n<\/div>\n<div class=\"elementor-element elementor-element-8c57238 quelle dc-has-condition dc-condition-empty elementor-widget elementor-widget-heading\" data-id=\"8c57238\" data-element_type=\"widget\" data-widget_type=\"heading.default\">\n<div class=\"elementor-widget-container\">\n<h3 class=\"elementor-heading-title elementor-size-default\"><span style=\"font-size: 10pt;\"><a href=\"https:\/\/www.middleeasteye.net\/news\/war-gaza-over-20000-left-missing-due-israeli-assault\" target=\"_blank\" rel=\"nofollow noopener\">ZDROJ<\/a><\/span><\/h3>\n<p>&nbsp;<\/p>\n<\/div>\n<\/div>\n","protected":false},"excerpt":{"rendered":"<p>Podle Save the Children jsou tis\u00edce nezv\u011bstn\u00fdch, zmizel\u00fdch, uv\u011bzn\u011bn\u00fdch nebo poh\u0159ben\u00fdch pod troskami nebo v&#8230;<\/p>\n","protected":false},"author":2,"featured_media":40690,"comment_status":"closed","ping_status":"closed","sticky":false,"template":"","format":"standard","meta":[],"categories":[7],"tags":[245,348,178,107],"_links":{"self":[{"href":"https:\/\/www.infokuryr.cz\/n\/wp-json\/wp\/v2\/posts\/56674"}],"collection":[{"href":"https:\/\/www.infokuryr.cz\/n\/wp-json\/wp\/v2\/posts"}],"about":[{"href":"https:\/\/www.infokuryr.cz\/n\/wp-json\/wp\/v2\/types\/post"}],"author":[{"embeddable":true,"href":"https:\/\/www.infokuryr.cz\/n\/wp-json\/wp\/v2\/users\/2"}],"replies":[{"embeddable":true,"href":"https:\/\/www.infokuryr.cz\/n\/wp-json\/wp\/v2\/comments?post=56674"}],"version-history":[{"count":0,"href":"https:\/\/www.infokuryr.cz\/n\/wp-json\/wp\/v2\/posts\/56674\/revisions"}],"wp:featuredmedia":[{"embeddable":true,"href":"https:\/\/www.infokuryr.cz\/n\/wp-json\/wp\/v2\/media\/40690"}],"wp:attachment":[{"href":"https:\/\/www.infokuryr.cz\/n\/wp-json\/wp\/v2\/media?parent=56674"}],"wp:term":[{"taxonomy":"category","embeddable":true,"href":"https:\/\/www.infokuryr.cz\/n\/wp-json\/wp\/v2\/categories?post=56674"},{"taxonomy":"post_tag","embeddable":true,"href":"https:\/\/www.infokuryr.cz\/n\/wp-json\/wp\/v2\/tags?post=56674"}],"curies":[{"name":"wp","href":"https:\/\/api.w.org\/{rel}","templated":true}]}}