{"id":5667,"date":"2021-10-26T07:56:37","date_gmt":"2021-10-26T05:56:37","guid":{"rendered":"http:\/\/www.infokuryr.cz\/n\/?p=5667"},"modified":"2021-10-26T08:23:33","modified_gmt":"2021-10-26T06:23:33","slug":"5667","status":"publish","type":"post","link":"https:\/\/www.infokuryr.cz\/n\/2021\/10\/26\/5667\/","title":{"rendered":"Skand\u00e1l ze Z\u0160 v Dob\u0159\u00ed\u0161i: Nepos\u00edlejte dva dny do \u0161koly ty d\u011bti, kter\u00e9 nejsou o\u010dkovan\u00e9!"},"content":{"rendered":"<div id=\"fb-root\"><\/div>\n<h4>Skand\u00e1l ze Z\u0160 v Dob\u0159\u00ed\u0161i: Nepos\u00edlejte dva dny do \u0161koly ty d\u011bti, kter\u00e9 nejsou o\u010dkovan\u00e9! Do \u0161koly mohou pouze \u017e\u00e1ci o\u010dkovan\u00ed! U\u010ditelka rozeslala rodi\u010d\u016fm email odporuj\u00edc\u00ed \u00fastavn\u00edm pr\u00e1v\u016fm ob\u010dan\u016f \u010cesk\u00e9 republiky, pr\u00e1vn\u00edk zhodnotil email jako obrysov\u00fd skutek apartheidu v rozporu s platnou legislativou! Na vin\u011b je z\u0159ejm\u011b znovu Vojt\u011bchovo ministerstvo zdravotnictv\u00ed, kter\u00e9 ve spolupr\u00e1ci s M\u0160MT rozes\u00edl\u00e1 do \u0161kol bizarn\u00ed a zmate\u010dn\u00e9 instrukce! Matka dev\u00e1\u0165a\u010dky bojovala za dceru, kter\u00e1 m\u00e1 l\u00e9ka\u0159sk\u00e9 potvrzen\u00ed o prod\u011bl\u00e1n\u00ed nemoci COVID-19, ale \u0161kola ji cht\u011bla p\u0159esto poslat do karant\u00e9ny!<\/h4>\n<p>Skon\u010dily volby a v \u010cR se rozpoutala covidov\u00e1 hysterie doslova ve v\u0161ech \u00farovn\u00edch st\u00e1tu a spole\u010dnosti. Odstupuj\u00edc\u00ed Babi\u0161ova vl\u00e1da se pustila do takov\u00e9ho teroru neo\u010dkovan\u00fdch lid\u00ed v \u010cR, \u017ee se doslova taj\u00ed dech.\u00a0<strong>Odstupuj\u00edc\u00ed ministr vnitra Jan H\u00e1m\u00e1\u010dek, kter\u00fd je dosud \u0161\u00e9fem krizov\u00e9ho \u0161t\u00e1bu, v pond\u011bl\u00ed uvedl [<a href=\"https:\/\/href.li\/?https:\/\/www.seznamzpravy.cz\/clanek\/do-prace-jen-s-testem-nebo-ockovanim-vlada-zvazi-italskou-cestu-178754#dop_ab_variant=0&amp;dop_source_zone_name=zpravy.sznhp.box&amp;dop_req_id=TPtWqeL3CmS-202110251007&amp;dop_id=178754&amp;source=hp&amp;seq_no=3&amp;utm_campaign=&amp;utm_medium=z-boxiku&amp;utm_source=www.seznam.cz\" target=\"_blank\" rel=\"nofollow noopener\">1<\/a>] pro \u010desk\u00e1 m\u00e9dia, \u017ee zva\u017euje zaveden\u00ed italsk\u00e9ho modelu opat\u0159en\u00ed v \u010cesk\u00e9 republice<\/strong>, to znamen\u00e1, \u017ee ob\u010dan\u00e9 \u010cR by nemohli chodit do pr\u00e1ce, do zam\u011bstn\u00e1n\u00ed, pokud by nep\u0159edlo\u017eili doklad o o\u010dkov\u00e1n\u00ed, anebo negativn\u00ed PCR test ne star\u0161\u00ed ne\u017e 3 dny, anebo negativn\u00ed antigenn\u00ed test, ne star\u0161\u00ed ne\u017e 24 hodin. A jako pecku k tomu Ham\u00e1\u010dek uvedl, \u017ee od listopadu by si samoz\u0159ejm\u011b museli ob\u010dan\u00e9 ve\u0161ker\u00e9 testov\u00e1n\u00ed platit sami, co\u017e v p\u0159\u00edpad\u011b PCR testu nen\u00ed nic lacin\u00e9ho.<\/p>\n<figure id=\"attachment_40522\" class=\"wp-caption aligncenter\" style=\"width: 508px;\"><a href=\"https:\/\/aeronet.cz\/news\/wp-content\/uploads\/CerveneSvetrikyHQ.jpg\"><img decoding=\"async\" loading=\"lazy\" class=\"wp-image-40522 \" src=\"https:\/\/aeronet.cz\/news\/wp-content\/uploads\/CerveneSvetrikyHQ-1024x768.jpg\" sizes=\"(max-width: 700px) 100vw, 700px\" srcset=\"https:\/\/aeronet.cz\/news\/wp-content\/uploads\/CerveneSvetrikyHQ.jpg 1024w, https:\/\/aeronet.cz\/news\/wp-content\/uploads\/CerveneSvetrikyHQ-300x225.jpg 300w, https:\/\/aeronet.cz\/news\/wp-content\/uploads\/CerveneSvetrikyHQ-768x576.jpg 768w, https:\/\/aeronet.cz\/news\/wp-content\/uploads\/CerveneSvetrikyHQ-700x525.jpg 700w, https:\/\/aeronet.cz\/news\/wp-content\/uploads\/CerveneSvetrikyHQ-476x357.jpg 476w, https:\/\/aeronet.cz\/news\/wp-content\/uploads\/CerveneSvetrikyHQ-644x483.jpg 644w\" alt=\"\" width=\"508\" height=\"381\" \/><\/a><figcaption class=\"wp-caption-text\">Jan Ham\u00e1\u010dek, odstupuj\u00edc\u00ed ministr vnitra v \u010dele zased\u00e1n\u00ed krizov\u00e9ho \u0161t\u00e1bu<\/figcaption><\/figure>\n<p>Cena se pohybuje od 1 500 K\u010d (s vyhotoven\u00edm testu do 48 hodin) a\u017e do 2 500 K\u010d za expresn\u00ed PCR test na po\u010dk\u00e1n\u00ed do n\u011bkolika hodin. St\u00e1tn\u00ed laborato\u0159e maj\u00ed PCR testy lacin\u011bj\u0161\u00ed, okolo 860 K\u010d, ale pouze na \u017e\u00e1danku s \u010dekac\u00edm po\u0159adn\u00edkem a\u017e n\u011bkolik dn\u00ed. A kdy\u017e bude m\u00edt od listopadu PCR test platnost jen 3 dny, tak t\u00edm nast\u00e1v\u00e1 situace v podob\u011b paradoxu, kdy<strong>\u00a0v pond\u011bl\u00ed si za\u017e\u00e1d\u00e1te o test, \u010dasenku na odb\u011br dostanete a\u017e na \u010dtvrtek a v\u00fdsledek testu dostanete a\u017e dal\u0161\u00ed pond\u011bl\u00ed.<\/strong>\u00a0A v pond\u011bl\u00ed nanovo, \u010dasenka na \u010dtvrtek, v\u00fdsledek dal\u0161\u00ed pond\u011bl\u00ed. Jako u Vojt\u011bcha na dvorku, kdy\u017e startujou motorku. A jak budete chodit do pr\u00e1ce mezi t\u00edm, kdy\u017e bez testu v\u00e1s nepust\u00ed? Ch\u00e1pete?<\/p>\n<h6><span style=\"font-size: 14pt;\">U\u010ditelka rozeslala emaily rodi\u010d\u016fm, \u017ee do \u0161koly mohou jen o\u010dkovan\u00e9 d\u011bti!<\/span><\/h6>\n<p>Vojt\u011bch tak vymyslel kuli\u0161\u00e1rnu, kter\u00e1 m\u00e1 donutit lidi k vakcinaci, anebo nebudou lid\u00e9 moci chodit fakticky do pr\u00e1ce, proto\u017ee i ty antigenn\u00ed testy na 24 hodin polezou do pen\u011bz. Antigenn\u00ed testy jsou levn\u011bj\u0161\u00ed, okolo dvou stovek. Jen\u017ee vzhledem k tomu, \u017ee od listopadu\u00a0<strong>Vojt\u011bchovo ministerstvo zdravotnictv\u00ed \u00famysln\u011b zkr\u00e1tilo platnost PCR test\u016f jen na 3 dny a u antigenn\u00edch test\u016f jen na 24 hodin, tak to znamen\u00e1, \u017ee testov\u00e1n\u00ed lidem poleze ne\u00fam\u011brn\u011b do pen\u011bz a bude je to nutit se j\u00edt o\u010dkovat.<\/strong>\u00a0A te\u010f si p\u0159edstavte, \u017ee toto je naprost\u00e9 nic ve srovn\u00e1n\u00ed s t\u00edm, co jsme dnes dostali do redakce. Takov\u00fd email jste je\u0161t\u011b asi ne\u010detli.<\/p>\n<figure id=\"attachment_48903\" class=\"wp-caption aligncenter\"><a href=\"https:\/\/aeronet.cz\/news\/wp-content\/uploads\/ZSDobris2_Email.jpg\"><img decoding=\"async\" loading=\"lazy\" class=\"wp-image-48903 size-full\" src=\"https:\/\/aeronet.cz\/news\/wp-content\/uploads\/ZSDobris2_Email.jpg\" sizes=\"(max-width: 861px) 100vw, 861px\" srcset=\"https:\/\/aeronet.cz\/news\/wp-content\/uploads\/ZSDobris2_Email.jpg 861w, https:\/\/aeronet.cz\/news\/wp-content\/uploads\/ZSDobris2_Email-300x108.jpg 300w, https:\/\/aeronet.cz\/news\/wp-content\/uploads\/ZSDobris2_Email-768x277.jpg 768w, https:\/\/aeronet.cz\/news\/wp-content\/uploads\/ZSDobris2_Email-700x252.jpg 700w\" alt=\"\" width=\"861\" height=\"310\" \/><\/a><figcaption class=\"wp-caption-text\">Email od u\u010ditelky, kter\u00fd obdr\u017eeli rodi\u010de \u017e\u00e1k\u016f<\/figcaption><\/figure>\n<p>Napsala n\u00e1m maminka dvou \u017ea\u010dek, z nich\u017e jedna chod\u00ed v Dob\u0159\u00ed\u0161\u00ed do z\u00e1kladn\u00ed \u0161koly do 9. t\u0159\u00eddy a v ned\u011bli ve\u010der pan\u00ed t\u0159\u00eddn\u00ed u\u010ditelka poslala rodi\u010d\u016fm \u017e\u00e1k\u016f neuv\u011b\u0159iteln\u00fd email, ze kter\u00e9ho doslova i na\u0161emu pr\u00e1vn\u00edkovi p\u0159ech\u00e1zel zrak.\u00a0<strong>Pan\u00ed u\u010ditelka, jej\u00ed\u017e jm\u00e9no v redakci zn\u00e1me, v emailu vyz\u00fdvala rodi\u010de, \u017ee maj\u00ed nechat sv\u00e9 neo\u010dkovan\u00e9 d\u011bti doma, proto\u017ee do \u0161koly mohou pouze o\u010dkovan\u00ed \u017e\u00e1ci<\/strong>, zat\u00edmco neo\u010dkov\u00e1n\u00ed mus\u00ed z\u016fstat doma, co\u017e v emailu zd\u016fraznila \u010derven\u00fdm kapit\u00e1lkov\u00fdm p\u00edsmem s vyk\u0159i\u010dn\u00edkem.<\/p>\n<p><em>V\u00e1\u017een\u00ed rodi\u010de,<\/em><\/p>\n<p><em>\u017e\u00e1d\u00e1m v\u00e1s v\u0161echny o pomoc. Jde o nar\u016fstaj\u00edc\u00ed po\u010det pozitivn\u00edch \u017e\u00e1k\u016f ve t\u0159\u00edd\u011b.\u00a0<strong>Nepos\u00edlejte n\u00e1sleduj\u00edc\u00ed dva dny do \u0161koly ty d\u011bti, kter\u00e9 nejsou o\u010dkovan\u00e9.<\/strong><\/em><\/p>\n<p><em><strong>NEO\u010cKOVAN\u00c9 D\u011aTI MUS\u00cd Z\u016eSTAT DOMA!<\/strong><\/em><\/p>\n<p><em>Do \u0161koly mohou pouze \u017e\u00e1ci o\u010dkovan\u00ed.<\/em><\/p>\n<p><em>D\u011bkuji za pomoc. U\u010ditelka (redakce jm\u00e9no zn\u00e1).<\/em><\/p>\n<p>Rodi\u010de neo\u010dkovan\u00fdch d\u011bt\u00ed v\u010dera ve\u010der m\u00e1lem kleplo a u\u017e dnes se obr\u00e1tili nejen na na\u0161i redakci, ale i na advok\u00e1tn\u00ed kancel\u00e1\u0159e. Nen\u00ed te\u010f jasn\u00e9, jestli pan\u00ed u\u010ditelka jednala z vlastn\u00ed iniciativy, anebo byla instruov\u00e1na veden\u00edm \u0161koly, ale faktem je, \u017ee\u00a0<strong>email napl\u0148uje podle n\u00e1zoru na\u0161eho pr\u00e1vn\u00edka skutkov\u00fd obrys podle\u00a0\u00a7 402 Tr. Z., tzn. skutek podpory apartheidu a diskriminace skupiny lid\u00ed<\/strong>, nebo\u0165 u\u010ditelka v emailu oznamuje rodi\u010d\u016fm, \u017ee o\u010dkovan\u00e9 d\u011bti \u201cNESM\u00cd\u201d do \u0161koly, zat\u00edmco u\u010ditelka taxativn\u011b uv\u00e1d\u00ed, \u017ee do \u0161koly mohou jen o\u010dkovan\u00e9 d\u011bti. T\u00edm je bezpochyby napln\u011bn skutkov\u00fd obrys\u00a0\u00a7 402, konstatuje n\u00e1\u0161 pr\u00e1vn\u00edk, ale uv\u00e1d\u00ed k tomu jeden post\u0159eh.<\/p>\n<h6><span style=\"font-size: 14pt;\">Podle pr\u00e1vn\u00edku do\u0161lo ke sp\u00e1ch\u00e1n\u00ed podn\u011btu a obrysu\u00a0\u00a7 402 Apartheid a diskriminace skupiny lid\u00ed. Z emailu doslova mraz\u00ed<\/span><\/h6>\n<p>Pokud u\u010ditelka napsala email na n\u011b\u010d\u00ed pokyn v roli pracovn\u011b-pr\u00e1vn\u00edho vztahu, kdy provedla jen \u00fakol, ke kter\u00e9mu byla vyzv\u00e1na ze strany nad\u0159\u00edzen\u00fdch, potom tento obrys paragrafu spad\u00e1 sp\u00ed\u0161e na toho, kdo tuto segregaci d\u011bt\u00ed u\u010ditelce na\u0159\u00eddil.\u00a0<strong>Je velice pravd\u011bpodobn\u00e9, \u017ee \u0161kola v Dob\u0159\u00ed\u0161\u00ed nedisponuje pr\u00e1vn\u00edm poradenstv\u00edm na odpov\u00eddaj\u00edc\u00ed \u00farovni a pouze tedy \u0161kola (dez)interpretovala na\u0159\u00edzen\u00ed ze shora, a te\u010f je ot\u00e1zka, jestli jde o sm\u011brnici ministerstva \u0161kolstv\u00ed, anebo o sm\u011brnici ministerstva zdravotnictv\u00ed.<\/strong>\u00a0Chaos a zmatky v opat\u0159en\u00edch Vojt\u011bchova ministerstva jsou proslul\u00e9 a ty paskvily, kter\u00e9 \u010desk\u00e9 spr\u00e1vn\u00ed soudy ru\u0161\u00ed jeden po druh\u00e9m, jsou skute\u010dn\u00e9 diletantsk\u00e9.<\/p>\n<figure id=\"attachment_48131\" class=\"wp-caption aligncenter\" style=\"width: 538px;\"><a href=\"https:\/\/aeronet.cz\/news\/wp-content\/uploads\/UdelejmeTeckuVojtech.jpg\"><img decoding=\"async\" loading=\"lazy\" class=\"wp-image-48131 \" src=\"https:\/\/aeronet.cz\/news\/wp-content\/uploads\/UdelejmeTeckuVojtech-1024x576.jpg\" sizes=\"(max-width: 700px) 100vw, 700px\" srcset=\"https:\/\/aeronet.cz\/news\/wp-content\/uploads\/UdelejmeTeckuVojtech-1024x576.jpg 1024w, https:\/\/aeronet.cz\/news\/wp-content\/uploads\/UdelejmeTeckuVojtech-300x169.jpg 300w, https:\/\/aeronet.cz\/news\/wp-content\/uploads\/UdelejmeTeckuVojtech-768x432.jpg 768w, https:\/\/aeronet.cz\/news\/wp-content\/uploads\/UdelejmeTeckuVojtech-700x394.jpg 700w, https:\/\/aeronet.cz\/news\/wp-content\/uploads\/UdelejmeTeckuVojtech-635x357.jpg 635w, https:\/\/aeronet.cz\/news\/wp-content\/uploads\/UdelejmeTeckuVojtech-859x483.jpg 859w, https:\/\/aeronet.cz\/news\/wp-content\/uploads\/UdelejmeTeckuVojtech.jpg 1200w\" alt=\"\" width=\"538\" height=\"303\" \/><\/a><figcaption class=\"wp-caption-text\">Adam Vojt\u011bch, odstupuj\u00edc\u00ed ministr zdravotnictv\u00ed<\/figcaption><\/figure>\n<p>Tak\u017ee na\u0161e redakce se v t\u00e9to v\u011bci rad\u011bji dr\u017e\u00ed t\u00e9 pozice, \u017ee nen\u00ed mo\u017en\u00e9 z emailu na\u0161\u00ed \u010dten\u00e1\u0159ky ur\u010dit, kdo je vinen t\u00edm, co se nach\u00e1z\u00ed v emailu od t\u0159\u00eddn\u00ed u\u010ditelky.<strong>\u00a0Jednou v\u011bc\u00ed je obsah emailu, kter\u00fd je ve zjevn\u00e9m rozporu podle pr\u00e1vn\u00edka s\u00a0\u00a7 402 Tr. Z. \u010d.\u00a040\/2009 Sb., a druhou v\u011bc\u00ed je ten, kdo toto na\u0159\u00edzen\u00ed vydal a inicioval.<\/strong>\u00a0U\u010ditel\u00e9 na \u0161kol\u00e1ch jsou v mnoha ohledech ob\u011btmi tohoto diletantsk\u00e9ho uplat\u0148ov\u00e1n\u00ed na\u0159\u00edzen\u00ed z obou zm\u00edn\u011bn\u00fdch ministerstev.<\/p>\n<p>Ka\u017edop\u00e1dn\u011b zakazovat neo\u010dkovan\u00fdm d\u011btem chodit do \u0161koly je v rozporu s \u00fastavn\u00edm principem pr\u00e1va na vzd\u011bl\u00e1n\u00ed, ale i v rozporu se \u0161kolsk\u00fdm z\u00e1konem. Zdaleka nejde jen o \u00a7 402 Tr. Z., proto\u017ee br\u00e1n\u011bn\u00ed ve \u0161koln\u00ed doch\u00e1zce poru\u0161uje jak \u00fastavn\u00ed klauzuli o pr\u00e1vu na vzd\u011bl\u00e1n\u00ed, tak i ustanoven\u00ed nezadateln\u00e9ho pr\u00e1va na vzd\u011bl\u00e1n\u00ed na z\u00e1kladn\u00edch a st\u0159edn\u00edch \u0161kol\u00e1ch pro ob\u010dany \u010cR podle \u0161kolsk\u00e9ho z\u00e1kona. Pod\u00edvejme se tedy na cel\u00fd email, kter\u00fd n\u00e1m zaslala \u010dten\u00e1\u0159ka.<\/p>\n<p class=\"-wm-MsoNormal\">V\u00e1\u017een\u00e1 redakce,<\/p>\n<p class=\"-wm-MsoNormal\">n\u00ed\u017ee V\u00e1m zas\u00edl\u00e1m e-mail, kter\u00fd v\u010dera ve\u010der (ned\u011ble 24.10.2021) v 19:55 hod. obdr\u017eeli v\u0161ichni rodi\u010de d\u011bt\u00ed \u00a09.A (mo\u017en\u00e1 i jin\u00fdch t\u0159\u00edd), 2. z\u00e1kladn\u00ed \u0161koly v Dob\u0159\u00ed\u0161i.<\/p>\n<p class=\"-wm-MsoNormal\">Nejen, \u017ee e-mail byl zasl\u00e1n rodi\u010d\u016fm ve ve\u010dern\u00edch hodin\u00e1ch a k tomu jen t\u0159\u00eddn\u00ed u\u010ditelkou, kter\u00e1 nem\u00e1 v kompetenci cokoliv rodi\u010d\u016fm na\u0159izovat a u\u017e v\u016fbec ne je nab\u00e1dat, aby sv\u00e9 neo\u010dkovan\u00e9 d\u011bti do \u0161koly nepos\u00edlali\u00a0 a t\u00edm poru\u0161ovali sami rodi\u010de svou z\u00e1konnou povinnost.\u00a0<strong>\u0160kola za\u010dala jednat\u00a0 zcela nez\u00e1konn\u011b mimo r\u00e1mec sv\u00fdch kompetenc\u00ed.<\/strong>\u00a0Na mail mne v\u0161ak musela upozornit dcera, nebo\u0165 ho d\u011bti ze t\u0159\u00eddy za\u010dali \u0159e\u0161it p\u0159es Instagram. Samoz\u0159ejm\u011b jsem dce\u0159i dala jasn\u00e9 instrukce o povinn\u00e9 \u0161koln\u00ed doch\u00e1zce odpov\u011bdnosti rodi\u010d\u016f, dobrovolnosti o\u010dkov\u00e1n\u00ed, nez\u00e1konnosti podn\u011btu u\u010ditelky, nez\u00e1konnosti snad v\u0161ech vl\u00e1dn\u00edch na\u0159\u00edzen\u00ed \u010di opat\u0159en\u00ed, nefunk\u010dnosti pr\u00e1vn\u00edho syst\u00e9mu, segregaci, apratheidu atd.<\/p>\n<p class=\"-wm-MsoNormal\">Celou noc to ve mne v\u0159elo, skoro jsem nespala a v\u00a0rann\u00edch hodin\u00e1ch jsem se rozhodla se aktivn\u011b br\u00e1nit, co\u017e by m\u011bl u\u010dinit ka\u017ed\u00fd rodi\u010d.<\/p>\n<p class=\"-wm-MsoNormal\"><b>Pan\u00ed u\u010ditelce jsem odpov\u011bd\u011bla takto:<\/b><\/p>\n<p class=\"-wm-MsoNormal\"><i>V\u00e1\u017een\u00e1 pan\u00ed u\u010ditelko,<\/i><\/p>\n<p class=\"-wm-MsoNormal\"><i>segregov\u00e1n\u00ed d\u011bt\u00ed na o\u010dkovan\u00e9 a neo\u010dkovan\u00e9 a nab\u00e1d\u00e1n\u00ed rodi\u010d\u016f, a\u0165 sv\u00e9 d\u011bti neo\u010dkovan\u00e9 nechaj\u00ed doma a z\u00e1rove\u0148, aby t\u00edmto poru\u0161ovali, \u00a0jako rodi\u010de z\u00e1kon a povinnou \u0161koln\u00ed doch\u00e1zku, je z pohledu z\u00e1kona apartheid (\u010dili trestn\u00fd \u010din, jeho\u017e i p\u0159\u00edprava je trestn\u00e1).\u00a0Diskriminovat zdrav\u00e9 d\u011bti bez zn\u00e1mek onemocn\u011bn\u00ed je jasn\u00fdm d\u016fkazem.<\/i><\/p>\n<p class=\"-wm-MsoNormal\"><i>Pan\u00ed \u0159editelka mohla vyhl\u00e1sit na tyto dny 25.-26.10.2021 \u0159editelsk\u00e9 volno pro v\u0161echny a probl\u00e9m m\u011bla vy\u0159e\u0161en\u00fd, ale ona tak neu\u010dinila a\u010dkoliv v\u011bd\u011bla, \u017ee se virus \u0161\u00ed\u0159\u00ed a dle instrukc\u00ed M\u0160MT tak mohla u\u010dinit a bylo to doporu\u010dov\u00e1no.<\/i><\/p>\n<p class=\"-wm-MsoNormal\"><i>Dcera COVID 19 ji\u017e prod\u011blala, m\u00e1 zna\u010dn\u00e9 protil\u00e1tky proti t\u00e9to nemoci, vy\u0161\u0161\u00ed ne\u017e m\u00e1 o\u010dkovan\u00fd po 2 d\u00e1vk\u00e1ch \u201cvakc\u00edny\u201d.<\/i><\/p>\n<p class=\"-wm-MsoNormal\"><i>D\u016fvodem, pro\u010d se virus \u0161\u00ed\u0159\u00ed nyn\u00ed mezi mladistv\u00fdmi, je zejm\u00e9na ten, \u017ee ho rozn\u00e1\u0161ej\u00ed p\u0159edev\u0161\u00edm o\u010dkovan\u00ed, kte\u0159\u00ed jsou supernosi\u010di, jak je ji\u017e v\u0161eobecn\u011b zn\u00e1mo.\u00a0<\/i><\/p>\n<p class=\"-wm-MsoNormal\"><i>Dcera do \u0161koly p\u016fjde\u00a0 a bude se v\u00fduky \u00fa\u010dastnit, a\u0165 se V\u00e1m to l\u00edb\u00ed \u010di nikoliv. S COVID pozitivn\u00edmi se setk\u00e1vala pouze v dob\u011b ochrann\u00e9 lh\u016fty. Hygiena ji nikterak nekontaktovala, aby se podrobila testov\u00e1n\u00ed a nem\u00e1 \u017e\u00e1dn\u00e9 p\u0159\u00edznaky onemocn\u011bn\u00ed ani tohoto ani jin\u00e9ho.<\/i><\/p>\n<p class=\"-wm-MsoNormal\"><i>Pokud se jako u\u010ditel\u00e9, a\u010d jste pln\u011b o\u010dkovan\u00ed boj\u00edte nemoci, bude se muset asi Vy individu\u00e1ln\u011b segregovat. Ot\u00e1zkou je pro\u010d se nemoci boj\u00edte, kdy\u017e jste o\u010dkovan\u00ed a kdy\u017e m\u00e1te ochranu v podob\u011b \u201ez\u00e1zra\u010dn\u00e9 vakc\u00edny\u201c?<\/i><\/p>\n<p class=\"-wm-MsoNormal\"><i>Pokud bude \u0161kola postupovat nez\u00e1konn\u011b (jako, \u017ee u\u017e nejen t\u00edmto mailem vla\u0161tovku vyslala), budeme se jako rodi\u010de br\u00e1nit v\u0161emi mo\u017en\u00fdmi zp\u016fsoby.<\/i><\/p>\n<p class=\"-wm-MsoNormal\"><i>S pozdravem\u2026<\/i><\/p>\n<p class=\"-wm-MsoNormal\">Jsem matka dvou dcer ve v\u011bku 12 let (7. ro\u010dn\u00edk) a 14 let (9. ro\u010dn\u00edk), ob\u011b nav\u0161t\u011bvuj\u00ed stejnou Z\u0160. COVID 19 jsme prod\u011blaly v\u0161echny 3, a to posledn\u00ed t\u00fdden v\u00a0dubnu 2021.<\/p>\n<p class=\"-wm-MsoNormal\">Ji\u017e minul\u00fd t\u00fdden 20.10.2021 se pan\u00ed \u0159editelka\u00a0sna\u017eila\u00a0star\u0161\u00ed dceru poslat dom\u016f z d\u016fvodu, \u017ee se setkala p\u0159i m\u00edsen\u00ed t\u0159\u00edd na pracovn\u00ed v\u00fdchovu a v\u00fduku jazyk\u016f s COVID pozitivn\u00edm \u017e\u00e1kem, a to i p\u0159esto, \u017ee \u0161kole jsem po prod\u011bl\u00e1n\u00ed na\u0161eho onemocn\u011bn\u00ed doru\u010dila (jak v mailov\u00e9 podob\u011b tak i fyzicky) potvrzen\u00ed o prod\u011blan\u00e9m onemocn\u011bn\u00ed, a tud\u00ed\u017e byly ob\u011b d\u00edvky v ochrann\u00e9 lh\u016ft\u011b 180 dn\u016f po prod\u011bl\u00e1n\u00ed nemoci.\u00a0Do\u0161lo k tomu, \u017ee star\u0161\u00ed dceru (a je\u0161t\u011b dal\u0161\u00ed d\u011bti) nam\u00edsto v\u00fduky separovala do zvl\u00e1\u0161tn\u00ed m\u00edstnosti a obvol\u00e1vala jejich rodi\u010de telefonem d\u011bt\u00ed.\u00a0<strong>Mne osobn\u011b po telefonu tvrdila, \u017ee ji hygiena uvedla ochrannou lh\u016ftu nikoliv 180 dn\u00ed, ale 150 dn\u016f, a \u017ee se t\u00edm hodl\u00e1 \u0159\u00eddit, a \u017ee m\u00e1 nastoupit d\u00edt\u011b karant\u00e9nu.<\/strong><\/p>\n<p class=\"-wm-MsoNormal\">Musela jsem pan\u00ed \u0159editelku konfrontovat s jej\u00ed neznalost\u00ed v\u011bci a nez\u00e1konnost\u00ed jej\u00edch pravomoc\u00ed. Nakonec d\u00edt\u011b ve \u0161kole z\u016fstalo, ale p\u0159i\u0161lo o 2 vyu\u010dovac\u00ed hodiny.<\/p>\n<p class=\"-wm-MsoNormal\">Kr\u00e1sn\u00fd den.<\/p>\n<p class=\"-wm-MsoNormal\">Va\u0161e \u010dten\u00e1\u0159ka (<em>pozn.\u00a0na\u0161e redakce zn\u00e1 jm\u00e9no pisatelky<\/em>)<\/p>\n<h6><span style=\"font-size: 14pt;\">Hygiena nezn\u00e1 u\u017e ani lh\u016fty ministerstva, naprost\u00fd rozvrat \u010desk\u00e9ho st\u00e1tu<\/span><\/h6>\n<p>Na\u0161e redakce souhlas\u00ed s n\u00e1zorem, \u017ee \u0161kola m\u011bla rad\u011bji zvolit formu \u0159editelsk\u00e9ho volna na 2 dny, proto\u017ee tohle, co bylo pou\u017eito nam\u00edsto toho, je podle pr\u00e1vn\u00edka skutkov\u00fd obrys podn\u011bcov\u00e1n\u00ed apartheidu podle\u00a0\u00a7 402 Tr. Z. \u010d.\u00a040\/2009 Sb. a \u0161kola zjevn\u011b nedomyslela d\u016fsledky takov\u00e9ho jedn\u00e1n\u00ed.<\/p>\n<p>To, co se nach\u00e1z\u00ed v textu emailu, je nepopirateln\u00e1 v\u00fdzva k apartheidu uplat\u0148ovan\u00e9ho nav\u00edc na nezletil\u00fdch osob\u00e1ch, co\u017e zesiluje d\u016fsledkov\u00e9 dopady takov\u00e9ho jedn\u00e1n\u00ed. Dal\u0161\u00ed podivnost\u00ed je dezinformace hygieny o 150 dnech pro platnost potvrzen\u00ed o prod\u011bl\u00e1n\u00ed nemoci.\u00a0<strong>Platn\u00e9 opat\u0159en\u00ed ministerstva zdravotnictv\u00ed dosud st\u00e1le hovo\u0159\u00ed [<a href=\"https:\/\/href.li\/?https:\/\/koronavirus.mzcr.cz\/caste-otazky-a-odpovedi\/\" target=\"_blank\" rel=\"nofollow noopener\">2<\/a>] i v dob\u011b psan\u00ed tohoto \u010dl\u00e1nku o 180 dnech. Pokud hygiena vypr\u00e1v\u00ed cosi o 150 dnech, tak poru\u0161uje opat\u0159en\u00ed ministra Vojt\u011bcha.<\/strong><\/p>\n<figure id=\"attachment_45311\" class=\"wp-caption aligncenter\" style=\"width: 544px;\"><a href=\"https:\/\/aeronet.cz\/news\/wp-content\/uploads\/RobertPlaga.jpeg\"><img decoding=\"async\" loading=\"lazy\" class=\"wp-image-45311 \" src=\"https:\/\/aeronet.cz\/news\/wp-content\/uploads\/RobertPlaga.jpeg\" sizes=\"(max-width: 880px) 100vw, 880px\" srcset=\"https:\/\/aeronet.cz\/news\/wp-content\/uploads\/RobertPlaga.jpeg 880w, https:\/\/aeronet.cz\/news\/wp-content\/uploads\/RobertPlaga-300x169.jpeg 300w, https:\/\/aeronet.cz\/news\/wp-content\/uploads\/RobertPlaga-768x432.jpeg 768w, https:\/\/aeronet.cz\/news\/wp-content\/uploads\/RobertPlaga-700x394.jpeg 700w, https:\/\/aeronet.cz\/news\/wp-content\/uploads\/RobertPlaga-635x357.jpeg 635w, https:\/\/aeronet.cz\/news\/wp-content\/uploads\/RobertPlaga-859x483.jpeg 859w\" alt=\"\" width=\"544\" height=\"306\" \/><\/a><figcaption class=\"wp-caption-text\">Robert Plaga, odstupuj\u00edc\u00ed ministr \u0161kolstv\u00ed<\/figcaption><\/figure>\n<p>Tato perli\u010dka pouze ukazuje, \u017ee chaos nepanuje jenom mezi u\u010diteli, ale i mezi hygieniky. Ka\u017edop\u00e1dn\u011b toto je d\u016fsledek parlamentn\u00edch voleb, kdy do sn\u011bmovny se dostaly jenom strany, kter\u00e9 tento chaos bu\u010f pom\u00e1haly a nad\u00e1le pom\u00e1haj\u00ed spoluvytv\u00e1\u0159et, anebo jej pasivn\u011b toleruj\u00ed.\u00a0<strong>Tak\u017ee si dob\u0159e ten email od pan\u00ed u\u010ditelky p\u0159e\u010dt\u011bte, proto\u017ee tam to m\u00e1te napsan\u00e9. A brzy u\u017e mo\u017en\u00e1 i u v\u00e1s na va\u0161\u00ed \u0161kole.<\/strong>\u00a0Tak\u017ee, co \u0159\u00edct z\u00e1v\u011brem?<\/p>\n<p>No, zkr\u00e1tka jen to, \u017ee Ham\u00e1\u010dek u\u017e vypustil prvn\u00ed bal\u00f3nek o italsk\u00e9m, resp. slovensk\u00e9m modelu, kdy do pr\u00e1ce budou moci chodit jen o\u010dkovan\u00ed anebo lid\u00e9 s testy, ale placen\u00fdmi z vlastn\u00edch kapes, zat\u00edmco u\u010ditelky na \u0161kol\u00e1ch ji\u017e rozes\u00edlaj\u00ed rodi\u010d\u016fm emaily, aby se neobt\u011b\u017eovali pos\u00edlat neo\u010dkovan\u00e9 d\u011bti do \u0161kol. D\u00edky Bohu za rodi\u010de, kte\u0159\u00ed si tohle nedaj\u00ed l\u00edbit. A b\u011bda lidem, kte\u0159\u00ed se podvol\u00ed politik\u016fm, kte\u0159\u00ed jim podmi\u0148uj\u00ed chozen\u00ed do pr\u00e1ce jehlou \u010di testem.<\/p>\n<p>-VK- \u0160\u00e9fredaktor AE News<\/p>\n<p><a href=\"https:\/\/aeronet.cz\/news\/skandal-ze-zs-v-dobrisi-neposilejte-dva-dny-do-skoly-ty-deti-ktere-nejsou-ockovane-do-skoly-mohou-pouze-zaci-ockovani-ucitelka-rozeslala-rodicum-email-odporujici-ustavnim-pravum-obcanu-cr\/\">ZDROJ<\/a><\/p>\n<p>&nbsp;<\/p>\n","protected":false},"excerpt":{"rendered":"<p>Skand\u00e1l ze Z\u0160 v Dob\u0159\u00ed\u0161i: Nepos\u00edlejte dva dny do \u0161koly ty d\u011bti, kter\u00e9 nejsou o\u010dkovan\u00e9!&#8230;<\/p>\n","protected":false},"author":2,"featured_media":5668,"comment_status":"closed","ping_status":"closed","sticky":false,"template":"","format":"standard","meta":[],"categories":[6],"tags":[512,23,245,1376,94,48],"_links":{"self":[{"href":"https:\/\/www.infokuryr.cz\/n\/wp-json\/wp\/v2\/posts\/5667"}],"collection":[{"href":"https:\/\/www.infokuryr.cz\/n\/wp-json\/wp\/v2\/posts"}],"about":[{"href":"https:\/\/www.infokuryr.cz\/n\/wp-json\/wp\/v2\/types\/post"}],"author":[{"embeddable":true,"href":"https:\/\/www.infokuryr.cz\/n\/wp-json\/wp\/v2\/users\/2"}],"replies":[{"embeddable":true,"href":"https:\/\/www.infokuryr.cz\/n\/wp-json\/wp\/v2\/comments?post=5667"}],"version-history":[{"count":0,"href":"https:\/\/www.infokuryr.cz\/n\/wp-json\/wp\/v2\/posts\/5667\/revisions"}],"wp:featuredmedia":[{"embeddable":true,"href":"https:\/\/www.infokuryr.cz\/n\/wp-json\/wp\/v2\/media\/5668"}],"wp:attachment":[{"href":"https:\/\/www.infokuryr.cz\/n\/wp-json\/wp\/v2\/media?parent=5667"}],"wp:term":[{"taxonomy":"category","embeddable":true,"href":"https:\/\/www.infokuryr.cz\/n\/wp-json\/wp\/v2\/categories?post=5667"},{"taxonomy":"post_tag","embeddable":true,"href":"https:\/\/www.infokuryr.cz\/n\/wp-json\/wp\/v2\/tags?post=5667"}],"curies":[{"name":"wp","href":"https:\/\/api.w.org\/{rel}","templated":true}]}}