{"id":56666,"date":"2024-06-29T08:48:10","date_gmt":"2024-06-29T06:48:10","guid":{"rendered":"https:\/\/www.infokuryr.cz\/n\/?p=56666"},"modified":"2024-06-29T08:48:10","modified_gmt":"2024-06-29T06:48:10","slug":"musk-naznacil-ze-ve-spojenych-statech-nikdo-nevladne","status":"publish","type":"post","link":"https:\/\/www.infokuryr.cz\/n\/2024\/06\/29\/musk-naznacil-ze-ve-spojenych-statech-nikdo-nevladne\/","title":{"rendered":"Musk nazna\u010dil, \u017ee ve Spojen\u00fdch st\u00e1tech nikdo nevl\u00e1dne"},"content":{"rendered":"<div id=\"fb-root\"><\/div>\n<p class=\"lead\"><strong>Americk\u00fd miliard\u00e1\u0159 a podnikatel, zakladatel SpaceX a Tesly Elon Musk p\u0159iznal, \u017ee Spojen\u00e9 st\u00e1ty americk\u00e9 ve skute\u010dnosti nikdo neovl\u00e1d\u00e1.<\/strong><\/p>\n<p><span>Odpov\u00eddaj\u00edc\u00ed n\u00e1zor vyj\u00e1d\u0159il na soci\u00e1ln\u00ed s\u00edti X (d\u0159\u00edve Twitter), kter\u00e1 mu tak\u00e9 pat\u0159\u00ed. Musk se pod\u011blil o sv\u00e9 my\u0161lenky o anarchii ve Spojen\u00fdch st\u00e1tech v koment\u00e1\u0159i k p\u0159\u00edsp\u011bvku b\u00fdval\u00e9ho kandid\u00e1ta na prezidenta\u00a0<\/span><strong><span>Viveka Ramaswamyho<\/span><\/strong><span>\u00a0.<\/span><\/p>\n<p><span>Politik v n\u011bm nazna\u010dil, \u017ee sou\u010dasn\u00e1 hlava st\u00e1tu\u00a0<\/span><strong><span>Joe Biden<\/span><\/strong><span> zemi skute\u010dn\u011b ne\u0159\u00edd\u00ed, a zeptal se, kdo to d\u011bl\u00e1.<\/span><\/p>\n<p><em>&#8222;Je mo\u017en\u00e9, \u017ee nikdo&#8220;<span class=\"after-quote\">\u00a0&#8211; odpov\u011bd\u011bl mu Musk.<\/span><\/em><\/p>\n<p><span>Stoj\u00ed za p\u0159ipomenut\u00ed, \u017ee zakladatel SpaceX d\u0159\u00edve nazna\u010dil, \u017ee p\u0159edvolebn\u00ed debaty v USA jsou p\u0159\u00edpravou na nahrazen\u00ed \u00fa\u0159aduj\u00edc\u00edho prezidenta Joea Bidena jako demokratick\u00e9ho kandid\u00e1ta.<\/span><\/p>\n<p><span>V jist\u00e9m smyslu se tento p\u0159edpoklad uk\u00e1zal jako prorock\u00fd, proto\u017ee \u0161pi\u010dka Demokratick\u00e9 strany byla v\u00fdrazn\u011b ovlivn\u011bna Bidenov\u00fdm katastrof\u00e1ln\u00edm v\u00fdkonem v debat\u011b s jeho rivalem\u00a0<\/span><strong><span>Donaldem Trumpem<\/span><\/strong><span>\u00a0.<\/span><\/p>\n<p><span>Jak informoval <strong>InfoKur\u00fdr<\/strong><\/span><span><strong>\u00a0<\/strong>, americk\u00e9 vyd\u00e1n\u00ed The Washington Post ji\u017e\u00a0<\/span><span>zve\u0159ejnilo<\/span><span>\u00a0seznam deseti alternativn\u00edch kandid\u00e1t\u016f, kte\u0159\u00ed nahrad\u00ed Joea Bidena v nadch\u00e1zej\u00edc\u00edch americk\u00fdch prezidentsk\u00fdch volb\u00e1ch.<\/span><\/p>\n<p><img decoding=\"async\" loading=\"lazy\" class=\"alignnone size-full wp-image-1185\" src=\"http:\/\/www.infokuryr.cz\/n\/wp-content\/uploads\/2021\/04\/kuryr-podpis.png\" alt=\"\" width=\"84\" height=\"24\" \/><\/p>\n<p>&nbsp;<\/p>\n","protected":false},"excerpt":{"rendered":"<p>Americk\u00fd miliard\u00e1\u0159 a podnikatel, zakladatel SpaceX a Tesly Elon Musk p\u0159iznal, \u017ee Spojen\u00e9 st\u00e1ty americk\u00e9&#8230;<\/p>\n","protected":false},"author":2,"featured_media":39460,"comment_status":"closed","ping_status":"closed","sticky":false,"template":"","format":"standard","meta":[],"categories":[7],"tags":[72,485,122,37,99],"_links":{"self":[{"href":"https:\/\/www.infokuryr.cz\/n\/wp-json\/wp\/v2\/posts\/56666"}],"collection":[{"href":"https:\/\/www.infokuryr.cz\/n\/wp-json\/wp\/v2\/posts"}],"about":[{"href":"https:\/\/www.infokuryr.cz\/n\/wp-json\/wp\/v2\/types\/post"}],"author":[{"embeddable":true,"href":"https:\/\/www.infokuryr.cz\/n\/wp-json\/wp\/v2\/users\/2"}],"replies":[{"embeddable":true,"href":"https:\/\/www.infokuryr.cz\/n\/wp-json\/wp\/v2\/comments?post=56666"}],"version-history":[{"count":0,"href":"https:\/\/www.infokuryr.cz\/n\/wp-json\/wp\/v2\/posts\/56666\/revisions"}],"wp:featuredmedia":[{"embeddable":true,"href":"https:\/\/www.infokuryr.cz\/n\/wp-json\/wp\/v2\/media\/39460"}],"wp:attachment":[{"href":"https:\/\/www.infokuryr.cz\/n\/wp-json\/wp\/v2\/media?parent=56666"}],"wp:term":[{"taxonomy":"category","embeddable":true,"href":"https:\/\/www.infokuryr.cz\/n\/wp-json\/wp\/v2\/categories?post=56666"},{"taxonomy":"post_tag","embeddable":true,"href":"https:\/\/www.infokuryr.cz\/n\/wp-json\/wp\/v2\/tags?post=56666"}],"curies":[{"name":"wp","href":"https:\/\/api.w.org\/{rel}","templated":true}]}}