{"id":56661,"date":"2024-06-29T06:32:38","date_gmt":"2024-06-29T04:32:38","guid":{"rendered":"https:\/\/www.infokuryr.cz\/n\/?p=56661"},"modified":"2024-06-29T06:32:38","modified_gmt":"2024-06-29T04:32:38","slug":"byl-zverejnen-seznam-deseti-kandidatu-kteri-by-mohli-nahradit-bidena","status":"publish","type":"post","link":"https:\/\/www.infokuryr.cz\/n\/2024\/06\/29\/byl-zverejnen-seznam-deseti-kandidatu-kteri-by-mohli-nahradit-bidena\/","title":{"rendered":"Byl zve\u0159ejn\u011bn seznam deseti kandid\u00e1t\u016f, kte\u0159\u00ed by mohli nahradit Bidena"},"content":{"rendered":"<div id=\"fb-root\"><\/div>\n<p class=\"lead\"><strong>Americk\u00e9 vyd\u00e1n\u00ed\u00a0<a href=\"https:\/\/www.washingtonpost.com\/politics\/2024\/06\/28\/democrat-options-replace-biden\/\" target=\"_blank\" rel=\"noopener\">The Washington Post<\/a>\u00a0zve\u0159ejnilo seznam alternativn\u00edch kandid\u00e1t\u016f, kte\u0159\u00ed nahrad\u00ed Joea Bidena v nadch\u00e1zej\u00edc\u00edch americk\u00fdch prezidentsk\u00fdch volb\u00e1ch.<\/strong><\/p>\n<p><span>Je nazna\u010deno, \u017ee \u0161pi\u010dka Demokratick\u00e9 strany byla dosud zcela loaj\u00e1ln\u00ed k projev\u016fm Bidenova seniln\u00edho \u0161\u00edlenstv\u00ed, pova\u017eovala je za v\u00fdsledek p\u0159eh\u00e1n\u011bn\u00ed ze strany tisku.<\/span><\/p>\n<p><a href=\"https:\/\/eadaily.com\/ru\/news\/2024\/06\/29\/pozor-baydena-ne-stal-nacionalnym-teledebaty-na-cnn-ne-dotyanuli-do-rekorda-nbc\" target=\"_blank\" rel=\"noopener\"><span>Po katastrof\u00e1ln\u00ed debat\u011b<\/span><\/a><span>\u00a0s b\u00fdval\u00fdm prezidentem\u00a0<\/span><strong><span>Donaldem Trumpem<\/span><\/strong><span>\u00a0se ale\u00a0n\u00e1zor v\u011bt\u0161iny vlivn\u00fdch demokrat\u016f zm\u011bnil, v d\u016fsledku \u010deho\u017e se t\u00e9ma alternativn\u00edch kandid\u00e1t\u016f do voleb stalo aktu\u00e1ln\u00ed.<\/span><\/p>\n<p><span>Na zve\u0159ejn\u011bn\u00e9m seznamu je celkem deset uchaze\u010d\u016f. Vede ji viceprezidentka\u00a0<\/span><strong><span>Kamala Harrisov\u00e1<\/span><\/strong><span>\u00a0, na druh\u00e9m m\u00edst\u011b je guvern\u00e9rka st\u00e1tu Michigan\u00a0<\/span><strong><span>Gretchen Whitmerov\u00e1<\/span><\/strong><span>\u00a0. T\u0159et\u00ed pozici obsadil americk\u00fd ministr dopravy\u00a0<\/span><strong><span>Pete Buttigieg<\/span><\/strong><span> .<\/span><\/p>\n<p><span>Dal\u0161\u00ed na seznamu jsou guvern\u00e9\u0159i Pennsylv\u00e1nie, Colorada a Kalifornie\u00a0<\/span><strong><span>Josh Shapiro<\/span><\/strong><span>\u00a0,\u00a0<\/span><strong><span>Jared Polis<\/span><\/strong><span>\u00a0a\u00a0<\/span><strong><span>Gavin Newsom<\/span><\/strong><span>\u00a0, n\u00e1sledovan\u00ed sen\u00e1torem za Georgii\u00a0<\/span><strong><span>Raphaelem Warnockem<\/span><\/strong><span>\u00a0.<\/span><\/p>\n<p><span>Na osm\u00e9 m\u00edsto noviny um\u00edstily\u00a0<\/span><strong><span>Michelle Obamovou<\/span><\/strong><span>\u00a0, kter\u00e1 byla vyhl\u00e1\u0161ena \u201enejpopul\u00e1rn\u011bj\u0161\u00ed b\u00fdvalou prvn\u00ed d\u00e1mou Ameriky\u201c. Dv\u011b spodn\u00ed m\u00edsta na seznamu jsou sen\u00e1torka Minnesoty\u00a0<\/span><strong><span>Amy Klobuchar<\/span><\/strong><span>\u00a0a guvern\u00e9r Kentucky\u00a0<\/span><strong><span>Andy Beshear<\/span><\/strong><span>\u00a0.<\/span><\/p>\n<p><span>Auto\u0159i publikace zd\u016fraz\u0148uj\u00ed, \u017ee rozhodnut\u00ed nahradit Bidena je\u0161t\u011b nepadlo;<\/span><\/p>\n<p><strong><span>InfoKur\u00fdr<\/span><\/strong><span>\u00a0d\u0159\u00edve\u00a0uvedl, \u017ee v\u00edce ne\u017e polovina americk\u00fdch voli\u010d\u016f (60 %) se domn\u00edv\u00e1, \u017ee americk\u00fd prezident Joe Biden by m\u011bl b\u00fdt v nadch\u00e1zej\u00edc\u00edch prezidentsk\u00fdch volb\u00e1ch\u00a0<\/span><span>nahrazen.<\/span><\/p>\n<p><img decoding=\"async\" loading=\"lazy\" class=\"alignnone size-full wp-image-1185\" src=\"http:\/\/www.infokuryr.cz\/n\/wp-content\/uploads\/2021\/04\/kuryr-podpis.png\" alt=\"\" width=\"84\" height=\"24\" \/><\/p>\n<p>&nbsp;<\/p>\n<p>&nbsp;<\/p>\n<p>&nbsp;<\/p>\n","protected":false},"excerpt":{"rendered":"<p>Americk\u00e9 vyd\u00e1n\u00ed\u00a0The Washington Post\u00a0zve\u0159ejnilo seznam alternativn\u00edch kandid\u00e1t\u016f, kte\u0159\u00ed nahrad\u00ed Joea Bidena v nadch\u00e1zej\u00edc\u00edch americk\u00fdch prezidentsk\u00fdch&#8230;<\/p>\n","protected":false},"author":2,"featured_media":56662,"comment_status":"closed","ping_status":"closed","sticky":false,"template":"","format":"standard","meta":[],"categories":[7],"tags":[72,7516,37,27],"_links":{"self":[{"href":"https:\/\/www.infokuryr.cz\/n\/wp-json\/wp\/v2\/posts\/56661"}],"collection":[{"href":"https:\/\/www.infokuryr.cz\/n\/wp-json\/wp\/v2\/posts"}],"about":[{"href":"https:\/\/www.infokuryr.cz\/n\/wp-json\/wp\/v2\/types\/post"}],"author":[{"embeddable":true,"href":"https:\/\/www.infokuryr.cz\/n\/wp-json\/wp\/v2\/users\/2"}],"replies":[{"embeddable":true,"href":"https:\/\/www.infokuryr.cz\/n\/wp-json\/wp\/v2\/comments?post=56661"}],"version-history":[{"count":0,"href":"https:\/\/www.infokuryr.cz\/n\/wp-json\/wp\/v2\/posts\/56661\/revisions"}],"wp:featuredmedia":[{"embeddable":true,"href":"https:\/\/www.infokuryr.cz\/n\/wp-json\/wp\/v2\/media\/56662"}],"wp:attachment":[{"href":"https:\/\/www.infokuryr.cz\/n\/wp-json\/wp\/v2\/media?parent=56661"}],"wp:term":[{"taxonomy":"category","embeddable":true,"href":"https:\/\/www.infokuryr.cz\/n\/wp-json\/wp\/v2\/categories?post=56661"},{"taxonomy":"post_tag","embeddable":true,"href":"https:\/\/www.infokuryr.cz\/n\/wp-json\/wp\/v2\/tags?post=56661"}],"curies":[{"name":"wp","href":"https:\/\/api.w.org\/{rel}","templated":true}]}}