{"id":5666,"date":"2021-10-26T07:52:44","date_gmt":"2021-10-26T05:52:44","guid":{"rendered":"http:\/\/www.infokuryr.cz\/n\/?p=5666"},"modified":"2021-10-26T07:52:44","modified_gmt":"2021-10-26T05:52:44","slug":"kdo-jste-angelo-merkelova","status":"publish","type":"post","link":"https:\/\/www.infokuryr.cz\/n\/2021\/10\/26\/kdo-jste-angelo-merkelova\/","title":{"rendered":"Kdo jste, Angelo Merkelov\u00e1?"},"content":{"rendered":"<div id=\"fb-root\"><\/div>\n<p class=\"podnadpis\"><span style=\"font-size: 14pt;\"><strong>\u201eJe jasn\u00e9, \u017ee nen\u00ed prav\u00e1 N\u011bmka\u201c: Skryt\u00e9 drama Merkelov\u00e9<\/strong><\/span><\/p>\n<section class=\"perex\"><b>Slovo editora \u00favodem<\/b>: U\u017e jsme tady m\u011bli medailonek hrab\u011bte Kalergiho, medailonek doktora Schwaba (autora Velk\u00e9ho resetu) a dnes m\u00e1me medailonek dal\u0161\u00ed tragick\u00e9 postavy z\u00a0<a href=\"http:\/\/www.zvedavec.org\/temata\/220-panoptikum-zrud\">panoptika zr\u016fd<\/a>, Angely Merkelov\u00e9. M\u00fdm c\u00edlem je uk\u00e1zat, \u017ee deprivanti, kte\u0159\u00ed negativn\u011b zasahuj\u00ed do na\u0161ich \u017eivot\u016f, jsou ve skute\u010dnosti frustrovan\u00ed, vyko\u0159en\u011bn\u00ed jedinci, kte\u0159\u00ed nev\u011bd\u00ed, kam pat\u0159\u00ed, a mst\u00ed se lidem za sv\u00e9 zpackan\u00e9 \u017eivoty. A proto\u017ee maj\u00ed moc nebo pen\u00edze, bohu\u017eel se jim to da\u0159\u00ed.<\/p>\n<\/section>\n<section class=\"clanek-obsah\">V p\u0159edve\u010der sv\u00e9 rezignace poskytla kancl\u00e9\u0159ka Merkelov\u00e1, kter\u00e1 st\u00e1la v \u010dele N\u011bmecka \u0161estn\u00e1ct let, velk\u00fd rozhovor na rozlou\u010denou listu\u00a0<a href=\"https:\/\/projekte.sueddeutsche.de\/artikel\/politik\/das-grosse-abschiedsinterview-mit-angela-merkel-e623201\/\" target=\"_blank\" rel=\"external noopener\">Sueddeutsche Zeitung<\/a>. V jej\u00edch odpov\u011bd\u00edch &#8211; a je\u0161t\u011b v\u00edce v jej\u00ed zdr\u017eenlivosti &#8211; se skr\u00fdv\u00e1 drama velmi typick\u00e9 pro modern\u00ed politiky.<\/p>\n<p>Novin\u00e1\u0159i j\u00ed p\u0159ipomn\u011bli jej\u00ed\u00a0<a href=\"https:\/\/www.bundesregierung.de\/breg-de\/suche\/rede-von-bundeskanzlerin-merkel-anlaesslich-des-festakts-zum-tag-der-deutschen-einheit-am-3-oktober-2021-in-halle-saale-1964938\" target=\"_blank\" rel=\"external noopener\">ned\u00e1vn\u00fd projev<\/a>, kter\u00fd pronesla v Halle na oslav\u00e1ch v\u00fdro\u010d\u00ed sjednocen\u00ed N\u011bmecka. V n\u011bm si Merkelov\u00e1 poprv\u00e9 ve sv\u00e9 kari\u00e9\u0159e dovolila promluvit o trag\u00e9dii v\u00fdchodn\u00edch N\u011bmc\u016f. O tom, jak jsou v nov\u00e9m N\u011bmecku poni\u017eov\u00e1ni, odm\u00edt\u00e1ni, jak se s nimi \u0161patn\u011b zach\u00e1z\u00ed &#8211; jako s ob\u010dany druh\u00e9 kategorie. Tento vnit\u0159n\u00ed odpor se dodnes nepoda\u0159ilo p\u0159ekonat. Kancl\u00e9\u0159ka m\u00e1 na toto t\u00e9ma mnoho osobn\u00edch vzpom\u00ednek.<\/p>\n<p>Merkelov\u00e1 pro\u017eila prvn\u00ed polovinu sv\u00e9ho \u017eivota v NDR. Situace jej\u00ed rodiny byla velmi nejednozna\u010dn\u00e1. Jej\u00ed otec, luter\u00e1nsk\u00fd pastor, se hned po jej\u00edm narozen\u00ed p\u0159est\u011bhoval ze SRN do NDR. V socialistick\u00e9 zemi \u017eila rodina stejn\u011b jako v\u0161ichni \u010dlenov\u00e9 nomenklaturn\u00ed \u0161pi\u010dky. Velk\u00fd d\u016fm, dv\u011b auta, pravideln\u00e9 cesty na Z\u00e1pad a \u017eivotn\u00ed pohodl\u00ed, o kter\u00e9m se b\u011b\u017en\u00fdm obyvatel\u016fm NDR ani nesnilo.<\/p>\n<p>P\u0159esto pape\u017e Merkel z\u016fstal pastorem a hr\u00e1l d\u016fle\u017eitou roli v n\u00e1bo\u017eensk\u00e9m \u017eivot\u011b NDR. Ne, nebyl obvin\u011bn z p\u0159\u00edm\u00e9 spolupr\u00e1ce se Stasi, ale je jasn\u00e9, \u017ee byl sledov\u00e1n shora.<\/p>\n<p>Merkelov\u00e1 byla pion\u00fdrka, komsomolka, vyhr\u00e1la olympi\u00e1du z ru\u0161tiny a odjela do Moskvy. Cel\u00e1 rodina v\u0161ak byla vnit\u0159n\u011b typicky z\u00e1padon\u011bmeck\u00e1. Jeden detail vypov\u00edd\u00e1 o jejich \u017eivotn\u00ed \u00farovni. Kdy\u017e se za\u010daly \u0161\u00ed\u0159it zv\u011bsti o sjednocen\u00ed N\u011bmecka, rozhodla se rodina Merkelov\u00fdch, \u017ee oslav\u00ed sjednocen\u00ed v Z\u00e1padn\u00edm Berl\u00edn\u011b, kde si ve vyhl\u00e1\u0161en\u00e9m hotelu Kempinski pochutnaj\u00ed na humrech. Net\u0159eba dod\u00e1vat, \u017ee v\u011bt\u0161ina jejich krajan\u016f nem\u011bla ani auto, ani z\u00e1padon\u011bmeck\u00e9 marky, aby si takov\u00fd luxus mohla dovolit.<\/p>\n<p>Tyto rozporupln\u00e9 zvraty ve sv\u00e9m \u017eivotopise Angela Merkelov\u00e1 nikdy nevysv\u011btlila. Nikdy tak\u00e9 nemluvila o tom, co ji koncem 80. let p\u0159im\u011blo k n\u00e1hl\u00e9mu vstupu do politiky. Do NDR nikdy nepat\u0159ila. Ale prosadila se ve sjednocen\u00e9m N\u011bmecku?<\/p>\n<p>Na po\u010d\u00e1tku 90. let byla Merkelov\u00e1 z\u00e1m\u011brn\u011b prosazov\u00e1na jako prvn\u00ed politik z NDR ve sjednocen\u00e9m N\u011bmecku. Ale kolik toho musela vydr\u017eet! Pod sv\u00e1 k\u0159\u00eddla si ji vzal p\u0159edseda k\u0159es\u0165ansk\u00fdch demokrat\u016f Helmut Kohl. Ve\u0159ejn\u011b ji naz\u00fdval &#8222;moje holka&#8220;. Merkelov\u00e9 bylo tehdy \u010dty\u0159icet let a vystudovala fyzik\u00e1ln\u00ed chemii. Takov\u00fd kompliment.<\/p>\n<p>Veden\u00ed CDU &#8211; a to byla smet\u00e1nka evropsk\u00e9 aristokracie. Potomci hrabat, v\u00e9vod\u016f a baron\u016f. Nejen star\u00e9, ale velmi star\u00e9 pen\u00edze, majetky, kter\u00e9 \u00fasp\u011b\u0161n\u011b p\u0159e\u017eily prvn\u00ed i druhou sv\u011btovou v\u00e1lku. V\u011bt\u0161ina z nich m\u011bla otce a d\u011bde\u010dky, kte\u0159\u00ed slou\u017eili na nejvy\u0161\u0161\u00edch postech ve Wehrmachtu. Sta\u010d\u00ed se pod\u00edvat na sou\u010dasn\u00e9 osobnosti kolem Merkelov\u00e9 &#8211; u\u017e jen ta jm\u00e9na vy\u010dn\u00edvaj\u00ed: Ursula von der Leyenov\u00e1, Thomas de Maiziere&#8230;<\/p>\n<p>A te\u010f se v tomto elitn\u00edm podniku pro superbohat\u00e9 ocitne \u017eena z NDR, b\u00fdval\u00e1 komsomolka &#8211; \u0161patn\u011b oble\u010den\u00e1, neohraban\u00e1, legra\u010dn\u00ed. Typick\u00e1 &#8222;mutti&#8220;, matka v dom\u00e1cnosti. &#8222;Neum\u011bla ani pou\u017e\u00edvat vidli\u010dku a n\u016f\u017e,&#8220; vzpom\u00ednal pozd\u011bji Helmut Kohl. To dob\u0159e ukazuje m\u00edru snobismu, kter\u00e9mu musela pan\u00ed Merkelov\u00e1 \u010delit.<\/p>\n<p>A p\u0159esto byla chyt\u0159ej\u0161\u00ed a talentovan\u011bj\u0161\u00ed ne\u017e oni v\u0161ichni. Brilantn\u00ed \u0159e\u010dn\u00edk, rafinovan\u00fd politik, opravdov\u00fd st\u00e1tn\u00edk &#8211; a majordomov\u00e9 kolem n\u00ed ji troll\u00ed kv\u016fli jej\u00edm ne\u0161\u0165astn\u00fdm kost\u00fdm\u016fm.<\/p>\n<p>&#8222;I dnes jste se vzd\u00e1lila od sv\u00e9 strany, \u017ee?&#8220;\u00a0<a href=\"https:\/\/projekte.sueddeutsche.de\/artikel\/politik\/das-grosse-abschiedsinterview-mit-angela-merkel-e623201\/\" target=\"_blank\" rel=\"external noopener\">nazna\u010duj\u00ed<\/a>\u00a0sarkasticky novin\u00e1\u0159i. &#8222;Ne, ne, strana je m\u016fj domov,&#8220; \u0159\u00edk\u00e1 kancl\u00e9\u0159ka.<\/p>\n<p>Tento vnit\u0159n\u00ed vyd\u011bd\u011bnec dokonale vysv\u011btluje, pro\u010d Merkelov\u00e1 tak v\u00e1\u0161niv\u011b podporovala neleg\u00e1ln\u00ed uprchl\u00edky, kte\u0159\u00ed v roce 2015 doslova zaplavili N\u011bmecko, a otev\u0159ela jim hranice zem\u011b. Bylo j\u00ed opravdu l\u00edto t\u011bchto chud\u00fdch nemyt\u00fdch lid\u00ed, na kter\u00e9 se bohat\u00ed n\u011bme\u010dt\u00ed m\u011b\u0161\u0165an\u00e9 d\u00edvali s despektem. Cht\u011bla t\u011bm m\u011b\u0161\u0165an\u016fm ubl\u00ed\u017eit, p\u0159ipomenout jim, uv\u00edzl\u00fdm v jejich blahobytu, jak se \u017eije ve velk\u00e9m sv\u011bt\u011b.<\/p>\n<p>V t\u00e9 dob\u011b vy\u0161el v novin\u00e1ch Welt am Sonntag sloupek, kter\u00fd Merkelovou hluboce urazil. Autorka napsala: &#8222;Sama sebe postavila do kontrastu s republikou, kter\u00e9 m\u011bla slou\u017eit, a \u0159ekla: &#8222;Jestli se tady mus\u00edte omlouvat za to, \u017ee jste byli p\u0159\u00e1tel\u0161t\u00ed b\u011bhem migra\u010dn\u00ed krize, tak to nen\u00ed moje zem\u011b.&#8220; Tehdy se uk\u00e1zalo, \u017ee nen\u00ed rozen\u00e1 N\u011bmka.&#8220;<\/p>\n<p>Merkelov\u00e1 tento \u010dl\u00e1nek\u00a0<a href=\"https:\/\/www.bundesregierung.de\/breg-de\/suche\/rede-von-bundeskanzlerin-merkel-anlaesslich-des-festakts-zum-tag-der-deutschen-einheit-am-3-oktober-2021-in-halle-saale-1964938\" target=\"_blank\" rel=\"external noopener\">p\u0159ipomn\u011bla<\/a>\u00a0ve sv\u00e9m projevu v Halle: &#8222;Ne rozen\u00e1 N\u011bmka, ale u\u010den\u00e1! M\u00e1me dva druhy N\u011bmc\u016f: jedny skute\u010dn\u00e9, druh\u00e9 druho\u0159ad\u00e9? Kdo o tom rozhoduje?&#8220;<\/p>\n<p>Obecn\u011b lze \u0159\u00edci, \u017ee po cel\u00fdch \u0161estn\u00e1ct let sv\u00e9 vl\u00e1dy byla n\u011bmeck\u00e1 v\u016fdkyn\u011b su\u017eov\u00e1na rozporupln\u00fdmi pocity v\u016f\u010di zemi, kterou vedla. Odborn\u00edci se domn\u00edvaj\u00ed, \u017ee mnoh\u00e1 rozhodnut\u00ed, kter\u00e1 zemi zjevn\u011b \u0161kodila &#8211; vzd\u00e1n\u00ed se jadern\u00e9 energie, pozv\u00e1n\u00ed migrant\u016f, \u00fa\u010dast na americk\u00fdch vojensk\u00fdch dobrodru\u017estv\u00edch, po\u0161tv\u00e1n\u00ed Ukrajiny proti Rusku &#8211; u\u010dinila Merkelov\u00e1 pod tlakem Ameri\u010dan\u016f.<\/p>\n<p>To je samoz\u0159ejm\u011b pochopiteln\u00e9. N\u011bmecko je po Japonsku druh\u00e9 v po\u010dtu americk\u00fdch vojensk\u00fdch z\u00e1kladen. Dokonce i n\u011bme\u010dt\u00ed politici se ji\u017e odva\u017euj\u00ed \u0159\u00edci, \u017ee se jedn\u00e1 o p\u0159\u00edmou okupaci. A ne nadarmo si N\u011bmci vymysleli legendu o &#8222;kancl\u00e9\u0159sk\u00e9m z\u00e1konu&#8220;: ka\u017ed\u00fd nov\u00fd v\u016fdce zem\u011b pr\u00fd mus\u00ed let\u011bt do USA, aby dostal glejt pro vl\u00e1dnut\u00ed. Lidov\u00e1 fantazie jen barvit\u011b odr\u00e1\u017e\u00ed skute\u010dnou nesamostatnost n\u011bmeck\u00e9 politiky.<\/p>\n<p>Nelze si v\u0161ak nev\u0161imnout, jak dob\u0159e tato pro N\u011bmecko vra\u017eedn\u00e1 rozhodnut\u00ed le\u017e\u00ed na vnit\u0159n\u00edch psychick\u00fdch probl\u00e9mech kancl\u00e9\u0159ky Merkelov\u00e9. V mnoha ohledech se mstila bohat\u00e9 a prosperuj\u00edc\u00ed zemi, do n\u00ed\u017e p\u0159i\u0161la z NDR a v n\u00ed\u017e se setkala s tak ohavn\u00fdm zach\u00e1zen\u00edm.<\/p>\n<p>To je obecn\u011b probl\u00e9m mnoha sou\u010dasn\u00fdch politik\u016f ve vrcholn\u00fdch funkc\u00edch. Maj\u00ed se svou zem\u00ed n\u011bjak\u00e9 v\u011b\u010dn\u00e9 \u00fa\u010dty. Jednodu\u0161e \u0159e\u010deno, nemaj\u00ed ji r\u00e1di. Proto jsou tak snadno manipulovateln\u00ed americk\u00fdmi elitami.<\/p>\n<p>M\u011b\u0159\u00edtko nen\u00ed stejn\u00e9, ale pod\u00edvejte se na Saaka\u0161viliho: pracoval doma, pak strana \u0159ekla &#8222;mus\u00ed\u0161&#8220; a \u0161el pracovat na Ukrajinu. Strana mu \u0159ekla, aby se vr\u00e1til do Gruzie &#8211; no, vr\u00e1til se a te\u010f je ve v\u011bzen\u00ed.<\/p>\n<p>Merkelov\u00e1 se sv\u00fdm nesourod\u00fdm talentem pat\u0159\u00ed ke stejn\u00e9mu druhu &#8222;ko\u010dovn\u00fdch n\u00e1\u010deln\u00edk\u016f&#8220;. Proto jej\u00ed &#8222;nepochopen\u00ed&#8220; Vladimira Putina. V rozhovoru pro Sueddeutsche Zeitung popisuje, jak ji p\u0159ekvapilo, \u017ee rusk\u00e9ho prezidenta rozpad Sov\u011btsk\u00e9ho svazu zarmoutil. Takov\u00e9 pocity pro ni byly prost\u011b nepochopiteln\u00e9. Ani na vte\u0159inu j\u00ed nebylo l\u00edto NDR, jedine\u010dn\u00e9 zem\u011b s vlastn\u00edm civiliza\u010dn\u00edm kodexem, nejvy\u0161\u0161\u00ed kulturou a laskav\u00fdm \u017eivotn\u00edm stylem. Cel\u00e1 l\u00e9ta ozna\u010dovala svou vlast za &#8222;diktaturu&#8220; a nad\u00e1vala na ni se v\u0161\u00ed par\u00e1dou, jen aby mohla b\u00fdt jednou ze z\u00e1padn\u00edch N\u011bmek. Ani Merkelov\u00e1 v\u0161ak nebyla ke sjednocen\u00e9mu N\u011bmecku p\u0159\u00edli\u0161 sentiment\u00e1ln\u00ed.<\/p>\n<p>Kancl\u00e9\u0159ka byla vynikaj\u00edc\u00ed st\u00e1tnic\u00ed a d\u016fsledky jej\u00edch rozhodnut\u00ed budou je\u0161t\u011b dlouho rezonovat v historick\u00e9 perspektiv\u011b. Migranti, kter\u00e9 p\u0159ivedla, m\u011bn\u00ed kvetouc\u00ed n\u011bmeck\u00e1 m\u011bsta v krimin\u00e1ln\u00ed enkl\u00e1vy. Z\u00e1vislost na USA byla dopln\u011bna z\u00e1vislost\u00ed na \u010c\u00edn\u011b.<\/p>\n<p>V zemi se zv\u011bt\u0161uje propast mezi bohat\u00fdmi a chud\u00fdmi &#8211; a sou\u010dasn\u011b se zv\u011bt\u0161uje konfrontace mezi V\u00fdchodem a Z\u00e1padem. Hlavn\u00edmi t\u00e9maty, kter\u00e1 je dnes rozd\u011bluj\u00ed, jsou migranti a Rusko. Z\u00e1rove\u0148 se Ossies i Vessies navz\u00e1jem tituluj\u00ed &#8222;fa\u0161isty&#8220;. Ossi, proto\u017ee z\u00e1padn\u00ed N\u011bmce pova\u017euj\u00ed za potomky nacist\u016f. Vessi, proto\u017ee se jim nel\u00edb\u00ed postoj v\u00fdchodn\u00edch N\u011bmc\u016f k uprchl\u00edk\u016fm.<\/p>\n<p>A t\u0159e\u0161ni\u010dkou na dortu je energetick\u00e1 krize. \u010c\u00e1ste\u010dn\u011b je to zp\u016fsobeno t\u00edm, \u017ee Merkelov\u00e1 odm\u00edt\u00e1 rozvoj jadern\u00e9 energetiky. Obyvatel\u00e9 jedn\u00e9 z nejbohat\u0161\u00edch zem\u00ed sv\u011bta se letos v zim\u011b v\u00e1\u017en\u011b chystaj\u00ed bydlet v nevytopen\u00fdch bytech. Samoz\u0159ejm\u011b to je\u0161t\u011b nen\u00ed V\u00fdmar s hladomorem a nekontrolovatelnou inflac\u00ed, ale n\u011bco v\u00fdmarsk\u00e9ho na tom v\u0161em je. Je nejvy\u0161\u0161\u00ed \u010das, aby hlava st\u00e1tu odstoupila a pod\u00edvala se na v\u011bc zven\u010d\u00ed.<\/p>\n<p>Hlavn\u00edm a nejnebezpe\u010dn\u011bj\u0161\u00edm selh\u00e1n\u00edm kancl\u00e9\u0159ky Merkelov\u00e9 je protirusk\u00e1 hysterie, kter\u00e1 se v N\u011bmecku v posledn\u00edch letech vytvo\u0159ila. P\u0159evzet\u00ed Ukrajiny N\u011bmci s pomoc\u00ed Majdanu se nezda\u0159ilo: \u00fazem\u00ed obsadili Ameri\u010dan\u00e9 se slovy: &#8222;fuck EU! M\u00edsto toho se Ukrajina stala neust\u00e1lou p\u00e1kou n\u00e1tlaku na na\u0161i zemi &#8211; sankce, plyn, pravideln\u00e1 hysterie v tisku, &#8222;kauza Navalnyj&#8220; (pamatuje si je\u0161t\u011b n\u011bkdo ten n\u00e1zev?).<\/p>\n<p>Jestli\u017ee &#8222;Ossi&#8220; nemaj\u00ed pro \u00fatoky na Rusko pochopen\u00ed, psychologie &#8222;Vessie&#8220; jim dokonale vyhovuje. Mnoho z\u00e1padn\u00edch N\u011bmc\u016f se st\u00e1le c\u00edt\u00ed pora\u017eeno. Nejv\u0159elej\u0161\u00ed city chovaj\u00ed k americk\u00fdm okupant\u016fm. Zd\u00e1 se v\u0161ak, \u017ee z\u00e1\u0161\u0165 v\u016f\u010di Rusku trv\u00e1 ji\u017e po stalet\u00ed.<\/p>\n<p>Kancl\u00e9\u0159ka Angela Merkelov\u00e1 vzdorn\u011b bojuje proti r\u016fzn\u00fdm pravicov\u00fdm nacionalist\u016fm. (N\u011bkdy byli definov\u00e1ni jako chud\u00ed lid\u00e9, kte\u0159\u00ed prost\u011b necht\u011bli, aby se v jejich m\u011bstech t\u00fdrali migranti). Z\u00e1rove\u0148 v\u0161ak v\u0161emo\u017en\u011b podporovala n\u011bmeckou nelibost v\u016f\u010di Rusku. Tento pocit sv\u00e9ho \u010dasu dob\u0159e popsal jej\u00ed krajan Friedrich Nietzsche. Je to z\u00e1\u0161\u0165 pora\u017een\u00e9ho v\u016f\u010di v\u00edt\u011bzi &#8211; pomstychtiv\u00e1, \u017e\u00e1rliv\u00e1, zl\u00e1 a prodchnut\u00e1 trval\u00fdm strachem.<\/p>\n<p>Tato nelibost se prom\u00edtala do nechutn\u00fdch \u010dl\u00e1nk\u016f, kter\u00e9 se pravideln\u011b objevovaly v n\u011bmeck\u00e9m tisku. S\u00a0<a href=\"https:\/\/www.bild.de\/politik\/ausland\/wladimir-putin\/putin-parade-interview-55642926.bild.html\" target=\"_blank\" rel=\"external noopener\">titulky jako<\/a>\u00a0&#8222;K \u010demu Putin pot\u0159ebuje tyhle vychlouba\u010dn\u00e9 pr\u016fvody?&#8220; a v\u0161eobecn\u00fdm pocitem &#8222;M\u011blo by Rusko v\u016fbec slavit 9. kv\u011bten? (nikdo se v\u00e1s na to neptal). Tento odpor se projevil v nemor\u00e1ln\u00ed my\u0161lence vypl\u00e1cet d\u016fchody pouze t\u011bm, kte\u0159\u00ed p\u0159e\u017eili obl\u00e9h\u00e1n\u00ed Leningradu a byli \u017eidovsk\u00e9ho p\u016fvodu. O tom byl i film &#8222;Kolja z Urengoje&#8220;.<\/p>\n<p>Je velmi nebezpe\u010dn\u00e9, aby se v tak probl\u00e9mov\u00e9 zemi, jako je N\u011bmecko, \u0161\u00ed\u0159ily tyto n\u00e1lady. Kdy\u017e jin\u00e9 zem\u011b reviduj\u00ed v\u00fdsledky druh\u00e9 sv\u011btov\u00e9 v\u00e1lky, je to chyba. Kdy\u017e to d\u011blaj\u00ed N\u011bmci, je to zlo\u010din.<\/p>\n<p><strong>Viktoria Nikiforova<\/strong><\/p>\n<div class=\"podcarou\">\n<p><a href=\"https:\/\/ria.ru\/20211025\/merkel-1756032645.html\" target=\"_blank\" rel=\"external noopener\">\u00bb\u042f\u0441\u043d\u043e, \u0447\u0442\u043e \u043e\u043d\u0430 \u043d\u0435 \u043d\u0430\u0441\u0442\u043e\u044f\u0449\u0430\u044f \u043d\u0435\u043c\u043a\u0430\u00ab: \u0441\u043a\u0440\u044b\u0442\u0430\u044f \u0434\u0440\u0430\u043c\u0430 \u041c\u0435\u0440\u043a\u0435\u043b\u044c<\/a> vy\u0161el 25.10.2021 na ria.ru. P\u0159eklad Zv\u011bdavec.<\/p>\n<\/div>\n<p>Vy\u0161lo:\u00a0<a href=\"http:\/\/www.zvedavec.org\/komentare\/2021\/10\/8894-kdo-jste-angelo-merkelova.htm\">Zvedavec.org<\/a><\/p>\n<\/section>\n","protected":false},"excerpt":{"rendered":"<p>\u201eJe jasn\u00e9, \u017ee nen\u00ed prav\u00e1 N\u011bmka\u201c: Skryt\u00e9 drama Merkelov\u00e9 Slovo editora \u00favodem: U\u017e jsme tady&#8230;<\/p>\n","protected":false},"author":2,"featured_media":2470,"comment_status":"closed","ping_status":"closed","sticky":false,"template":"","format":"standard","meta":[],"categories":[7],"tags":[29,505],"_links":{"self":[{"href":"https:\/\/www.infokuryr.cz\/n\/wp-json\/wp\/v2\/posts\/5666"}],"collection":[{"href":"https:\/\/www.infokuryr.cz\/n\/wp-json\/wp\/v2\/posts"}],"about":[{"href":"https:\/\/www.infokuryr.cz\/n\/wp-json\/wp\/v2\/types\/post"}],"author":[{"embeddable":true,"href":"https:\/\/www.infokuryr.cz\/n\/wp-json\/wp\/v2\/users\/2"}],"replies":[{"embeddable":true,"href":"https:\/\/www.infokuryr.cz\/n\/wp-json\/wp\/v2\/comments?post=5666"}],"version-history":[{"count":0,"href":"https:\/\/www.infokuryr.cz\/n\/wp-json\/wp\/v2\/posts\/5666\/revisions"}],"wp:featuredmedia":[{"embeddable":true,"href":"https:\/\/www.infokuryr.cz\/n\/wp-json\/wp\/v2\/media\/2470"}],"wp:attachment":[{"href":"https:\/\/www.infokuryr.cz\/n\/wp-json\/wp\/v2\/media?parent=5666"}],"wp:term":[{"taxonomy":"category","embeddable":true,"href":"https:\/\/www.infokuryr.cz\/n\/wp-json\/wp\/v2\/categories?post=5666"},{"taxonomy":"post_tag","embeddable":true,"href":"https:\/\/www.infokuryr.cz\/n\/wp-json\/wp\/v2\/tags?post=5666"}],"curies":[{"name":"wp","href":"https:\/\/api.w.org\/{rel}","templated":true}]}}