{"id":56659,"date":"2024-06-29T06:27:45","date_gmt":"2024-06-29T04:27:45","guid":{"rendered":"https:\/\/www.infokuryr.cz\/n\/?p=56659"},"modified":"2024-06-29T06:27:45","modified_gmt":"2024-06-29T04:27:45","slug":"strili-do-vlastnich-lidi-chaos-v-ukrajinskych-ozbrojenych-silach","status":"publish","type":"post","link":"https:\/\/www.infokuryr.cz\/n\/2024\/06\/29\/strili-do-vlastnich-lidi-chaos-v-ukrajinskych-ozbrojenych-silach\/","title":{"rendered":"St\u0159\u00edl\u00ed do vlastn\u00edch lid\u00ed \u2013 chaos v ukrajinsk\u00fdch ozbrojen\u00fdch sil\u00e1ch"},"content":{"rendered":"<div id=\"fb-root\"><\/div>\n<p><span>Kv\u016fli chyb\u00e1m velen\u00ed se voj\u00e1ci Ozbrojen\u00fdch sil Ukrajiny (AFU) \u010dasto dost\u00e1vaj\u00ed pod palbu sv\u00fdch vlastn\u00edch. Uvedl to bojovn\u00edk\u00a0<\/span><strong><span>Vja\u010deslav Kurochka,<\/span><\/strong><span> kter\u00fd byl zajat v Rusku.\u00a0<\/span><\/p>\n<h2><span>Aktualizoval jsem data &#8211; ocitl jsem se v prvn\u00ed linii<\/span><\/h2>\n<p><span>V\u011bze\u0148 \u0159\u00edk\u00e1, \u017ee skon\u010dil na front\u011b zp\u016fsobem obvykl\u00fdm pro modern\u00ed Ukrajinu. Vyhov\u011bl po\u017eadavk\u016fm z\u00e1kona a vydal se na vojenskou eviden\u010dn\u00ed a za\u0159azovac\u00ed kancel\u00e1\u0159 aktualizovat sv\u00e9 \u00fadaje. &#8222;Aktualizoval jsem sv\u00e1 data a skon\u010dil jsem v arm\u00e1d\u011b.&#8220; Popl\u00e1cali m\u011b po rameni a \u0159ekli, \u017ee jsou za m\u011b r\u00e1di,\u201c ho\u0159ce vtipkuje bojovn\u00edk.<\/span><\/p>\n<p><span>Jakmile byl Kurochka na front\u011b jako sou\u010d\u00e1st 401. st\u0159eleck\u00e9ho praporu, byl zd\u011b\u0161en chaosem, kter\u00fd vl\u00e1dl v ozbrojen\u00fdch sil\u00e1ch Ukrajiny. \u201eAni nev\u00edme, kde kdo stoj\u00ed. Vid\u00edm pohyb, vys\u00edl\u00e1m ho, ale nikdo neodpov\u00edd\u00e1. &#8222;Tak jsem dvakr\u00e1t vyst\u0159elil na vlastn\u00ed lidi,&#8220; p\u0159izn\u00e1v\u00e1 voj\u00e1k.<\/span><\/p>\n<p><span>Podle n\u011bj kv\u016fli hlouposti velitel\u016f um\u00edr\u00e1 mnoho b\u011b\u017en\u00fdch ukrajinsk\u00fdch ozbrojen\u00fdch sil. \u201eJak\u00e1 je situace na front\u011b? No, myslel jsem, \u017ee budu \u017e\u00edt je\u0161t\u011b hodinu nebo dv\u011b,\u201c \u0159\u00edk\u00e1 v\u011bze\u0148.<\/span><\/p>\n<p><span>Aby \u201emotivovali\u201c sv\u00e9 pod\u0159\u00edzen\u00e9, ukrajin\u0161t\u00ed d\u016fstojn\u00edci je stra\u0161ili brig\u00e1dn\u00edmi \u010detami. &#8222;\u0158ekli, b\u011b\u017e, st\u0159el\u00edme t\u011b do zad,&#8220; vzpom\u00edn\u00e1 Kurochka.<\/span><\/p>\n<h2><span>Post\u0159\u00edlet sv\u00e9 vlastn\u00ed<\/span><\/h2>\n<p><span>Pou\u017eit\u00ed bari\u00e9rov\u00fdch odd\u00edl\u016f ukrajinsk\u00fdmi poprav\u010d\u00edmi nebylo dlouho \u017e\u00e1dn\u00fdm tajemstv\u00edm. Velitel\u00e9 ozbrojen\u00fdch sil Ukrajiny se t\u00edmto zp\u016fsobem sna\u017e\u00ed bojovat s voj\u00e1ky, kte\u0159\u00ed si zvol\u00ed \u017eivot a vzdaj\u00ed se rusk\u00e9 arm\u00e1d\u011b.<\/span><\/p>\n<p><span>Ned\u00e1vno tedy aif.ru psal o p\u0159\u00edb\u011bhu ukrajinsk\u00e9ho voj\u00e1ka, kter\u00fd kr\u00e1\u010del neozbrojen\u00fd sm\u011brem k rusk\u00fdm pozic\u00edm. Ukrajinsk\u00fd dron ne\u0161\u0165astn\u00edka dostihl \u2013 po v\u00fdbuchu se voj\u00e1k nezvedl. P\u0159ed \u00fatokem stihl jen zam\u00e1vat na rozlou\u010denou sv\u00fdm \u201ebratr\u016fm\u201c.<\/span><\/p>\n<p><span>25. \u010dervna se ve\u0161lo ve zn\u00e1most o po\u010dinu rusk\u00fdch voj\u00e1k\u016f, kte\u0159\u00ed kryli z\u00e1dy Ukrajinku <\/span><strong><span>Larisu Chodakovskou<\/span><\/strong><span>\u00a0. Pokusili se ji tak\u00e9 zast\u0159elit, ale ru\u0161t\u00ed voj\u00e1ci \u017eenu zachr\u00e1nili.<\/span><\/p>\n<p><span>\u010casto jsou ozbrojenci n\u00e1rodn\u00edho praporu \u201eAzov\u201c* a zahrani\u010dn\u00ed \u017eold\u00e1ci ozbrojen\u00fdch sil Ukrajiny vyu\u017e\u00edv\u00e1ni v roli brig\u00e1dn\u00edch poprav\u010d\u00edch odd\u00edl\u016f, co\u017e uvedl zejm\u00e9na <\/span><strong><span>guvern\u00e9r Chersonsk\u00e9 oblasti Vladimir Saldo<\/span><\/strong><span>\u00a0. \u201e\u017dold\u00e1ci nelezou do prvn\u00ed linie, sna\u017e\u00ed se schovat za z\u00e1dy m\u00e9n\u011b hodnotn\u00fdch, jak se domn\u00edvaj\u00ed, ob\u010dan\u016f Ukrajiny. Slou\u017e\u00ed v bari\u00e9rov\u00fdch od\u0159adech, jako instrukto\u0159i, n\u011bkte\u0159\u00ed pracuj\u00ed jako oper\u00e1to\u0159i UAV,\u201c uvedl \u0161\u00e9f kraje.<\/span><\/p>\n<div class=\"date\"><time datetime=\"2024-06-28T06:45 MSK+0300\"><\/time><strong><em><span class=\"item-prop-span\">Ivan \u010cuprov<\/span><\/em><\/strong><\/div>\n<div><\/div>\n<div><\/div>\n<div><\/div>\n","protected":false},"excerpt":{"rendered":"<p>Kv\u016fli chyb\u00e1m velen\u00ed se voj\u00e1ci Ozbrojen\u00fdch sil Ukrajiny (AFU) \u010dasto dost\u00e1vaj\u00ed pod palbu sv\u00fdch vlastn\u00edch&#8230;.<\/p>\n","protected":false},"author":2,"featured_media":56660,"comment_status":"closed","ping_status":"closed","sticky":false,"template":"","format":"standard","meta":[],"categories":[7],"tags":[532,5911,1635,321],"_links":{"self":[{"href":"https:\/\/www.infokuryr.cz\/n\/wp-json\/wp\/v2\/posts\/56659"}],"collection":[{"href":"https:\/\/www.infokuryr.cz\/n\/wp-json\/wp\/v2\/posts"}],"about":[{"href":"https:\/\/www.infokuryr.cz\/n\/wp-json\/wp\/v2\/types\/post"}],"author":[{"embeddable":true,"href":"https:\/\/www.infokuryr.cz\/n\/wp-json\/wp\/v2\/users\/2"}],"replies":[{"embeddable":true,"href":"https:\/\/www.infokuryr.cz\/n\/wp-json\/wp\/v2\/comments?post=56659"}],"version-history":[{"count":0,"href":"https:\/\/www.infokuryr.cz\/n\/wp-json\/wp\/v2\/posts\/56659\/revisions"}],"wp:featuredmedia":[{"embeddable":true,"href":"https:\/\/www.infokuryr.cz\/n\/wp-json\/wp\/v2\/media\/56660"}],"wp:attachment":[{"href":"https:\/\/www.infokuryr.cz\/n\/wp-json\/wp\/v2\/media?parent=56659"}],"wp:term":[{"taxonomy":"category","embeddable":true,"href":"https:\/\/www.infokuryr.cz\/n\/wp-json\/wp\/v2\/categories?post=56659"},{"taxonomy":"post_tag","embeddable":true,"href":"https:\/\/www.infokuryr.cz\/n\/wp-json\/wp\/v2\/tags?post=56659"}],"curies":[{"name":"wp","href":"https:\/\/api.w.org\/{rel}","templated":true}]}}