{"id":5664,"date":"2021-10-26T07:46:32","date_gmt":"2021-10-26T05:46:32","guid":{"rendered":"http:\/\/www.infokuryr.cz\/n\/?p=5664"},"modified":"2021-10-26T07:46:32","modified_gmt":"2021-10-26T05:46:32","slug":"beeee-aneb-blanicti-ani-rusove-uz-neprijedou","status":"publish","type":"post","link":"https:\/\/www.infokuryr.cz\/n\/2021\/10\/26\/beeee-aneb-blanicti-ani-rusove-uz-neprijedou\/","title":{"rendered":"B\u00e9\u00e9\u00e9\u00e9 aneb Blani\u010dt\u00ed ani Rusov\u00e9 u\u017e nep\u0159ijedou &#8230;"},"content":{"rendered":"<div id=\"fb-root\"><\/div>\n<p>\u010ce\u0161i jsou z velk\u00e9 v\u011bt\u0161iny n\u00e1rod opatrn\u00edk\u016f a zbab\u011bl\u00fdch ovc\u00ed. Jen cca 20% lid\u00ed za n\u011bco stoj\u00ed, ostatn\u00ed jsou &#8222;hlup\u00e1\u010dci&#8220;, co se kv\u016fli pivu v hospod\u011b, nebo jin\u00e9 stupidit\u011b, kterou nemohou o\u017eelet, nechaj\u00ed donutit k \u010demukoli.<\/p>\n<p>Ji\u017e od B\u00edl\u00e9 Hory a n\u00e1sledn\u00e9 popravy vlasteneck\u00fdch p\u00e1n\u016f, to jde s n\u00e1mi z kopce. Zbyl\u00ed hrdinov\u00e9 um\u00edrali v obou sv\u011btov\u00fdch v\u00e1lk\u00e1ch na stran\u011b Ruska a zbytek vesele kolaboroval s monarchi\u00ed, nebo pozd\u011bji s nacistick\u00fdm N\u011bmeckem, p\u0159e\u017e\u00edval, hrabal pen\u00edze a z\u00edsk\u00e1val moc.<\/p>\n<p>Nyn\u00ed n\u00e1m ta nejhor\u0161\u00ed verbe\u017e kone\u010dn\u011b vl\u00e1dne a spole\u010dn\u011b s ostatn\u00edmi zr\u016fdami z EU n\u00e1s vyma\u010dk\u00e1vaj\u00ed jak citr\u00f3ny a z nenasytn\u00fdch tlam, jim kapou sliny nad \u00fazemn\u00ed velikost\u00ed a nerostn\u00fdm bohatstv\u00edm Ruska.<\/p>\n<p>V jejich zka\u017een\u00fdch mozc\u00edch, kter\u00e9 jsou prost\u00e9 jak\u00e9koli mor\u00e1lky a slitov\u00e1n\u00ed s ov\u010dany, kte\u0159\u00ed je stupidn\u011b sv\u00fdmi hlasy vynesli a\u017e na vrchol politick\u00e9ho potravn\u00edho \u0159et\u011bzce, se rod\u00ed pl\u00e1n na v\u00e1lku s Ruskem!!! Do prvn\u00ed linie, v\u0161ak nep\u016fjdou tito nelid\u00e9, ale ovce, kter\u00e9 jim dali do rukou moc.<\/p>\n<div>V posledn\u00edch volb\u00e1ch v na\u0161\u00ed zemi, jsem poznal, \u017ee bojovat za n\u00e1rod nem\u00e1 u\u017e v\u016fbec \u017e\u00e1dnou cenu. \u010ce\u0161i jako n\u00e1rod u\u017e toti\u017e v\u016fbec za nic nestoj\u00ed a t\u011bch nepoko\u0159en\u00fdch state\u010dn\u00fdch, bude ub\u00fdvat a ub\u00fdvat. N\u011bkte\u0159\u00ed se nakonec zlom\u00ed, jin\u00ed \u010dasem zem\u0159ou a dal\u0161\u00ed rad\u011bji emigruj\u00ed. \u010casem zbydou jen pok\u0159iven\u00e9 zr\u016fdy, podman\u011bn\u00e9 ovce a nov\u00ed &#8222;\u010ce\u0161i&#8220; z Afriky.<\/div>\n<div>\nT\u011bm svobodn\u00fdm, co je\u0161t\u011b \u017eij\u00ed v na\u0161\u00ed zemi rad\u00edm jedno, obklopte se skute\u010dn\u00fdmi p\u0159\u00e1teli v re\u00e1lu, navz\u00e1jem si pom\u00e1hejte, a udr\u017eujte se fyzicky ve form\u011b. Jen tak mo\u017en\u00e1 do\u017eijete jako svobodn\u00ed lid\u00e9, a\u010dkoli okolo budou u\u017e jen podman\u011bn\u00e9 ovce.<\/div>\n<div>\nZ\u00e1chrana odjinud u\u017e nejsp\u00ed\u0161e tak\u00e9 nep\u0159ijde, v\u017edy\u0165 pro\u010d, by n\u00e1s m\u011bl znovu zachra\u0148ovat n\u011bkdo, komu \u00fasty sv\u00fdch zvolen\u00fdch v\u016fdc\u016f neust\u00e1le plijeme do tv\u00e1\u0159e!!!<\/p>\n<\/div>\n<div>Ladislav Ka\u0161uka<\/div>\n<div><\/div>\n<div><\/div>\n","protected":false},"excerpt":{"rendered":"<p>\u010ce\u0161i jsou z velk\u00e9 v\u011bt\u0161iny n\u00e1rod opatrn\u00edk\u016f a zbab\u011bl\u00fdch ovc\u00ed. Jen cca 20% lid\u00ed za&#8230;<\/p>\n","protected":false},"author":2,"featured_media":563,"comment_status":"closed","ping_status":"closed","sticky":false,"template":"","format":"standard","meta":[],"categories":[6],"tags":[670,29],"_links":{"self":[{"href":"https:\/\/www.infokuryr.cz\/n\/wp-json\/wp\/v2\/posts\/5664"}],"collection":[{"href":"https:\/\/www.infokuryr.cz\/n\/wp-json\/wp\/v2\/posts"}],"about":[{"href":"https:\/\/www.infokuryr.cz\/n\/wp-json\/wp\/v2\/types\/post"}],"author":[{"embeddable":true,"href":"https:\/\/www.infokuryr.cz\/n\/wp-json\/wp\/v2\/users\/2"}],"replies":[{"embeddable":true,"href":"https:\/\/www.infokuryr.cz\/n\/wp-json\/wp\/v2\/comments?post=5664"}],"version-history":[{"count":0,"href":"https:\/\/www.infokuryr.cz\/n\/wp-json\/wp\/v2\/posts\/5664\/revisions"}],"wp:featuredmedia":[{"embeddable":true,"href":"https:\/\/www.infokuryr.cz\/n\/wp-json\/wp\/v2\/media\/563"}],"wp:attachment":[{"href":"https:\/\/www.infokuryr.cz\/n\/wp-json\/wp\/v2\/media?parent=5664"}],"wp:term":[{"taxonomy":"category","embeddable":true,"href":"https:\/\/www.infokuryr.cz\/n\/wp-json\/wp\/v2\/categories?post=5664"},{"taxonomy":"post_tag","embeddable":true,"href":"https:\/\/www.infokuryr.cz\/n\/wp-json\/wp\/v2\/tags?post=5664"}],"curies":[{"name":"wp","href":"https:\/\/api.w.org\/{rel}","templated":true}]}}