{"id":5662,"date":"2021-10-26T07:34:56","date_gmt":"2021-10-26T05:34:56","guid":{"rendered":"http:\/\/www.infokuryr.cz\/n\/?p=5662"},"modified":"2021-10-26T07:34:56","modified_gmt":"2021-10-26T05:34:56","slug":"lide-nehledaji-pravdu-skryvaji-se-pred-ni","status":"publish","type":"post","link":"https:\/\/www.infokuryr.cz\/n\/2021\/10\/26\/lide-nehledaji-pravdu-skryvaji-se-pred-ni\/","title":{"rendered":"Lid\u00e9 nehledaj\u00ed pravdu, skr\u00fdvaj\u00ed se p\u0159ed n\u00ed"},"content":{"rendered":"<div id=\"fb-root\"><\/div>\n<p>Je to tak &#8211; pravda nen\u00ed skryt\u00e1 ani nikde schovan\u00e1, kdo se skr\u00fdv\u00e1, jsou lid\u00e9, kte\u0159\u00ed necht\u011bj\u00ed pravdu sly\u0161et a vid\u011bt. Jak se to mohlo st\u00e1t? A pro\u010d to nejde zm\u011bnit \u017e\u00e1dnou rychlou revoluc\u00ed?<\/p>\n<p>Proto\u017ee to je d\u016fsledek dlouhodob\u00e9 \u010dinnosti. Dlouhodob\u011b se otupuje obyvatelstvo, kter\u00e9 se z lenosti nech\u00e1v\u00e1 ovl\u00e1dat dobrovoln\u011b. Dlouhodob\u011b se v\u0161ude kolem n\u00e1s eliminuj\u00ed lid\u00e9 s analytick\u00fdm a kritick\u00fdm my\u0161len\u00edm. Spole\u010dnost se dlouhodob\u011b p\u0159enastavovala tak, aby se do jej\u00edho veden\u00ed mohli dostat jen tupci. Dne\u0161n\u00ed situace je potvrzen\u00fdm v\u00edt\u011bzstv\u00edm ne\u00fasp\u011b\u0161n\u00fdch a slab\u00fdch.<\/p>\n<p>Zd\u00e1 se, \u017ee je dobojov\u00e1no a prohr\u00e1li jsme na body, na g\u00f3ly, na v\u0161ech front\u00e1ch.<\/p>\n<p>Sama jsem tento trend pozorovala cel\u00fd \u017eivot. Postupn\u011b jsem odch\u00e1zela z r\u016fzn\u00fdch sv\u00fdch \u010dinnost\u00ed, proto\u017ee jsem na &#8222;nov\u00e1&#8220; pravidla fungov\u00e1n\u00ed nem\u011bla \u017ealudek. Nejprve jsem p\u0159estala po\u0159\u00e1dat a organizovat kulturn\u00ed akce, proto\u017ee jsem nemohla konkurovat promot\u00e9r\u016fm, kte\u0159\u00ed um\u011bli vys\u00e1vat ve\u0159ejn\u00e9 rozpo\u010dty. Neum\u011bla jsem l\u00e9zt do zadku mocn\u00fdm a neum\u011bla jsem se l\u00edsat k d\u016fle\u017eit\u00fdm osob\u00e1m&#8230;<\/p>\n<p>Pak jsem ode\u0161la z politick\u00e9 strany. Kdy\u017e kladete ot\u00e1zky a hled\u00e1te nejefektivn\u011bj\u0161\u00ed \u0159e\u0161en\u00ed, kter\u00e9 budou dobr\u00e9 pro lidi, stanete se nepohodlnou osobou. Efektivn\u00ed \u0159e\u0161en\u00ed toti\u017e oslabuj\u00ed neschopn\u00e9 a jejich aplikace by je vy\u0159adila z politick\u00e9 sout\u011b\u017ee. Tento proces \u010di\u0161t\u011bn\u00ed politick\u00fdch stran byl u\u017e dokon\u00e1n ve v\u0161ech na\u0161ich politick\u00fdch stran\u00e1ch &#8211; t\u011bch velk\u00fdch i t\u011bch mal\u00fdch.<\/p>\n<p>Pak jsem ode\u0161la ze sv\u011bta byznysu. M\u016fj kontakt se sv\u011btem korpor\u00e1tn\u00edch firem byl dost dlouh\u00fd na to, abych vid\u011bla, \u017ee pro korpor\u00e1t jsou nejnebezpe\u010dn\u011bj\u0161\u00ed lid\u00e9, kte\u0159\u00ed maj\u00ed \u017eivotn\u00ed zku\u0161enosti, dost rozumu a odhodl\u00e1n\u00ed pracovat tvrd\u011b a efektivn\u011b. Takov\u00ed by byli p\u0159\u00ednosem pro firmu, ale jsou nejv\u011bt\u0161\u00edm ohro\u017een\u00edm pro lidi ve veden\u00ed. V korpor\u00e1tech um\u00ed dokonale naj\u00edt lidi, kte\u0159\u00ed jsou tv\u00e1rn\u00ed a poslu\u0161n\u00ed. D\u00edky sv\u00e9 posledn\u00ed pr\u00e1ci na dost vysok\u00e9 funkci v jednom nejmenovan\u00e9m den\u00edku mohu hl\u00e1sat, \u017ee stejn\u00e9 to je i v m\u00e9di\u00edch.<\/p>\n<p>Cel\u00e1 spole\u010dnost je dokonale promo\u0159ena a ovl\u00e1d\u00e1na neschopn\u00fdmi. Jak si m\u016f\u017eete myslet, \u017ee se tento stav zm\u011bn\u00ed n\u011bjakou rychlou akc\u00ed? Chce to mnoho let pr\u00e1ce, kter\u00e1 povede k n\u00e1prav\u011b. Za\u010d\u00edt mus\u00ed ka\u017ed\u00fd s\u00e1m u sebe. Pracovat na sob\u011b, na sv\u00e9 nez\u00e1vislosti a na sv\u00e9m vzd\u011bl\u00e1v\u00e1n\u00ed. A pracovat tak\u00e9 pro spole\u010dnost, pom\u00e1hat druh\u00fdm na cest\u011b k vlastn\u00ed svobod\u011b.<\/p>\n<p>Teprve a\u017e se lid\u00e9 p\u0159estanou b\u00e1t pravdy, bude l\u00edp.<\/p>\n<p><a href=\"https:\/\/www.evahrindova.cz\/lide-nehledaji-pravdu-skryvaji-se-pred-ni?fbclid=IwAR0GmWnjEmGJT1uiVomni2nnUeu_kUmF4_r6HweXETPKF38r2qJDoJ55HVI\">Eva Hrindov\u00e1<\/a><\/p>\n<p>&nbsp;<\/p>\n","protected":false},"excerpt":{"rendered":"<p>Je to tak &#8211; pravda nen\u00ed skryt\u00e1 ani nikde schovan\u00e1, kdo se skr\u00fdv\u00e1, jsou lid\u00e9,&#8230;<\/p>\n","protected":false},"author":2,"featured_media":5663,"comment_status":"closed","ping_status":"closed","sticky":false,"template":"","format":"standard","meta":[],"categories":[6],"tags":[29],"_links":{"self":[{"href":"https:\/\/www.infokuryr.cz\/n\/wp-json\/wp\/v2\/posts\/5662"}],"collection":[{"href":"https:\/\/www.infokuryr.cz\/n\/wp-json\/wp\/v2\/posts"}],"about":[{"href":"https:\/\/www.infokuryr.cz\/n\/wp-json\/wp\/v2\/types\/post"}],"author":[{"embeddable":true,"href":"https:\/\/www.infokuryr.cz\/n\/wp-json\/wp\/v2\/users\/2"}],"replies":[{"embeddable":true,"href":"https:\/\/www.infokuryr.cz\/n\/wp-json\/wp\/v2\/comments?post=5662"}],"version-history":[{"count":0,"href":"https:\/\/www.infokuryr.cz\/n\/wp-json\/wp\/v2\/posts\/5662\/revisions"}],"wp:featuredmedia":[{"embeddable":true,"href":"https:\/\/www.infokuryr.cz\/n\/wp-json\/wp\/v2\/media\/5663"}],"wp:attachment":[{"href":"https:\/\/www.infokuryr.cz\/n\/wp-json\/wp\/v2\/media?parent=5662"}],"wp:term":[{"taxonomy":"category","embeddable":true,"href":"https:\/\/www.infokuryr.cz\/n\/wp-json\/wp\/v2\/categories?post=5662"},{"taxonomy":"post_tag","embeddable":true,"href":"https:\/\/www.infokuryr.cz\/n\/wp-json\/wp\/v2\/tags?post=5662"}],"curies":[{"name":"wp","href":"https:\/\/api.w.org\/{rel}","templated":true}]}}