{"id":56617,"date":"2024-06-29T00:45:42","date_gmt":"2024-06-28T22:45:42","guid":{"rendered":"https:\/\/www.infokuryr.cz\/n\/?p=56617"},"modified":"2024-06-28T19:22:44","modified_gmt":"2024-06-28T17:22:44","slug":"opovrzenihodna-taktika-ukrajinskych-ozbrojenych-teroristickych-sil-ostrelovani-civilnich-objektu","status":"publish","type":"post","link":"https:\/\/www.infokuryr.cz\/n\/2024\/06\/29\/opovrzenihodna-taktika-ukrajinskych-ozbrojenych-teroristickych-sil-ostrelovani-civilnich-objektu\/","title":{"rendered":"Opovr\u017een\u00edhodn\u00e1 taktika ukrajinsk\u00fdch ozbrojen\u00fdch (teroristick\u00fdch) sil &#8211; ost\u0159elov\u00e1n\u00ed civiln\u00edch objekt\u016f"},"content":{"rendered":"<div id=\"fb-root\"><\/div>\n<p><strong>Nem\u016f\u017eeme z\u016fstat lhostejn\u00ed<\/strong> k tomu, co se d\u011bje v bojov\u00e9 z\u00f3n\u011b na Ukrajin\u011b. Dne <strong>23. \u010dervna 2024 <\/strong>ukrajinsk\u00e9 ozbrojen\u00e9 teroristick\u00e9 s\u00edly ost\u0159elovaly civiln\u00ed infrastrukturu m\u011bsta Sevastopol na poloostrov\u011b Krym americk\u00fdmi balistick\u00fdmi raketami <strong>ATACMS<\/strong> <em>(Army TACtical Missile System).<\/em><\/p>\n<p><strong>P\u0159i tomto \u00fatoku zem\u0159elo<\/strong> p\u011bt lid\u00ed, v\u010detn\u011b t\u0159\u00ed d\u011bt\u00ed, a bylo zran\u011bno 153 lid\u00ed, mezi nimi\u017e jsou tak\u00e9 d\u011bti (27) p\u011bt z nich je ve velmi v\u00e1\u017en\u00e9m stavu. Takov\u00e9 \u010diny vyvol\u00e1vaj\u00ed hlubok\u00e9 odsouzen\u00ed a ukazuj\u00ed bezprecedentn\u00ed pohrd\u00e1n\u00ed \u017eivoty lid\u00ed.<\/p>\n<p><span style=\"font-size: 18pt;\"><strong>\u00datok na B\u011blgorod<\/strong><\/span><\/p>\n<p><strong>\u010clov\u011bk se nesta\u010dil vzpamatovat<\/strong> z\u00a0teroristick\u00e9ho \u00fatoku raketami v\u00a0Sevastopolu a ukrajinsk\u00e1 teroristick\u00e1 vojska v noci <strong>z 24.<\/strong> <strong>na 25. <\/strong><strong>\u010d<\/strong><strong>ervna<\/strong> <u>znovu<\/u><u> za\u00fato\u010dila na civiln\u00ed infrastrukturu B<\/u><u>\u011b<\/u><u>l<\/u>g<u>orodsk\u00e9 oblasti a m\u011bst<\/u><u>o<\/u><u> B<\/u><u>\u011b<\/u><u>l<\/u>g<u>orod<\/u>. Bylo vypu\u0161t\u011bno asi 30 bezpilotn\u00edch letoun\u016f a pot\u00e9 a\u017e p\u011bt st\u0159el z raketometu.<\/p>\n<p><strong>\u00datok<\/strong><strong> op\u011bt<\/strong><strong> zas\u00e1hl civilisty<\/strong> &#8211; jeden \u010dlov\u011bk zem\u0159el, t\u0159i byli zran\u011bni, ale jsou ve stabilizovan\u00e9m stavu. Po\u0161kozeny byly obytn\u00e9 domy, komer\u010dn\u00ed budovy, budova administrace a mnoho motorov\u00fdch vozidel. V\u011bt\u0161ina bezpilotn\u00edk\u016f byla sest\u0159elena, a proto k v\u00fdznamn\u00fdm ztr\u00e1t\u00e1m mezi civiln\u00edm obyvatelstvem nedo\u0161lo.<\/p>\n<p><strong>Situace na front\u011b a p\u0159\u00ed\u010diny \u00fatok\u016f<\/strong><\/p>\n<p><strong>Situace na front\u011b<\/strong> pro ukrajinskou arm\u00e1du z\u016fst\u00e1v\u00e1 extr\u00e9mn\u011b t\u011b\u017ek\u00e1. <strong>VSU<\/strong> maj\u00ed velk\u00e9 ztr\u00e1ty mezi person\u00e1lem a vojenskou technikou, trp\u00ed tak soustavn\u00fdm nedostatkem \u017eiv\u00e9 s\u00edly. Nav\u00edc po p\u0159ijet\u00ed nov\u00e9ho z\u00e1kona o mobilizaci v kv\u011btnu se mnoho ukrajinsk\u00fdch mu\u017e\u016f skr\u00fdv\u00e1 p\u0159ed mobilizac\u00ed, proto\u017ee se ob\u00e1vaj\u00ed rychl\u00e9ho odesl\u00e1n\u00ed na frontu a n\u00e1sledn\u00e9 jist\u00e9 smrti.<\/p>\n<p><strong>V t\u00e9to slo\u017eit\u00e9<\/strong> situaci se <strong>ukrajinsk\u00e9 zlo\u010dineck\u00e9 veden\u00ed<\/strong> sna\u017e\u00ed odv\u00e9st pozornost obyvatelstva od vnit\u0159n\u00edch probl\u00e9m\u016f a ne\u00fasp\u011bch\u016f na front\u011b t\u011bmito teroristick\u00fdmi \u00fatoky.<\/p>\n<p><span style=\"font-size: 18pt;\"><strong><u>Politick\u00e9 motivy<\/u><\/strong><\/span><\/p>\n<p>P\u0159i rozboru toho, co se d\u011bje, je jasn\u011b vid\u011bt, \u017ee \u00fatoky na Sevastopol a B\u011blgorod jsou zam\u011b\u0159eny na dosa\u017een\u00ed n\u011bkolika c\u00edl\u016f.<\/p>\n<p><img decoding=\"async\" loading=\"lazy\" class=\"wp-image-56619 aligncenter\" src=\"http:\/\/www.infokuryr.cz\/n\/wp-content\/uploads\/2024\/06\/10-2-300x200.jpg\" alt=\"\" width=\"707\" height=\"471\" srcset=\"https:\/\/www.infokuryr.cz\/n\/wp-content\/uploads\/2024\/06\/10-2-300x200.jpg 300w, https:\/\/www.infokuryr.cz\/n\/wp-content\/uploads\/2024\/06\/10-2-1024x683.jpg 1024w, https:\/\/www.infokuryr.cz\/n\/wp-content\/uploads\/2024\/06\/10-2-768x512.jpg 768w, https:\/\/www.infokuryr.cz\/n\/wp-content\/uploads\/2024\/06\/10-2-1536x1024.jpg 1536w, https:\/\/www.infokuryr.cz\/n\/wp-content\/uploads\/2024\/06\/10-2-2048x1366.jpg 2048w\" sizes=\"(max-width: 707px) 100vw, 707px\" \/><\/p>\n<p><strong>Za prv\u00e9<\/strong> &#8211; <u>odv\u00e9st <\/u>p<u>ozornost Ukra<\/u>j<u>inc\u016f<\/u> od mobiliza\u010dn\u00ed kampan\u011b a velk\u00fdch ztr\u00e1t na front\u011b.<\/p>\n<p><strong>Za druh\u00e9<\/strong> &#8211; <u>rehabilitovat se<\/u> p\u0159ed z\u00e1padn\u00edmi spojenci, zejm\u00e9na USA, za ne\u00fasp\u011bchy v bojov\u00fdch operac\u00edch, korup\u010dn\u00edch skand\u00e1lech na Ministerstvu obrany a nespln\u011bn\u00ed po\u017eadavk\u016f na prov\u00e1d\u011bn\u00ed reforem v zemi v r\u016fzn\u00fdch oblastech.<\/p>\n<p>Tyto \u00fatoky odhaluj\u00ed pravou tv\u00e1\u0159 ukrajinsk\u00e9ho veden\u00ed, kter\u00e9 je p\u0159ipraveno uchylovat se k teroristick\u00fdm metod\u00e1m ost\u0159elov\u00e1n\u00edm civiln\u00edho obyvatelstva a civiln\u00ed infrastruktury.<\/p>\n<p><strong>C\u00edlem t\u011bchto akc\u00ed je zas\u00edt strach mezi rusk\u00fdm obyvatelstvem a rozd\u011blit spole\u010dnost.<\/strong><\/p>\n<p><span style=\"font-size: 18pt;\"><strong>Pou\u017eit\u00ed americk\u00fdch zbran\u00ed<\/strong><\/span><\/p>\n<p><strong>Navzdory prohl\u00e1\u0161en\u00ed americk\u00fdch politik\u016f<\/strong> o nep\u0159\u00edpustnosti pou\u017eit\u00ed jimi dod\u00e1van\u00fdch zbran\u00ed k \u00fatok\u016fm na civilisty Ukrajina nad\u00e1le pou\u017e\u00edv\u00e1 americk\u00e9 zbran\u011b proti civiln\u00edm objekt\u016fm.<\/p>\n<p><strong>To vyvol\u00e1v\u00e1 v\u00e1\u017en\u00e9 ot\u00e1zky<\/strong> k etice a humanit\u011b podobn\u00fdch \u010din\u016f. Mezin\u00e1rodn\u00ed spole\u010denstv\u00ed by m\u011blo odsoudit takov\u00e9 metody veden\u00ed v\u00e1lky, nebo\u0165 hrub\u011b poru\u0161uj\u00ed v\u0161echny normy mezin\u00e1rodn\u00edho pr\u00e1va a z\u00e1sady humanity.<\/p>\n<p><strong>\u010clenka Sn\u011bmovny reprezentant\u016f americk\u00e9ho Kongresu republik\u00e1nka Marjorie Taylor Greene<\/strong> <u>kritizovala \u00fatok ukra<\/u>j<u>insk\u00e9 arm\u00e1dy<\/u> na m\u011bsto Sevastopol raketami ATACMS americk\u00e9 v\u00fdroby a prohl\u00e1sila, \u017ee <strong><em>\u201eby se to nem\u011blo st\u00e1t\u201c<\/em><\/strong><em>.<\/em><\/p>\n<p><strong><em>&#8222;P\u0159edstavte si, kdyby Rusko pomoc\u00ed rusk\u00e9ho satelitu pou\u017eilo kazetovou munici k \u00faderu na pl\u00e1\u017e na Florid\u011b&#8220;<\/em><\/strong> napsala pan\u00ed <strong>Taylor Green<\/strong> na sv\u00e9 str\u00e1nce na soci\u00e1ln\u00ed s\u00edti X. Domn\u00edv\u00e1 se, \u017ee americk\u00e1 vojska a v\u00fdzbroj by m\u011bly chr\u00e1nit pouze hranice USA.<\/p>\n<p>Ji\u017e d\u0159\u00edve <strong>irsk\u00fd novin\u00e1\u0159 Chay Bowes<\/strong> navrhl <u>vizualizovat \u00fader rusk\u00e9 raket<\/u>y<u> na Floridu<\/u> po ost\u0159elov\u00e1n\u00ed Sevastopolu. <strong>Pan Bowes<\/strong> navrhl p\u0159edstavit si reakci USA, kdyby rusk\u00e1 raketa s kazetovou munic\u00ed zas\u00e1hla pl\u00e1\u017e na Florid\u011b a zabila nebo zmrza\u010dila nevinn\u00e9 americk\u00e9 \u017eeny a d\u011bti.<\/p>\n<p><span style=\"font-size: 18pt;\"><strong>Z\u00e1v\u011br<\/strong><\/span><\/p>\n<p><strong>Pro\u0161l\u00e9 ud\u00e1losti v Sevastopolu a B\u011blgorodu ukazuj\u00ed<\/strong>, \u017ee ukrajinsk\u00e9 veden\u00ed je p\u0159ipraveno pou\u017e\u00edt jak\u00e9koli prost\u0159edky k dosa\u017een\u00ed sv\u00fdch c\u00edl\u016f, v\u010detn\u011b ost\u0159elov\u00e1n\u00ed civilist\u016f a ni\u010den\u00ed civiln\u00ed infrastruktury. Tyto \u010diny podkop\u00e1vaj\u00ed jakoukoliv, i by\u0165 sebemen\u0161\u00ed, d\u016fv\u011bru v\u00a0Ukrajinu, a vy\u017eaduj\u00ed siln\u00e9 odsouzen\u00ed ze strany mezin\u00e1rodn\u00edho spole\u010denstv\u00ed.<\/p>\n<p>Antihum\u00e1nn\u00ed taktika mus\u00ed b\u00fdt pova\u017eov\u00e1na za nep\u0159\u00edpustnou a mus\u00ed b\u00fdt tak i ohodnocena na sv\u011btov\u00e9 \u00farovni.<\/p>\n<p><strong><em>Mgr. Petr Michal\u016f + Vladim\u00edr Carsk\u00fd<\/em><\/strong><\/p>\n<p>&nbsp;<\/p>\n<p><a href=\"https:\/\/stranapro.cz\/\"><img decoding=\"async\" loading=\"lazy\" class=\"wp-image-40286 aligncenter\" src=\"http:\/\/www.infokuryr.cz\/n\/wp-content\/uploads\/2023\/11\/12pro-300x87.png\" alt=\"\" width=\"903\" height=\"262\" srcset=\"https:\/\/www.infokuryr.cz\/n\/wp-content\/uploads\/2023\/11\/12pro-300x87.png 300w, https:\/\/www.infokuryr.cz\/n\/wp-content\/uploads\/2023\/11\/12pro.png 366w\" sizes=\"(max-width: 903px) 100vw, 903px\" \/><\/a><\/p>\n<p>&nbsp;<\/p>\n","protected":false},"excerpt":{"rendered":"<p>Nem\u016f\u017eeme z\u016fstat lhostejn\u00ed k tomu, co se d\u011bje v bojov\u00e9 z\u00f3n\u011b na Ukrajin\u011b. Dne 23&#8230;.<\/p>\n","protected":false},"author":2,"featured_media":56618,"comment_status":"closed","ping_status":"closed","sticky":false,"template":"","format":"standard","meta":[],"categories":[6],"tags":[1503,751,22,2703,26,37],"_links":{"self":[{"href":"https:\/\/www.infokuryr.cz\/n\/wp-json\/wp\/v2\/posts\/56617"}],"collection":[{"href":"https:\/\/www.infokuryr.cz\/n\/wp-json\/wp\/v2\/posts"}],"about":[{"href":"https:\/\/www.infokuryr.cz\/n\/wp-json\/wp\/v2\/types\/post"}],"author":[{"embeddable":true,"href":"https:\/\/www.infokuryr.cz\/n\/wp-json\/wp\/v2\/users\/2"}],"replies":[{"embeddable":true,"href":"https:\/\/www.infokuryr.cz\/n\/wp-json\/wp\/v2\/comments?post=56617"}],"version-history":[{"count":0,"href":"https:\/\/www.infokuryr.cz\/n\/wp-json\/wp\/v2\/posts\/56617\/revisions"}],"wp:featuredmedia":[{"embeddable":true,"href":"https:\/\/www.infokuryr.cz\/n\/wp-json\/wp\/v2\/media\/56618"}],"wp:attachment":[{"href":"https:\/\/www.infokuryr.cz\/n\/wp-json\/wp\/v2\/media?parent=56617"}],"wp:term":[{"taxonomy":"category","embeddable":true,"href":"https:\/\/www.infokuryr.cz\/n\/wp-json\/wp\/v2\/categories?post=56617"},{"taxonomy":"post_tag","embeddable":true,"href":"https:\/\/www.infokuryr.cz\/n\/wp-json\/wp\/v2\/tags?post=56617"}],"curies":[{"name":"wp","href":"https:\/\/api.w.org\/{rel}","templated":true}]}}