{"id":5661,"date":"2021-10-26T07:30:23","date_gmt":"2021-10-26T05:30:23","guid":{"rendered":"http:\/\/www.infokuryr.cz\/n\/?p=5661"},"modified":"2021-10-26T07:30:23","modified_gmt":"2021-10-26T05:30:23","slug":"polsko-uz-rozmistilo-na-beloruske-hranici-10-000-vojaku","status":"publish","type":"post","link":"https:\/\/www.infokuryr.cz\/n\/2021\/10\/26\/polsko-uz-rozmistilo-na-beloruske-hranici-10-000-vojaku\/","title":{"rendered":"Polsko u\u017e rozm\u00edstilo na b\u011blorusk\u00e9 hranici 10.000 voj\u00e1k\u016f"},"content":{"rendered":"<div id=\"fb-root\"><\/div>\n<p>Tv\u00e1\u0159\u00ed v tv\u00e1\u0159 hybridn\u00edmu \u00fatoku imigranty z B\u011bloruska, bylo Polsko ji\u017e nuceno nav\u00fd\u0161it kontingent ostrahy hranic o dal\u0161\u00edch 2&#8217;500 voj\u00e1k\u016f na celkov\u00fdch 10.000. To by se v \u010cR muselo zvednout ze \u017eidl\u00ed cel\u00e9 ministerstvo obrany a gener\u00e1ln\u00ed \u0161t\u00e1b a furt by to nesta\u010dilo. A\u017e to imigranti zjist\u00ed&#8230; Snad\u00a0 arm\u00e1d\u011b zbylo po\u00a0 miliardov\u00fdch n\u00e1kupech n\u011bco na ostnat\u00fd dr\u00e1t.<\/p>\n<h2><span style=\"font-size: 14pt;\">Imigranti vzali \u00fatokem polskou hranici!<\/span><\/h2>\n<p>O v\u00edkendu vzalo \u0161turmem polsk\u00fd hrani\u010dn\u00ed plot na 70 imigrant\u016f z B\u011bloruska. Ty\u010demi, kameny a kl\u00e1dami se sna\u017eili prob\u00edt z B\u011bloruska do Polska. Pohrani\u010dn\u00ed str\u00e1\u017e jim kladla \u00fa\u010dinn\u00fd odpor. P\u0159inejmen\u0161\u00edm 2 pohrani\u010dn\u00edci byli imigranty zran\u011bni a museli b\u00fdt p\u0159evezeni do nemocnice.<\/p>\n<p>Tito &#8222;uprchl\u00edci&#8220; evidentn\u011b s pros\u00edkem rozhodn\u011b nep\u0159i\u0161li&#8230; Jejich mise je zcela jin\u00e1 a bezosty\u0161n\u011b\u00a0 spol\u00e9haj\u00ed na p\u00e1tou kolonu v Evrop\u011b.<\/p>\n<p><a href=\"https:\/\/www.wprost.pl\/kraj\/10528075\/kryzys-na-granicy-grupa-migrantow-probowala-przedostac-sie-do-polski-dwoch-zolnierzy-trafilo-do-szpitala.html\">ZDROJ<\/a><\/p>\n<p>&nbsp;<\/p>\n","protected":false},"excerpt":{"rendered":"<p>Tv\u00e1\u0159\u00ed v tv\u00e1\u0159 hybridn\u00edmu \u00fatoku imigranty z B\u011bloruska, bylo Polsko ji\u017e nuceno nav\u00fd\u0161it kontingent ostrahy&#8230;<\/p>\n","protected":false},"author":2,"featured_media":4006,"comment_status":"closed","ping_status":"closed","sticky":false,"template":"","format":"standard","meta":[],"categories":[7],"tags":[80,119,31],"_links":{"self":[{"href":"https:\/\/www.infokuryr.cz\/n\/wp-json\/wp\/v2\/posts\/5661"}],"collection":[{"href":"https:\/\/www.infokuryr.cz\/n\/wp-json\/wp\/v2\/posts"}],"about":[{"href":"https:\/\/www.infokuryr.cz\/n\/wp-json\/wp\/v2\/types\/post"}],"author":[{"embeddable":true,"href":"https:\/\/www.infokuryr.cz\/n\/wp-json\/wp\/v2\/users\/2"}],"replies":[{"embeddable":true,"href":"https:\/\/www.infokuryr.cz\/n\/wp-json\/wp\/v2\/comments?post=5661"}],"version-history":[{"count":0,"href":"https:\/\/www.infokuryr.cz\/n\/wp-json\/wp\/v2\/posts\/5661\/revisions"}],"wp:featuredmedia":[{"embeddable":true,"href":"https:\/\/www.infokuryr.cz\/n\/wp-json\/wp\/v2\/media\/4006"}],"wp:attachment":[{"href":"https:\/\/www.infokuryr.cz\/n\/wp-json\/wp\/v2\/media?parent=5661"}],"wp:term":[{"taxonomy":"category","embeddable":true,"href":"https:\/\/www.infokuryr.cz\/n\/wp-json\/wp\/v2\/categories?post=5661"},{"taxonomy":"post_tag","embeddable":true,"href":"https:\/\/www.infokuryr.cz\/n\/wp-json\/wp\/v2\/tags?post=5661"}],"curies":[{"name":"wp","href":"https:\/\/api.w.org\/{rel}","templated":true}]}}