{"id":5660,"date":"2021-10-26T07:25:45","date_gmt":"2021-10-26T05:25:45","guid":{"rendered":"http:\/\/www.infokuryr.cz\/n\/?p=5660"},"modified":"2021-10-26T07:25:45","modified_gmt":"2021-10-26T05:25:45","slug":"eu-zadelava-na-3-svetovou-valku","status":"publish","type":"post","link":"https:\/\/www.infokuryr.cz\/n\/2021\/10\/26\/eu-zadelava-na-3-svetovou-valku\/","title":{"rendered":"EU zad\u011bl\u00e1v\u00e1 na 3. sv\u011btovou v\u00e1lku"},"content":{"rendered":"<div id=\"fb-root\"><\/div>\n<p>To u\u017e p\u0159est\u00e1v\u00e1 v\u0161echno! EU se bu\u010f vr\u00e1t\u00ed k demokratick\u00fdm princip\u016fm nebo mus\u00ed skon\u010dit. Sou\u010dasn\u00e9 monstrum tady nechceme! To je s\u00edl\u00edc\u00ed hlas n\u00e1rod\u016f V\u00fdchodn\u00ed Evropy, kter\u00e9 pozvedaj\u00ed svou hlavu.<\/p>\n<p>&#8222;Fanatizmus EU m\u016f\u017ee v\u00e9st a\u017e ke 3. sv\u011btov\u00e9 v\u00e1lce!&#8220;, prohl\u00e1sil polsk\u00fd premi\u00e9r Mateusz Morawiecki. A to u\u017e opravdu n\u011bco smrd\u00ed kr\u00e1lovstv\u00ed evropsk\u00e9m. Nejvy\u0161\u0161\u00ed \u010das na sebereflexi bruselsk\u00e9 nomenklatury. Nebo bude pokra\u010dovat ve sv\u00e9m (by\u0165 zat\u00edm jen evropsk\u00e9m) &#8222;\u00fcber alles&#8220;?<\/p>\n<p>Je te\u010f kardin\u00e1ln\u00ed rol\u00ed v\u00fdchodoevropsk\u00fdch komisa\u0159\u016f a z\u00e1stupc\u016f v EP zp\u0159\u00edstupnit z\u00e1padn\u00edm koleg\u016fm v\u00fdchodiska v\u00fdchodn\u00ed psych\u00e9. Pokud sel\u017eou nebo zrad\u00ed, bude kolaps EU i jejich d\u00edlem.<\/p>\n<p><a href=\"https:\/\/podcasty.rp.pl\/rzecz-w-tym\/16889-premier-o-wizji-iii-wojny-swiatowej-morawiecki-jest-tylko-poslancem-kaczynskiego-w-dodatku-pogubionym\">ZDROJ<\/a><\/p>\n<p>&nbsp;<\/p>\n","protected":false},"excerpt":{"rendered":"<p>To u\u017e p\u0159est\u00e1v\u00e1 v\u0161echno! EU se bu\u010f vr\u00e1t\u00ed k demokratick\u00fdm princip\u016fm nebo mus\u00ed skon\u010dit. Sou\u010dasn\u00e9&#8230;<\/p>\n","protected":false},"author":2,"featured_media":5552,"comment_status":"closed","ping_status":"closed","sticky":false,"template":"","format":"standard","meta":[],"categories":[7],"tags":[41,31,40],"_links":{"self":[{"href":"https:\/\/www.infokuryr.cz\/n\/wp-json\/wp\/v2\/posts\/5660"}],"collection":[{"href":"https:\/\/www.infokuryr.cz\/n\/wp-json\/wp\/v2\/posts"}],"about":[{"href":"https:\/\/www.infokuryr.cz\/n\/wp-json\/wp\/v2\/types\/post"}],"author":[{"embeddable":true,"href":"https:\/\/www.infokuryr.cz\/n\/wp-json\/wp\/v2\/users\/2"}],"replies":[{"embeddable":true,"href":"https:\/\/www.infokuryr.cz\/n\/wp-json\/wp\/v2\/comments?post=5660"}],"version-history":[{"count":0,"href":"https:\/\/www.infokuryr.cz\/n\/wp-json\/wp\/v2\/posts\/5660\/revisions"}],"wp:featuredmedia":[{"embeddable":true,"href":"https:\/\/www.infokuryr.cz\/n\/wp-json\/wp\/v2\/media\/5552"}],"wp:attachment":[{"href":"https:\/\/www.infokuryr.cz\/n\/wp-json\/wp\/v2\/media?parent=5660"}],"wp:term":[{"taxonomy":"category","embeddable":true,"href":"https:\/\/www.infokuryr.cz\/n\/wp-json\/wp\/v2\/categories?post=5660"},{"taxonomy":"post_tag","embeddable":true,"href":"https:\/\/www.infokuryr.cz\/n\/wp-json\/wp\/v2\/tags?post=5660"}],"curies":[{"name":"wp","href":"https:\/\/api.w.org\/{rel}","templated":true}]}}