{"id":56593,"date":"2024-06-29T00:41:58","date_gmt":"2024-06-28T22:41:58","guid":{"rendered":"https:\/\/www.infokuryr.cz\/n\/?p=56593"},"modified":"2024-06-28T18:22:36","modified_gmt":"2024-06-28T16:22:36","slug":"koalice-stran-lzi-a-podvodu-premier-orban-kritizuje-rozhodnuti-eu-jmenovat-von-der-leyenovou-na-druhe-funkcni-obdobi","status":"publish","type":"post","link":"https:\/\/www.infokuryr.cz\/n\/2024\/06\/29\/koalice-stran-lzi-a-podvodu-premier-orban-kritizuje-rozhodnuti-eu-jmenovat-von-der-leyenovou-na-druhe-funkcni-obdobi\/","title":{"rendered":"\u201eKoalice stran l\u017e\u00ed a podvodu\u201c \u2013 premi\u00e9r Orb\u00e1n kritizuje rozhodnut\u00ed EU jmenovat von der Leyenovou na druh\u00e9 funk\u010dn\u00ed obdob\u00ed"},"content":{"rendered":"<div id=\"fb-root\"><\/div>\n<h2 class=\"s-tagline fw-tagline\"><span>Orb\u00e1n ozna\u010dil politickou dohodu, kter\u00e1 vedla k znovuzvolen\u00ed von der Leyenov\u00e9, za \u201ehanebnou\u201c<\/span><\/h2>\n<p><span>Hlavy st\u00e1t\u016f a p\u0159edsedov\u00e9 vl\u00e1d Evropsk\u00e9 unie\u00a0<\/span><a class=\"ek-link\" href=\"https:\/\/magyarnemzet.hu\/kulfold\/2024\/06\/charles-michel-a-tagorszagok-vezetoi-ursula-von-der-leyen-mandatumanak-meghosszabbitasat-javasoljak\"><span>zvolili<\/span><\/a><span>\u00a0sv\u00e9 nejvy\u0161\u0161\u00ed p\u0159edstavitele na p\u0159\u00ed\u0161t\u00edch p\u011bt let v Bruselu: Ursula von der Leyen zaznamenala druh\u00e9 funk\u010dn\u00ed obdob\u00ed jako p\u0159edsedkyn\u011b komise EU, zat\u00edmco \u0161pan\u011blsk\u00fd soci\u00e1ln\u00ed demokrat Ant\u00f3nio Costa byl zvolen p\u0159edsedou Evropsk\u00e9 rady a Estonsk\u00e1 premi\u00e9rka Kaja Kallasov\u00e1 bude nyn\u00ed nejvy\u0161\u0161\u00ed evropskou diplomatkou.<\/span><\/p>\n<p><span>Zpr\u00e1vu ozn\u00e1mil odch\u00e1zej\u00edc\u00ed p\u0159edseda Rady Charles Michel na sv\u00e9 str\u00e1nce na soci\u00e1ln\u00edch s\u00edt\u00edch.<\/span><\/p>\n<p><span>Hlavn\u00edmi oponenty pro druh\u00e9 funk\u010dn\u00ed obdob\u00ed Ursuly von der Leyenov\u00e9 byli italsk\u00fd premi\u00e9r Giorgia Meloni a ma\u010farsk\u00fd premi\u00e9r Viktor Orb\u00e1n. P\u0159i \u010dtvrte\u010dn\u00edm hlasov\u00e1n\u00ed, kter\u00e9 skon\u010dilo pot\u0159ebnou kvalifikovanou v\u011bt\u0161inou pro v\u0161echny t\u0159i, se Meloni zdr\u017eel hlasov\u00e1n\u00ed o von der Leyenov\u00e9 a hlasoval proti Kallasovi.<\/span><\/p>\n<p><span>Orb\u00e1n hlasoval proti von der Leyenov\u00e9 a zdr\u017eel se hlasov\u00e1n\u00ed o Kallasovi.<\/span><\/p>\n<p><span>Orb\u00e1n m\u00e9di\u00edm v Bruselu \u0159ekl, \u017ee Evropsk\u00e1 lidov\u00e1 strana (EPP), socialist\u00e9 a liber\u00e1lov\u00e9 vytvo\u0159ili koalici, aby jmenovali p\u0159\u00ed\u0161t\u00ed v\u016fdce instituc\u00ed Evropsk\u00e9 unie, kterou naz\u00fdv\u00e1 \u201ekoalice stran l\u017e\u00ed a podvodu\u201c.<\/span><\/p>\n<p><span>&#8222;Dohoda byla dosa\u017eena na stranick\u00e9m z\u00e1klad\u011b, ne na programech, ne na minul\u00e9m v\u00fdkonu, ne na budouc\u00edch pl\u00e1nech.&#8220; Bylo to v\u00fdslovn\u011b ujedn\u00e1n\u00ed o sd\u00edlen\u00ed moci,\u201c zd\u016fraznil.<\/span><\/p>\n<p><span>Dohoda mezi EPP, socialisty a liber\u00e1ly &#8222;mus\u00ed b\u00fdt pova\u017eov\u00e1na za ostudu,&#8220; \u0159ekl.<\/span><\/p>\n<p><span>EPP z\u00edskala \u010d\u00e1st pravicov\u00fdch hlas\u016f a pot\u00e9 je p\u0159edala levici, \u010d\u00edm\u017e oklamala evropsk\u00e9 voli\u010de, \u0159ekl ma\u010farsk\u00fd l\u00eddr. Poznamenal, \u017ee to byla zrada evropsk\u00fdch voli\u010d\u016f, z nich\u017e v\u011bt\u0161ina volila pravici a cht\u011bla vid\u011bt pravicov\u00e9 evropsk\u00e9 veden\u00ed.<\/span><\/p>\n<p><span>&#8222;Nen\u00ed d\u016fvod, abychom toto zneu\u017eit\u00ed moci podporovali,&#8220; \u0159ekl.<\/span><\/p>\n<p><span>Trojici l\u00eddr\u016f bude muset potvrdit nov\u00fd Evropsk\u00fd parlament, kter\u00fd se nejprve sejde ve druh\u00e9 polovin\u011b \u010dervence.<\/span><\/p>\n<p><img decoding=\"async\" loading=\"lazy\" class=\"alignnone size-full wp-image-1185\" src=\"http:\/\/www.infokuryr.cz\/n\/wp-content\/uploads\/2021\/04\/kuryr-podpis.png\" alt=\"\" width=\"84\" height=\"24\" \/><\/p>\n<p>&nbsp;<\/p>\n","protected":false},"excerpt":{"rendered":"<p>Orb\u00e1n ozna\u010dil politickou dohodu, kter\u00e1 vedla k znovuzvolen\u00ed von der Leyenov\u00e9, za \u201ehanebnou\u201c Hlavy st\u00e1t\u016f&#8230;<\/p>\n","protected":false},"author":2,"featured_media":51160,"comment_status":"closed","ping_status":"closed","sticky":false,"template":"","format":"standard","meta":[],"categories":[7],"tags":[41,3251,778],"_links":{"self":[{"href":"https:\/\/www.infokuryr.cz\/n\/wp-json\/wp\/v2\/posts\/56593"}],"collection":[{"href":"https:\/\/www.infokuryr.cz\/n\/wp-json\/wp\/v2\/posts"}],"about":[{"href":"https:\/\/www.infokuryr.cz\/n\/wp-json\/wp\/v2\/types\/post"}],"author":[{"embeddable":true,"href":"https:\/\/www.infokuryr.cz\/n\/wp-json\/wp\/v2\/users\/2"}],"replies":[{"embeddable":true,"href":"https:\/\/www.infokuryr.cz\/n\/wp-json\/wp\/v2\/comments?post=56593"}],"version-history":[{"count":0,"href":"https:\/\/www.infokuryr.cz\/n\/wp-json\/wp\/v2\/posts\/56593\/revisions"}],"wp:featuredmedia":[{"embeddable":true,"href":"https:\/\/www.infokuryr.cz\/n\/wp-json\/wp\/v2\/media\/51160"}],"wp:attachment":[{"href":"https:\/\/www.infokuryr.cz\/n\/wp-json\/wp\/v2\/media?parent=56593"}],"wp:term":[{"taxonomy":"category","embeddable":true,"href":"https:\/\/www.infokuryr.cz\/n\/wp-json\/wp\/v2\/categories?post=56593"},{"taxonomy":"post_tag","embeddable":true,"href":"https:\/\/www.infokuryr.cz\/n\/wp-json\/wp\/v2\/tags?post=56593"}],"curies":[{"name":"wp","href":"https:\/\/api.w.org\/{rel}","templated":true}]}}