{"id":5659,"date":"2021-10-26T07:22:02","date_gmt":"2021-10-26T05:22:02","guid":{"rendered":"http:\/\/www.infokuryr.cz\/n\/?p=5659"},"modified":"2021-10-26T07:22:02","modified_gmt":"2021-10-26T05:22:02","slug":"kontrarevoluce-orban-prirovnal-eu-k-sovetskemu-svazu","status":"publish","type":"post","link":"https:\/\/www.infokuryr.cz\/n\/2021\/10\/26\/kontrarevoluce-orban-prirovnal-eu-k-sovetskemu-svazu\/","title":{"rendered":"Kontrarevoluce: Orb\u00e1n p\u0159irovnal EU k Sov\u011btsk\u00e9mu svazu"},"content":{"rendered":"<div id=\"fb-root\"><\/div>\n<p>V sobotu na 65. v\u00fdro\u010d\u00ed ma\u010farsk\u00e9 kontrarevoluce 1956 (v \u010cR 1968) proti komunistick\u00e9mu re\u017eimu premi\u00e9r Viktor Orb\u00e1n ve sv\u00e9m projevu v Budape\u0161ti p\u0159irovnal sou\u010dasn\u00e9 praktiky EU v\u016f\u010di Polsku a Ma\u010farsku k hodn\u00fdm t\u011bm, kter\u00e9 byly za Sov\u011btsk\u00e9ho svazu. Brusel s n\u00e1mi a Polskem jedn\u00e1 jako s nep\u0159\u00e1teli. M\u011bl by si v\u0161ak uv\u011bdomit, \u017ee n\u00e1s ani komunisti nedostali, mluvil nejen Ma\u010far\u016fm z du\u0161e Orb\u00e1n.<\/p>\n<p>V\u00fdro\u010d\u00ed ma\u010farsk\u00e9ho boje za svobodu zpod komunistick\u00e9ho jha si p\u0159ipomn\u011bly tis\u00edce lid\u00ed v ulic\u00edch, kte\u0159\u00ed mj. nesli i transparenty Brusel=diktatura.\u00a0To u\u017e je pro bruselsk\u00e9 neokomou\u0161e skute\u010dn\u011b posledn\u00ed v\u00fdzva, aby vzali rozum do hrsti a zbavili se sv\u00e9 totalitn\u00ed mentality. Ma\u010fa\u0159i u\u017e maj\u00ed dost \u0161ikanov\u00e1n\u00ed sv\u00e9ho premi\u00e9ra Z\u00e1padem. Plat\u00ed to, co si rozhodli Ma\u010fa\u0159i, a ne to, co n\u00e1m vnucuje EU, USA a z\u00e1padn\u00ed m\u00e9dia!<\/p>\n<p>Zato\u010den\u00ed s bruselsk\u00fdm bol\u0161evikem by mohl b\u00fdt nejevrop\u0161t\u011bj\u0161\u00ed po\u010din v posledn\u00edch d\u011bjin\u00e1ch Evropy, jak nazna\u010dil ve sv\u00e9m projevu prof. Sylvester Vizi: &#8222;Ma\u010farsk\u00e1 revoluce 1956 byla nejevrop\u0161t\u011bj\u0161\u00edm momentem v posledn\u00edch d\u011bjin\u00e1ch&#8220;.<\/p>\n<p>\u010cesko, chce-li se hl\u00e1sit k Havlovi, by m\u011blo Ma\u010fary pozdravit viditelnou havlovskou viktorkou, a ne se\u00a0jako za bol\u0161evik\u016f\u00a0b\u00e1t o tom by\u0165 jen informovat, aby za 5 let jeden p\u0159es druh\u00e9ho se hl\u00e1sil k tomu, \u017ee tenkr\u00e1t v 2021 byl na stran\u011b Ma\u010far\u016f. Jakou budete m\u00edt v p\u0159\u00ed\u0161t\u00ed Evrop\u011b n\u00e1lepku, se rozhoduje nyn\u00ed.<\/p>\n<p>Ozve se ze Sen\u00e1tu\u00a0 nejen &#8222;jsem Tchajvanec!&#8220;, ale tak\u00e9 &#8222;jsem Ma\u010far!&#8220;? Vyraz\u00edme na N\u00e1rodn\u00ed, nebo nech\u00e1me Havla bru\u010det?<\/p>\n<p><a href=\"https:\/\/www.7sur7.be\/monde\/orban-compare-lunion-europeenne-a-lurss~aa6925e9\/\">ZDROJ<\/a><\/p>\n<p>&nbsp;<\/p>\n","protected":false},"excerpt":{"rendered":"<p>V sobotu na 65. v\u00fdro\u010d\u00ed ma\u010farsk\u00e9 kontrarevoluce 1956 (v \u010cR 1968) proti komunistick\u00e9mu re\u017eimu premi\u00e9r&#8230;<\/p>\n","protected":false},"author":2,"featured_media":1927,"comment_status":"closed","ping_status":"closed","sticky":false,"template":"","format":"standard","meta":[],"categories":[7],"tags":[41,78,439],"_links":{"self":[{"href":"https:\/\/www.infokuryr.cz\/n\/wp-json\/wp\/v2\/posts\/5659"}],"collection":[{"href":"https:\/\/www.infokuryr.cz\/n\/wp-json\/wp\/v2\/posts"}],"about":[{"href":"https:\/\/www.infokuryr.cz\/n\/wp-json\/wp\/v2\/types\/post"}],"author":[{"embeddable":true,"href":"https:\/\/www.infokuryr.cz\/n\/wp-json\/wp\/v2\/users\/2"}],"replies":[{"embeddable":true,"href":"https:\/\/www.infokuryr.cz\/n\/wp-json\/wp\/v2\/comments?post=5659"}],"version-history":[{"count":0,"href":"https:\/\/www.infokuryr.cz\/n\/wp-json\/wp\/v2\/posts\/5659\/revisions"}],"wp:featuredmedia":[{"embeddable":true,"href":"https:\/\/www.infokuryr.cz\/n\/wp-json\/wp\/v2\/media\/1927"}],"wp:attachment":[{"href":"https:\/\/www.infokuryr.cz\/n\/wp-json\/wp\/v2\/media?parent=5659"}],"wp:term":[{"taxonomy":"category","embeddable":true,"href":"https:\/\/www.infokuryr.cz\/n\/wp-json\/wp\/v2\/categories?post=5659"},{"taxonomy":"post_tag","embeddable":true,"href":"https:\/\/www.infokuryr.cz\/n\/wp-json\/wp\/v2\/tags?post=5659"}],"curies":[{"name":"wp","href":"https:\/\/api.w.org\/{rel}","templated":true}]}}