{"id":56565,"date":"2024-06-28T04:26:37","date_gmt":"2024-06-28T02:26:37","guid":{"rendered":"https:\/\/www.infokuryr.cz\/n\/?p=56565"},"modified":"2024-06-28T04:26:37","modified_gmt":"2024-06-28T02:26:37","slug":"jiri-paroubek-koryta-ve-vedeni-eu","status":"publish","type":"post","link":"https:\/\/www.infokuryr.cz\/n\/2024\/06\/28\/jiri-paroubek-koryta-ve-vedeni-eu\/","title":{"rendered":"Ji\u0159\u00ed Paroubek: Koryta ve veden\u00ed EU\u2026"},"content":{"rendered":"<div id=\"fb-root\"><\/div>\n<p><span style=\"font-size: 18pt;\"><strong>\u2026aneb \u0161katulata hejbejte se.<\/strong><\/span><\/p>\n<p>Je\u0161t\u011b p\u0159ed dv\u011bma t\u00fddny by na znovuzvolen\u00ed Ursuly von der Leyenov\u00e9, m\u00e1lokdo vsadil n\u011bjak\u00fd vysok\u00fd obnos. Nicm\u00e9n\u011b, podle dohody t\u0159\u00ed nejv\u011bt\u0161\u00edch politick\u00fdch formac\u00ed v\u00a0Evropsk\u00e9m parlamentu, tedy lidovc\u016f, soci\u00e1ln\u00edch demokrat\u016f a liber\u00e1l\u016f, se tak nejsp\u00ed\u0161 stane. Tyto formace si navz\u00e1jem vym\u011bn\u00ed kor\u00fdtka ve veden\u00ed EU a nastane v\u00a0podstat\u011b dej\u00e0 vu. Tedy opakov\u00e1n\u00ed toho, co jsme zde m\u011bli p\u0159edt\u00edm.<\/p>\n<p>Leyenov\u00e1 se pot\u00e1cela po l\u00e9ta v\u00a0kriz\u00edch, jimi\u017e proch\u00e1zela Evropsk\u00e1 unie jako \u0161punt v\u00a0rozbou\u0159en\u00e9m oce\u00e1nu. V z\u00e1sad\u011b nen\u00ed schopna v\u00e9st samostatnou politiku alternativn\u00ed k\u00a0zahrani\u010dn\u00ed politice Spojen\u00fdch st\u00e1t\u016f, bude op\u011bt v\u00a0\u010dele Evropsk\u00e9 komise (EK). Je to trapn\u00e9. Pr\u016fm\u011brn\u00e1 n\u011bmeck\u00e1 politi\u010dka, bez jak\u00fdchkoliv vynikaj\u00edc\u00edch vlastnost\u00ed, m\u00e1 v\u00e9st t\u0159et\u00ed nejv\u011bt\u0161\u00ed ekonomiku sv\u011bta, kterou EU nesporn\u011b je.<\/p>\n<p>Rusofobn\u00ed estonsk\u00e1 ministersk\u00e1 p\u0159edsedkyn\u011b K. Kallasov\u00e1 se stane na z\u00e1klad\u011b t\u00e9to dohody \u0161\u00e9fkou evropsk\u00e9 diplomacie.<\/p>\n<p>A kone\u010dn\u011b p\u0159edsedou Evropsk\u00e9 rady, tedy jak\u00fdmsi prezidentem EU, m\u00e1 b\u00fdt na p\u0159\u00ed\u0161t\u00ed dva a p\u016fl roku b\u00fdval\u00fd portugalsk\u00fd socialistick\u00fd premi\u00e9r Antonio Costa. O jeho n\u00e1zorech toho nen\u00ed mnoho zn\u00e1mo. Ale socialistick\u00e1 frakce EP, je\u017e jej nominovala, by jist\u011b nep\u0159ipustila n\u00e1vrh na n\u011bjak\u00e9ho revolucion\u00e1\u0159e. Jen si trochu vzpom\u00edn\u00e1m, \u017ee to byla portugalsk\u00e1 socialistick\u00e1 vl\u00e1da, kter\u00e1 vedla sv\u00e9ho \u010dasu velice pragmatick\u00e9 vztahy s\u00a0\u010c\u00ednskou lidovou republikou (\u010cLR). A sna\u017eila se o \u00fa\u010dast v\u00a0nejv\u011bt\u0161\u00edm sv\u011btov\u00e9m ekonomick\u00e9m projektu dne\u0161ka P\u00e1s a stezka. Jak\u00e9 byly benefity z\u00a0t\u00e9to spolupr\u00e1ce ov\u0161em u nas p\u0159\u00edli\u0161 zn\u00e1mo nen\u00ed, Portugalsko je p\u0159eci jen od n\u00e1s pon\u011bkud vzd\u00e1len\u00e9.<\/p>\n<p><a href=\"https:\/\/stranapro.cz\/\"><img decoding=\"async\" loading=\"lazy\" class=\"wp-image-40285 aligncenter\" src=\"http:\/\/www.infokuryr.cz\/n\/wp-content\/uploads\/2023\/11\/11pro-300x79.png\" alt=\"\" width=\"710\" height=\"187\" srcset=\"https:\/\/www.infokuryr.cz\/n\/wp-content\/uploads\/2023\/11\/11pro-300x79.png 300w, https:\/\/www.infokuryr.cz\/n\/wp-content\/uploads\/2023\/11\/11pro.png 363w\" sizes=\"(max-width: 710px) 100vw, 710px\" \/><\/a><\/p>\n<p>Dohodu mezi dlouhodob\u011b spolupracuj\u00edc\u00edmi frakcemi pravost\u0159edov\u00fdch lidovc\u016f, levost\u0159edov\u00fdch socialist\u016f a centristick\u00fdch \u010di pravost\u0159edov\u00fdch liber\u00e1l\u016f, uzav\u0159eli l\u00edd\u0159i, kte\u0159\u00ed reprezentuj\u00ed jednotliv\u00e9 strany ve t\u0159ech frakc\u00edch zastoupen\u00e9. Byl to polsk\u00fd premi\u00e9r Tusk a \u0159eck\u00fd premi\u00e9r Mitsotakis za lidovce. Za socialisty n\u011bmeck\u00fd kancl\u00e9\u0159 Scholz a \u0161pan\u011blsk\u00fd premi\u00e9r S\u00e1nchez. Liber\u00e1ly v\u00a0dohod\u011b reprezentovali francouzsk\u00fd prezident Macron a dosluhuj\u00edc\u00ed nizozemsk\u00fd p\u0159edseda vl\u00e1dy Rutte.<\/p>\n<p>D\u00e1 se \u0159\u00edci, \u017ee a\u017e na v\u00fdjimky se jedn\u00e1 o ligu pora\u017een\u00fdch, co\u017e plat\u00ed zejm\u00e9na v\u00a0p\u0159\u00edpad\u011b n\u011bmeck\u00e9ho kancl\u00e9\u0159e a francouzsk\u00e9ho prezidenta. Z\u00a0voleb do EP vy\u0161li nejpodstatn\u011bji oslabeni liber\u00e1lov\u00e9 a hned po nich socialist\u00e9.<\/p>\n<p>V\u0161eobecn\u011b se o\u010dek\u00e1v\u00e1, \u017ee se vyjednava\u010di Leyenov\u00e9 pokus\u00ed vy\u010dachrovat podporu t\u0159et\u00ed nejv\u011bt\u0161\u00ed frakce, pravicov\u011b konzervativn\u00ed ECR, kter\u00e1 skon\u010dila ve volb\u00e1ch s\u00a083 mand\u00e1ty. M\u016f\u017ee se toti\u017e st\u00e1t, \u017ee n\u011bkter\u00e9 strany zastoupen\u00e9 ve frakc\u00edch, jejich\u017e p\u0159edstavitel\u00e9 dohodu u\u010dinili, prost\u011b nebudou pro Leyenovou hlasovat a pak tedy pot\u0159ebuje dodat hlasy nahradn\u00ed. A t\u011bmito hlasy maj\u00ed b\u00fdt poslanci z\u00a0frakce ECR. V\u00a0t\u00e9to frakci je nejv\u00fdznamn\u011bj\u0161\u00ed figurou premi\u00e9rka It\u00e1lie G. Meloniov\u00e1, kter\u00e1 tak\u00e9 zastupuje t\u0159et\u00ed nejv\u011bt\u0161\u00ed ekonomiku Evropsk\u00e9 unie. Ta m\u00e1 sice sv\u00e9 person\u00e1ln\u00ed p\u0159edstavy, v\u010detn\u011b obsazen\u00ed pozice p\u0159edsedy komise, ale je jist\u011b p\u0159ipravena se svou podporou \u010dachrovat, kam a\u017e to p\u016fjde. Jen tak mimochodem, Meloniov\u00e1 uva\u017euje jako o kandid\u00e1tovi na pozici p\u0159edsedy EK s\u00a0b\u00fdval\u00fdm \u0161\u00e9fem Evropsk\u00e9 centr\u00e1ln\u00ed banky M. Dragim. To by jist\u011b nebylo \u0161patn\u00e9 \u0159e\u0161en\u00ed. Byl by rozhodn\u011b lep\u0161\u00edm \u0159e\u0161en\u00edm ne\u017eli Leyenov\u00e1. Nicm\u00e9n\u011b, v ka\u017ed\u00e9m p\u0159\u00edpad\u011b rozhodnou hlasy v parlamentu. A teoreticky m\u00e1 Leyenov\u00e1 d\u00edky dohod\u011b, kterou uzav\u0159eli l\u00edd\u0159i t\u0159\u00ed politick\u00fdch formac\u00ed v\u00a0EP 399 hlas\u016f v\u00a0720 \u010dlenn\u00e9m EP. Tedy \u017e\u00e1dn\u00fd z\u00e1zrak, co se t\u00fd\u010de podpory, ale nejsp\u00ed\u0161e to posta\u010d\u00ed. A skute\u010dn\u011b, pokud by se ur\u010dit\u00e1 \u010d\u00e1st europoslanc\u016f z\u00a0t\u011bchto frakc\u00ed rozhodla Leyenovou nepodpo\u0159it, nemusela by b\u00fdt zvolena. T\u00edm by ov\u0161em padla cel\u00e1 dohoda a struktury EU v\u00a0Bruselu by se ocitly v\u00a0chaosu. Tak\u017ee propad von der Leyenov\u00e9, by\u0165 by mn\u011b osobn\u011b byl sympatick\u00fd, neo\u010dek\u00e1v\u00e1m.<\/p>\n<p>\u0158ekn\u011bme si otev\u0159en\u011b, s\u00edly v\u00a0EP jsou po volb\u00e1ch nastaveny tak, \u017ee EU bude pokra\u010dovat jednak v\u00a0tragick\u00e9 v\u00e1le\u010dn\u00e9 hysterii v\u016f\u010di Rusku, balancuj\u00edc\u00ed na pokraji jadern\u00e9 v\u00e1lky. Naprosto nic se nezm\u011bn\u00ed v\u00a0migra\u010dn\u00ed politice, v\u010detn\u011b migra\u010dn\u00edho paktu. A pouze k\u00a0d\u00edl\u010d\u00edm zm\u011bn\u00e1m m\u016f\u017ee doj\u00edt v\u00a0Green Dealu. To jsou \u0161patn\u00e9 zpr\u00e1vy pro \u010desk\u00e9 ob\u010dany. V\u00e1lka na v\u00fdchod\u011b Evropy bude pokra\u010dovat, budeme nuceni p\u0159ij\u00edmat imigranty podle kv\u00f3t a d\u00edky Green Dealu se b\u011b\u017en\u00fdm \u010desk\u00fdm ob\u010dan\u016fm b\u011bhem n\u011bkolika let za\u010dne prodra\u017eovat jejich \u017eivot je\u0161t\u011b v\u00edce ne\u017eli dosud.<\/p>\n<p>Zkr\u00e1tka\u00a0\u017e\u00e1dn\u00e9 dobr\u00e9 zpr\u00e1vy.<\/p>\n<p><a href=\"https:\/\/vasevec.info\/komentare\/jiri-paroubek-koryta-ve-vedeni-eu\">Ji\u0159\u00ed Paroubek<\/a><\/p>\n<p><img decoding=\"async\" loading=\"lazy\" class=\"alignnone size-medium wp-image-2342\" src=\"http:\/\/www.infokuryr.cz\/n\/wp-content\/uploads\/2021\/06\/paroubek-300x208.jpg\" alt=\"\" width=\"300\" height=\"208\" srcset=\"https:\/\/www.infokuryr.cz\/n\/wp-content\/uploads\/2021\/06\/paroubek-300x208.jpg 300w, https:\/\/www.infokuryr.cz\/n\/wp-content\/uploads\/2021\/06\/paroubek.jpg 318w\" sizes=\"(max-width: 300px) 100vw, 300px\" \/><\/p>\n<p>&nbsp;<\/p>\n","protected":false},"excerpt":{"rendered":"<p>\u2026aneb \u0161katulata hejbejte se. Je\u0161t\u011b p\u0159ed dv\u011bma t\u00fddny by na znovuzvolen\u00ed Ursuly von der Leyenov\u00e9,&#8230;<\/p>\n","protected":false},"author":2,"featured_media":52910,"comment_status":"closed","ping_status":"closed","sticky":false,"template":"","format":"standard","meta":[],"categories":[6],"tags":[41,1503,7458,35],"_links":{"self":[{"href":"https:\/\/www.infokuryr.cz\/n\/wp-json\/wp\/v2\/posts\/56565"}],"collection":[{"href":"https:\/\/www.infokuryr.cz\/n\/wp-json\/wp\/v2\/posts"}],"about":[{"href":"https:\/\/www.infokuryr.cz\/n\/wp-json\/wp\/v2\/types\/post"}],"author":[{"embeddable":true,"href":"https:\/\/www.infokuryr.cz\/n\/wp-json\/wp\/v2\/users\/2"}],"replies":[{"embeddable":true,"href":"https:\/\/www.infokuryr.cz\/n\/wp-json\/wp\/v2\/comments?post=56565"}],"version-history":[{"count":0,"href":"https:\/\/www.infokuryr.cz\/n\/wp-json\/wp\/v2\/posts\/56565\/revisions"}],"wp:featuredmedia":[{"embeddable":true,"href":"https:\/\/www.infokuryr.cz\/n\/wp-json\/wp\/v2\/media\/52910"}],"wp:attachment":[{"href":"https:\/\/www.infokuryr.cz\/n\/wp-json\/wp\/v2\/media?parent=56565"}],"wp:term":[{"taxonomy":"category","embeddable":true,"href":"https:\/\/www.infokuryr.cz\/n\/wp-json\/wp\/v2\/categories?post=56565"},{"taxonomy":"post_tag","embeddable":true,"href":"https:\/\/www.infokuryr.cz\/n\/wp-json\/wp\/v2\/tags?post=56565"}],"curies":[{"name":"wp","href":"https:\/\/api.w.org\/{rel}","templated":true}]}}