{"id":5656,"date":"2021-10-26T04:21:35","date_gmt":"2021-10-26T02:21:35","guid":{"rendered":"http:\/\/www.infokuryr.cz\/n\/?p=5656"},"modified":"2021-10-26T04:21:35","modified_gmt":"2021-10-26T02:21:35","slug":"kladno-ma-svuj-prvni-saunovy-komplex-nova-pobocka-saunia-v-obchodnim-centru-central-kladno-nabizi-celkem-pet-druhu-saun","status":"publish","type":"post","link":"https:\/\/www.infokuryr.cz\/n\/2021\/10\/26\/kladno-ma-svuj-prvni-saunovy-komplex-nova-pobocka-saunia-v-obchodnim-centru-central-kladno-nabizi-celkem-pet-druhu-saun\/","title":{"rendered":"Kladno m\u00e1 sv\u016fj prvn\u00ed saunov\u00fd komplex. Nov\u00e1 pobo\u010dka Saunia v\u00a0obchodn\u00edm centru Central Kladno nab\u00edz\u00ed celkem p\u011bt druh\u016f saun"},"content":{"rendered":"<div id=\"fb-root\"><\/div>\n<ul>\n<li>Nejv\u011bt\u0161\u00ed obchodn\u00ed centrum ve St\u0159edo\u010desk\u00e9m kraji Central Kladno pokra\u010duje v roz\u0161i\u0159ov\u00e1n\u00ed nab\u00eddky obchod\u016f a slu\u017eeb pro z\u00e1kazn\u00edky. Nejnov\u011bj\u0161\u00edm p\u0159\u00edr\u016fstkem je modern\u00ed saunov\u00fd sv\u011bt Saunia.<\/li>\n<li>Na plo\u0161e 600 metr\u016f \u010dtvere\u010dn\u00edch vznikl \u0161pi\u010dkov\u00fd komplex p\u011bti druh\u016f saun, parn\u00ed l\u00e1ze\u0148, soustava ochlazovac\u00edch prvk\u016f a relaxa\u010dn\u00ed z\u00f3na s ob\u010derstven\u00edm.<\/li>\n<li>Do konce roku Central Kladno nab\u00eddne je\u0161t\u011b dal\u0161\u00ed novinky, nap\u0159\u00edklad rodinn\u00e9 sportovn\u00ed soboty.<\/li>\n<\/ul>\n<p>St\u00e1le v\u00edce lid\u00ed objevuje kouzlo ve\u0159ejn\u00e9ho saunov\u00e1n\u00ed. V dne\u0161n\u00ed hektick\u00e9 a n\u00e1ro\u010dn\u00e9 dob\u011b se \u010ce\u0161i ve voln\u00e9m \u010dase sna\u017e\u00ed ud\u011blat n\u011bco pro sv\u00e9 zdrav\u00ed a celkovou pohodu a saunov\u00e1n\u00ed jim k tomu d\u00e1v\u00e1 ide\u00e1ln\u00ed p\u0159\u00edle\u017eitost \u2013 odpo\u010dinou si a z\u00e1rove\u0148 pos\u00edl\u00ed svou imunitu, zregeneruj\u00ed unaven\u00e9 svaly a klouby a v neposledn\u00ed \u0159ad\u011b podpo\u0159\u00ed detoxikaci organismu a kvalitu sp\u00e1nku.<\/p>\n<p>Tyto a dal\u0161\u00ed benefity saunov\u00e1n\u00ed si nyn\u00ed mohou ve velk\u00e9m u\u017e\u00edvat i obyvatel\u00e9 Kladna a \u0161irok\u00e9ho okol\u00ed. Nejv\u011bt\u0161\u00ed \u010desk\u00e1 s\u00ed\u0165 saunov\u00fdch sv\u011bt\u016f Saunia otev\u0159ela svou pobo\u010dku v obchodn\u00edm centru Central Kladno. \u201e<em>Na\u0161\u00edm dlouhodob\u00fdm c\u00edlem je vytvo\u0159it pro 70 tis\u00edc obyvatel Kladna a dal\u0161\u00ed tis\u00edce lid\u00ed z okol\u00ed prostor, kde budou moci smyslupln\u011b tr\u00e1vit voln\u00fd \u010das a zapojovat se do r\u016fzn\u00fdch aktivit. Nechceme b\u00fdt jen m\u00edstem, kam n\u00e1v\u0161t\u011bvn\u00edci chod\u00ed nakupovat. Chceme b\u00fdt m\u00edstem, kam chod\u00ed za z\u00e1bavou a odpo\u010dinkem. A pr\u00e1v\u011b Saunia je dal\u0161\u00edm v\u00fdrazn\u00fdm krokem na t\u00e9to cest\u011b,\u201d <\/em>vysv\u011btluje <strong>Miloslav Kocek, Asset Manager ve skupin\u011b Portiva<\/strong>, kter\u00e1 v lo\u0148sk\u00e9m roce obchodn\u00ed centrum z\u00edskala do sv\u00e9ho portfolia.<\/p>\n<p>Nov\u00fd saunov\u00fd sv\u011bt je z\u00e1kazn\u00edk\u016fm k dispozici denn\u011b od 9 do 23 hodin. Na plo\u0161e 600 metr\u016f \u010dtvere\u010dn\u00edch nab\u00edz\u00ed celkem p\u011bt r\u016fzn\u00fdch druh\u016f nejmodern\u011bj\u0161\u00edch saun (finsk\u00e1 sauna, parn\u00ed l\u00e1ze\u0148, sauna s parn\u00edm n\u00e1razem, soln\u00e1 sauna, tropick\u00e1 sauna), \u010dty\u0159i druhy ochlazen\u00ed (ochlazovac\u00ed baz\u00e9nek, ledov\u00e1 studna, ochlazovac\u00ed v\u011bdra, sprchy s vodn\u00edm ml\u017een\u00edm) a bohatou relaxa\u010dn\u00ed z\u00f3nu s kvalitn\u00ed saunovou kosmetikou a ob\u010derstven\u00edm. <em>\u201eSaunov\u00e1n\u00ed je skv\u011bl\u00fd zp\u016fsob, jak spojit p\u0159\u00edjemn\u00e9 s u\u017eite\u010dn\u00fdm a krom\u011b odpo\u010dinku ud\u011blat i n\u011bco pro sv\u00e9 zdrav\u00ed. Na Kladensku dosud \u017e\u00e1dn\u00fd saunov\u00fd komplex nebyl a my jsme velmi r\u00e1di, \u017ee ho z\u00e1kazn\u00edk\u016fm ve spolupr\u00e1ci se spole\u010dnost\u00ed Saunia m\u016f\u017eeme nab\u00eddnout pr\u00e1v\u011b my. V\u011b\u0159\u00edm, \u017ee d\u00edky na\u0161\u00ed jedine\u010dn\u00e9 poloze v centru m\u011bsta a dostatku parkovac\u00edch m\u00edst bude saunov\u00fd sv\u011bt atraktivn\u00ed nejen pro m\u00edstn\u00ed, ale i\u00a0p\u0159espoln\u00ed n\u00e1v\u0161t\u011bvn\u00edky,\u201d \u0159\u00edk\u00e1<\/em><strong> Aneta Kottov\u00e1, \u0159editelka Central Kladno.<\/strong><\/p>\n<p>Saunov\u00fd sv\u011bt nen\u00ed jedinou novinkou, kterou si obchodn\u00ed centrum Central Kladno pro sv\u00e9 z\u00e1kazn\u00edky v posledn\u00ed dob\u011b p\u0159ipravilo. Zat\u00edmco \u0159ada dal\u0161\u00edch obchodn\u00edch dom\u016f v d\u016fsledku celosv\u011btov\u00e9 pandemie onemocn\u011bn\u00ed covid-19 provozovny sp\u00ed\u0161e uzav\u00edrala nebo vy\u010dk\u00e1vala, Central Kladno v pr\u016fb\u011bhu leto\u0161n\u00edho roku pokra\u010doval v pronaj\u00edm\u00e1n\u00ed prostor a otev\u00edr\u00e1n\u00ed nov\u00fdch obchod\u016f. Jen za posledn\u00ed \u010dty\u0159i m\u011bs\u00edce se nab\u00eddka rozrostla o klenotnictv\u00ed APART, m\u00f3dn\u00ed zna\u010dku Terranova, pivot\u00e9ku \u010di kiosek s panini. Do\u0161lo tak\u00e9 k roz\u0161\u00ed\u0159en\u00ed obl\u00edben\u00e9 prodejny New Yorker. V nejbli\u017e\u0161\u00ed dob\u011b p\u0159ibude je\u0161t\u011b obch\u016fdek s kreativn\u00edmi a mal\u00ed\u0159sk\u00fdmi pot\u0159ebami a chyst\u00e1 se i \u0159ada zaj\u00edmav\u00fdch akc\u00ed.<\/p>\n<p>Krom\u011b tradi\u010dn\u00ed mikul\u00e1\u0161sk\u00e9 bes\u00eddky a v\u00e1no\u010dn\u00edch trh\u016f p\u016fjde nap\u0159\u00edklad o novinku v podob\u011b rodinn\u00fdch sportovn\u00edch sobot pod n\u00e1zvem \u201eKladno sportuje v Central Kladno\u201c. Ve spolupr\u00e1ci s\u00a0kladensk\u00fdmi sportovn\u00edmi kluby si lid\u00e9 v prostor\u00e1ch obchodn\u00edho centra b\u011bhem t\u0159\u00ed listopadov\u00fdch v\u00edkend\u016f vyzkou\u0161\u00ed r\u016fzn\u00e9 sporty a v p\u0159\u00edpad\u011b z\u00e1jmu budou m\u00edt na m\u00edst\u011b mo\u017enost se do klub\u016f rovnou zapsat. Partnerem akce je SAMK (Sportovn\u00ed are\u00e1ly m\u011bsta Kladna). <em>\u201eNa sportovn\u00ed soboty se v\u0161ichni velmi t\u011b\u0161\u00edme. Z\u00e1jem ze strany klub\u016f je obrovsk\u00fd a v\u011b\u0159\u00edme, \u017ee program ocen\u00ed i n\u00e1v\u0161t\u011bvn\u00edci. R\u00e1di bychom z t\u00e9to akce ud\u011blali tradici a do budoucna lidem p\u0159edstavili i dal\u0161\u00ed kluby,\u201c <\/em>\u0159\u00edk\u00e1 <strong>Aneta Kottov\u00e1, \u0159editelka Central Kladno.<\/strong><\/p>\n<p>Celkov\u00e1 pronaj\u00edmateln\u00e1 plocha obchodn\u00edho centra Central Kladno \u010din\u00ed 27 tis\u00edc metr\u016f \u010dtvere\u010dn\u00edch. Krom\u011b v\u00edce ne\u017e 100 r\u016fzn\u00fdch obchod\u016f, restaurac\u00ed a slu\u017eeb je z\u00e1kazn\u00edk\u016fm k\u00a0dispozici tak\u00e9 n\u011bkolik v\u00fddejn\u00edch box\u016f pro jednoduch\u00e9, rychl\u00e9 a bezpe\u010dn\u00e9 vyzvednut\u00ed zbo\u017e\u00ed a\u00a0bal\u00edkov\u00fdch z\u00e1silek, \u0161ikovn\u011b um\u00edst\u011bn\u00fdch v tzv. Pick-Up Pointu v oblasti parkovi\u0161t\u011b.<\/p>\n<p><strong>Investi\u010dn\u00ed skupina PORTIVA <\/strong>se orientuje na obnovitelnou energetiku, komer\u010dn\u00ed nemovitosti, digit\u00e1ln\u00ed a IT slu\u017eby v automotive a investi\u010dn\u00ed fondy. Nekonsolidovan\u00fd odhad aktiv pod spr\u00e1vou skupiny p\u0159es\u00e1hl k 31. 12. 2020 6,4 mld. K\u010d p\u0159i obratu p\u0159es 2,8 mld. korun a EBITDA 290 mil. K\u010d. V\u00edce na <a href=\"http:\/\/www.portiva.cz\">www.portiva.cz<\/a><\/p>\n<p><strong>Obchodn\u00ed centrum Central Kladno <\/strong>je nejv\u011bt\u0161\u00edm obchodn\u00edm centrem ve St\u0159edo\u010desk\u00e9m kraji. Mezi v\u00edce ne\u017e 100 n\u00e1jemc\u016f na plo\u0161e 27 tis\u00edc metr\u016f \u010dtvere\u010dn\u00edch pat\u0159\u00ed nap\u0159\u00edklad \u0159et\u011bzec Albert, drogerie dm a\u00a0Rossmann, prodejce sportovn\u00edho vybaven\u00ed Sportisimo, od\u011bvn\u00ed zna\u010dky H&amp;M \u010di Lindex nebo provozovny rychl\u00e9ho ob\u010derstven\u00ed KFC a Burger King. Obchodn\u00ed centrum bylo otev\u0159eno v b\u0159eznu 2015 a od z\u00e1\u0159\u00ed 2020 spad\u00e1 do portfolia investi\u010dn\u00ed skupiny Portiva. Ta ho v joint venture se spole\u010dnost\u00ed Micronix za necel\u00e9 2 mld. K\u010d z\u00edskala od developersk\u00e9 skupiny Crestyl.<\/p>\n<p><img decoding=\"async\" loading=\"lazy\" class=\"alignnone size-full wp-image-1185\" src=\"http:\/\/www.infokuryr.cz\/n\/wp-content\/uploads\/2021\/04\/kuryr-podpis.png\" alt=\"\" width=\"84\" height=\"24\" \/><\/p>\n<p>&nbsp;<\/p>\n<p>&nbsp;<\/p>\n<p>&nbsp;<\/p>\n","protected":false},"excerpt":{"rendered":"<p>Nejv\u011bt\u0161\u00ed obchodn\u00ed centrum ve St\u0159edo\u010desk\u00e9m kraji Central Kladno pokra\u010duje v roz\u0161i\u0159ov\u00e1n\u00ed nab\u00eddky obchod\u016f a slu\u017eeb&#8230;<\/p>\n","protected":false},"author":2,"featured_media":5657,"comment_status":"closed","ping_status":"closed","sticky":false,"template":"","format":"standard","meta":[],"categories":[6],"tags":[1372,1373,1374],"_links":{"self":[{"href":"https:\/\/www.infokuryr.cz\/n\/wp-json\/wp\/v2\/posts\/5656"}],"collection":[{"href":"https:\/\/www.infokuryr.cz\/n\/wp-json\/wp\/v2\/posts"}],"about":[{"href":"https:\/\/www.infokuryr.cz\/n\/wp-json\/wp\/v2\/types\/post"}],"author":[{"embeddable":true,"href":"https:\/\/www.infokuryr.cz\/n\/wp-json\/wp\/v2\/users\/2"}],"replies":[{"embeddable":true,"href":"https:\/\/www.infokuryr.cz\/n\/wp-json\/wp\/v2\/comments?post=5656"}],"version-history":[{"count":0,"href":"https:\/\/www.infokuryr.cz\/n\/wp-json\/wp\/v2\/posts\/5656\/revisions"}],"wp:featuredmedia":[{"embeddable":true,"href":"https:\/\/www.infokuryr.cz\/n\/wp-json\/wp\/v2\/media\/5657"}],"wp:attachment":[{"href":"https:\/\/www.infokuryr.cz\/n\/wp-json\/wp\/v2\/media?parent=5656"}],"wp:term":[{"taxonomy":"category","embeddable":true,"href":"https:\/\/www.infokuryr.cz\/n\/wp-json\/wp\/v2\/categories?post=5656"},{"taxonomy":"post_tag","embeddable":true,"href":"https:\/\/www.infokuryr.cz\/n\/wp-json\/wp\/v2\/tags?post=5656"}],"curies":[{"name":"wp","href":"https:\/\/api.w.org\/{rel}","templated":true}]}}