{"id":56552,"date":"2024-06-28T00:37:05","date_gmt":"2024-06-27T22:37:05","guid":{"rendered":"https:\/\/www.infokuryr.cz\/n\/?p=56552"},"modified":"2024-06-27T18:37:35","modified_gmt":"2024-06-27T16:37:35","slug":"prijeti-opatreni-k-degradaci-ruske-valecne-ekonomiky-pred-summitem-lidru-g7","status":"publish","type":"post","link":"https:\/\/www.infokuryr.cz\/n\/2024\/06\/28\/prijeti-opatreni-k-degradaci-ruske-valecne-ekonomiky-pred-summitem-lidru-g7\/","title":{"rendered":"P\u0159ijet\u00ed opat\u0159en\u00ed k degradaci rusk\u00e9 v\u00e1le\u010dn\u00e9 ekonomiky p\u0159ed summitem l\u00eddr\u016f G7"},"content":{"rendered":"<div id=\"fb-root\"><\/div>\n<div class=\"introtext\">\n<p><span style=\"font-size: 14pt;\"><strong>SKUTE\u010cN\u00dd DOKUMENT! Autentick\u00fd p\u0159eklad vy\u0161\u0161\u00ed rasy americk\u00e9 ne nepodobn\u00fd \u00e1rijsk\u00e9 nad\u0159azenosti (dnes americk\u00e9) v d\u00edle Mein Kampf (\u010desky M\u016fj boj) jako nejv\u00fdznamn\u011bj\u0161\u00ed spis Adolfa Hitlera z\u00a0<span class=\"LrzXr kno-fv wHYlTd z8gr9e\">18. \u010dervence 1925<\/span>!<\/strong><\/span><\/p>\n<\/div>\n<div class=\"fulltext\">\n<p>Jedin\u011b my,\u00a0\u00e1rijsk\u00e1\u00a0americk\u00e1 rasa m\u00e1me pr\u00e1vo d\u00e1vat sankce, bombardovat, zab\u00edjet a likvidovat. Co B\u016fh \u0159\u00edd\u00ed, dob\u0159e \u0159\u00edd\u00ed. First Amerika!<\/p>\n<table>\n<tbody>\n<tr>\n<td>Zde je p\u0159\u00edm\u00fd p\u0159eklad z americk\u00e9 ambas\u00e1dy v Polsku, jak se tam vyd\u00e1vaj\u00ed rozkazy za podpory poskoka\u00a0 <a href=\"https:\/\/www.google.com\/url?sa=t&amp;source=web&amp;rct=j&amp;opi=89978449&amp;url=https:\/\/cs.wikipedia.org\/wiki\/Rados%25C5%2582aw_Sikorski&amp;ved=2ahUKEwiVisKRrfqGAxUBbvEDHRIgBZQQFnoECBYQAQ&amp;usg=AOvVaw2pBL5VDJNml4D0nHM8lvjo\" target=\"_blank\" rel=\"noopener\" data-ved=\"2ahUKEwiVisKRrfqGAxUBbvEDHRIgBZQQFnoECBYQAQ\">Rados\u0142awa Sikorskiho<\/a>\u00a0a jeho extremistick\u00e9, nen\u00e1vistn\u00e9 manipulantky\u00a0<span class=\"LrzXr kno-fv wHYlTd z8gr9e\"><a class=\"fl\" href=\"https:\/\/www.google.com\/search?newwindow=1&amp;client=firefox-b-d&amp;sca_esv=821aad2160e4e8d6&amp;sca_upv=1&amp;q=Anne+Applebaumov%C3%A1&amp;si=ACC90nzx_D3_zUKRnpAjmO0UBLNxnt7EyN4YYdru6U3bxLI-L5_coVrZPuzCHUQnBHaBTlHaOvt7HCa_U6Lxi9cFjgMo51L0LddvIWzOAX3FYNTUUFYgRVS7qhmj_HIyQWbEywzkL47v7LBUr20G-ac--IKK6wCQPToWeOnY_DqtnIB6WIIMIAGX8fee503JnzX2y_dXyrXYz2_ez-kXbW9SrtjeoBuJVw%3D%3D&amp;sa=X&amp;ved=2ahUKEwiVisKRrfqGAxUBbvEDHRIgBZQQmxMoAHoECCoQAg\" data-ved=\"2ahUKEwiVisKRrfqGAxUBbvEDHRIgBZQQmxMoAHoECCoQAg\">Anne Applebaumov<\/a>\u00e9<\/span>, kter\u00e1 je my\u0161lenkov\u011b napojena na FORUM 24 a Den\u00edk N.\u00a0 Tato americk\u00e1 d\u00e1ma rozjela jako prvn\u00ed zlo\u010dinnou kampa\u0148 proti \u010desk\u00fdm ob\u010dan\u016fm manipulac\u00ed s informacemi. Pak se Sikorski &#8222;o\u017eral&#8220;, napr\u00e1skal na sebe, co si mysl\u00ed, byl vyhozen a nyn\u00ed se z n\u011bj stal lokaj USA, tak\u017ee zase po \u017eeb\u0159\u00ed\u010dku stoup\u00e1. Mimochodem, pr\u00e1v\u011b jeho p\u0159edch\u016fdci, kdy\u017e se to v roce 1968 hodilo, tla\u010dili na Bre\u017en\u011bva, aby spustil okupaci \u010ceskoslovenska. A \u017e\u00e1dali vyvra\u017ed\u011bn\u00ed \u017eid\u016f jako nap\u0159. spisovatele M\u0148a\u010dka. Nyn\u00ed to finan\u010dn\u011b sype ze z\u00e1padu, tak jsou pro zm\u011bnu se \u017eidy a&#8230;<\/p>\n<p><strong>To jsou ti mor\u00e1ln\u00ed Pol\u00e1ci..<\/strong><\/td>\n<\/tr>\n<\/tbody>\n<\/table>\n<p class=\"article-meta doctype-meta\"><span style=\"font-size: 18pt;\"><strong>TISKOV\u00c1 ZPR\u00c1VA<\/strong><\/span><\/p>\n<p class=\"article-meta__author-bureau\"><a href=\"https:\/\/translate.google.com\/website?sl=en&amp;tl=cs&amp;hl=cs&amp;prev=search&amp;u=https:\/\/www.state.gov\/biographies\/antony-j-blinken\/\">ANTONY J. BLINKEN, ST\u00c1TN\u00cd TAJEMN\u00cdK<\/a><\/p>\n<p class=\"article-meta__publish-date\"><strong>12. \u010cERVNA 2024<\/strong><\/p>\n<p>Od \u00fapln\u00e9 rusk\u00e9 invaze na Ukrajinu v \u00fanoru 2022 Spojen\u00e9 st\u00e1ty se spojenci a partnery shrom\u00e1\u017edily podporu ukrajinsk\u00e9 obran\u011b a\u00a0zavedly sankce a kontroly v\u00fdvozu v bezprecedentn\u00edm m\u011b\u0159\u00edtku.<\/p>\n<p>Dnes, v souladu se z\u00e1vazky, kter\u00e9 prezident Biden a v\u016fdci Skupiny sedmi (G7) u\u010dinili p\u0159i p\u0159\u00edprav\u011b na setk\u00e1n\u00ed tento t\u00fdden v It\u00e1lii, ministerstva zahrani\u010d\u00ed a ministerstvo financ\u00ed uvaluj\u00ed na Rusko dal\u0161\u00ed n\u00e1klady t\u00edm, \u017ee ur\u010duj\u00ed v\u00edce ne\u017e 300 jednotlivc\u016f a subjekt\u016f pro umo\u017e\u0148uj\u00edc\u00ed rusk\u00e9mu st\u00edh\u00e1n\u00ed jeho nez\u00e1konn\u00e9 v\u00e1lky. Ministerstvo zahrani\u010d\u00ed uvaluje sankce na v\u00edce ne\u017e 100 c\u00edl\u016f nap\u0159\u00ed\u010d mnoha sektory, kter\u00e9 jsou nezbytn\u00e9 pro rusk\u00e9 v\u00e1le\u010dn\u00e9 \u00fasil\u00ed. Tyto c\u00edle zahrnuj\u00ed ty, kter\u00e9 se zab\u00fdvaj\u00ed rozvojem budouc\u00edch rusk\u00fdch energetick\u00fdch, kov\u00e1\u0159sk\u00fdch a t\u011b\u017eebn\u00edch v\u00fdrobn\u00edch a exportn\u00edch kapacit; vyh\u00fdb\u00e1n\u00ed se sankc\u00edm a jejich obch\u00e1zen\u00ed; a v\u00fdrobu materi\u00e1lu pot\u0159ebn\u00e9ho k podpo\u0159e v\u00e1le\u010dn\u00e9ho \u00fasil\u00ed Ruska. Ministerstvo tak\u00e9 p\u0159ij\u00edm\u00e1 opat\u0159en\u00ed proti zlovoln\u00fdm akt\u00e9r\u016fm odpov\u011bdn\u00fdm za nucen\u00fd p\u0159esun, p\u0159ev\u00fdchovu a deportaci ukrajinsk\u00fdch d\u011bt\u00ed.<\/p>\n<p><strong>Spojen\u00e9 st\u00e1ty jsou nad\u00e1le znepokojeny rozsahem a \u0161\u00ed\u0159\u00ed v\u00fdvozu z \u010c\u00ednsk\u00e9 lidov\u00e9 republiky (\u010cLR), kter\u00fd z\u00e1sobuje ruskou vojensko-pr\u016fmyslovou z\u00e1kladnu. Ministerstvo ur\u010duje spole\u010dnosti \u010cLR, kter\u00e9 dod\u00e1vaj\u00ed Rusku \u0161irokou \u0161k\u00e1lu zbo\u017e\u00ed dvoj\u00edho u\u017eit\u00ed, kter\u00e9 vypl\u0148uje kritick\u00e9 mezery v rusk\u00e9m obrann\u00e9m v\u00fdrobn\u00edm cyklu. Podnik\u00e1me tak\u00e9 kroky, abychom \u010delili podpo\u0159e, kterou Luka\u0161enk\u016fv re\u017eim v B\u011blorusku poskytuje rusk\u00e9 agresi proti Ukrajin\u011b.<\/strong><\/p>\n<p>Ministerstvo financ\u00ed sou\u010dasn\u011b zvy\u0161uje rizika, kter\u00fdm finan\u010dn\u00ed instituce \u010del\u00ed p\u0159i usnad\u0148ov\u00e1n\u00ed podpory rusk\u00e9 vojensko-pr\u016fmyslov\u00e9 z\u00e1kladny, uvaluje sankce na v\u00edce ne\u017e 200 jednotlivc\u016f a subjekt\u016f v Rusku i mimo n\u011bj \u2013 v\u010detn\u011b subjekt\u016f v \u010cLR \u2013 a zav\u00e1d\u00ed z\u00e1kazy ur\u010dit\u00fd software a IT slu\u017eby s c\u00edlem znehodnotit ruskou v\u00e1le\u010dnou ma\u0161in\u00e9rii. A kone\u010dn\u011b, ministerstvo obchodu roz\u0161i\u0159uje sv\u016fj seznam entit o dal\u0161\u00ed jm\u00e9na t\u011bch, kte\u0159\u00ed pom\u00e1haj\u00ed rusk\u00e9mu vojensk\u00e9mu a obrann\u00e9mu sektoru a omezuj\u00ed export ur\u010dit\u00e9ho softwaru do Ruska.<\/p>\n<p>Budeme i nad\u00e1le pou\u017e\u00edvat v\u0161echny n\u00e1stroje, kter\u00e9 m\u00e1me k dispozici, abychom zabr\u00e1nili Rusku ve vyu\u017e\u00edv\u00e1n\u00ed mezin\u00e1rodn\u00edho finan\u010dn\u00edho syst\u00e9mu k veden\u00ed jeho v\u00e1lky, naru\u0161ili s\u00edt\u011b podpory pro ruskou vojensko-pr\u016fmyslovou z\u00e1kladnu a zv\u00fd\u0161ili n\u00e1klady Ruska, kdy\u017e Putin p\u00e1chal svou agresi proti Ukrajina.<\/p>\n<p><i>Dne 22. prosince 2023 prezident Biden roz\u0161\u00ed\u0159il schopnost Spojen\u00fdch st\u00e1t\u016f zam\u011b\u0159it se na finan\u010dn\u00ed instituce um\u00edst\u011bn\u00e9 mimo Rusko, kter\u00e9 usnad\u0148uj\u00ed transakce zahrnuj\u00edc\u00ed ruskou vojensko-pr\u016fmyslovou z\u00e1kladnu. Ministerstvo financ\u00ed dnes roz\u0161i\u0159uje definici rusk\u00e9 vojensko-pr\u016fmyslov\u00e9 z\u00e1kladny tak, aby zahrnovala v\u0161echny osoby blokovan\u00e9 podle\u00a0<\/i><em>EDI\/31cz \/244020298113-l v\u00fdkonn\u00e9ho na\u0159\u00edzen\u00ed (EO) 14024<\/em><i>\u00a0. Tato expanze znamen\u00e1, \u017ee zahrani\u010dn\u00ed finan\u010dn\u00ed instituce riskuj\u00ed, \u017ee budou sankcionov\u00e1ny za prov\u00e1d\u011bn\u00ed nebo napom\u00e1h\u00e1n\u00ed v\u00fdznamn\u00fdch transakc\u00ed nebo poskytov\u00e1n\u00ed jak\u00e9koli slu\u017eby zahrnuj\u00edc\u00ed jakoukoli osobu zablokovanou podle EO 14024.<\/i><\/p>\n<p><strong><i>Ministerstvo zahrani\u010d\u00ed a ministerstvo financ\u00ed p\u0159ijaly sank\u010dn\u00ed opat\u0159en\u00ed v souladu s EO 14024\u00a0<\/i><i>\u00a0\u201eBlokov\u00e1n\u00ed majetku s ohledem na specifikovan\u00e9 \u0161kodliv\u00e9 zahrani\u010dn\u00ed aktivity vl\u00e1dy Rusk\u00e9 federace\u201c.<\/i><\/strong><\/p>\n<p><strong>To nejsp\u00ed\u0161 USA sv\u011b\u0159il B\u016fh, USA sm\u00ed rozhodovat o v\u0161em na planet\u011b Zemi, a nikdo nem\u00e1 pr\u00e1vo vy\u0161\u0161\u00ed rase sv\u011b\u0159en\u00e9 od Boha USA odporovat a neposlouchat&#8230;<\/strong><\/p>\n<p><strong>&#8212;&#8212;&#8212;&#8212;&#8212;&#8212;&#8212;&#8212;&#8212;&#8212;&#8212;&#8212;&#8212;&#8212;&#8212;&#8212;&#8212;&#8212;&#8212;&#8212;-<\/strong><\/p>\n<p><i><span style=\"font-size: 18pt;\"><strong>A jak\u00e1 je skute\u010dnost? Jen nam\u00e1tkov\u011b:<\/strong><\/span><br \/>\n<\/i><\/p>\n<ul>\n<li>Teher\u00e1n uvedl, \u017ee dohoda o plynu mezi \u00cdr\u00e1nem a Ruskem zajist\u00ed cel\u00fd Bl\u00edzk\u00fd v\u00fdchod<\/li>\n<li>Produkce stabiln\u00edho plynov\u00e9ho kondenz\u00e1tu v Rusk\u00e9 federaci vzrostla v kv\u011btnu o 3,5 %.<\/li>\n<li>Ministerstvo zem\u011bd\u011blstv\u00ed zaznamenalo pokles prodejn\u00edch cen ku\u0159at a vajec<\/li>\n<li>V\u00fdroba motorov\u00e9 nafty v kv\u011btnu v Rusk\u00e9 federaci vzrostla oproti dubnu o 2,1 %.<\/li>\n<li>V lednu a\u017e kv\u011btnu zv\u00fd\u0161ila Rusk\u00e1 federace v\u00fdrobu potravin o 7,3 % a v\u00fdrobu n\u00e1poj\u016f o 11,2 %.<\/li>\n<li>Produkce LNG v Rusk\u00e9 federaci v kv\u011btnu vzrostla o 2,9 % na 3 miliony tun<\/li>\n<li><strong>R\u016fst pr\u016fmyslov\u00e9 v\u00fdroby v Rusk\u00e9 federaci v kv\u011btnu zrychlil na 5,3 %.<\/strong><\/li>\n<li>Rosstat odhadl r\u016fst t\u011b\u017eby zemn\u00edho plynu v Rusk\u00e9 federaci v chladn\u00e9m kv\u011btnu na 9 %<\/li>\n<li>Rusk\u00fd akciov\u00fd trh ve st\u0159edu p\u0159ekonal 3150p podle indexu moskevsk\u00e9 burzy<\/li>\n<li>V lednu a\u017e dubnu zv\u00fd\u0161ila Rusk\u00e1 federace v\u00fdvoz uzenin o 21 % na t\u00e9m\u011b\u0159 15 tis\u00edc tun<\/li>\n<\/ul>\n<p><span style=\"font-size: 18pt;\"><strong><em>Ale prohl\u00e1\u0161en\u00ed Blinkena vede r\u016fzn\u00e9 imbecily a podvodn\u00edky typu FORUM 24 k vyhl\u00e1\u0161en\u00ed: spln\u011bno, a pen\u00edze za oslavn\u00fd \u010dl\u00e1nek se hrnou&#8230;<\/em><\/strong><\/span><\/p>\n<div class=\"latestItemHeader text\">\n<p class=\"latestItemTitle randomart\"><a href=\"https:\/\/www.skrytapravda.cz\/z-ekonomiky\/1967-zapad-vari-ruskou-ekonomiku-pomalu-jako-zabu-pise-rusky-ekonom-mironov\">Z\u00e1pad va\u0159\u00ed ruskou ekonomiku pomalu jako \u017e\u00e1bu, p\u00ed\u0161e rusk\u00fd ekonom Mironov<\/a><\/p>\n<p><strong><span style=\"font-size: 18pt;\">Hv\u011bzdn\u00e1 p\u011bchota z FORUM 24 Jan\u010fourek op\u011bt na\u0161el ruskou demolici dle b\u00fdval\u00e9ho rusk\u00e9ho&#8230;<\/span><\/strong><\/p>\n<p class=\"latestItemTitle\"><a href=\"https:\/\/skrytapravda.cz\/z-ekonomiky\/1958-z-dubnu-cinil-mene-nez-21\">Dedolarizace USA drt\u00ed v\u00edc, ne\u017e p\u0159izn\u00e1vaj\u00ed a vyhro\u017euj\u00ed tot\u00e1ln\u00ed v\u00e1lkou<\/a><\/p>\n<p><a href=\"https:\/\/www.skrytapravda.cz\/ze-zahranici\/1970-prijeti-opatreni-k-degradaci-ruske-valecne-ekonomiky-pred-summitem-lidru-g7\">Petr Pokorn\u00fd<\/a><\/p>\n<p>&nbsp;<\/p>\n<p><a href=\"https:\/\/stranapro.cz\/\"><img decoding=\"async\" loading=\"lazy\" class=\"wp-image-40286 aligncenter\" src=\"http:\/\/www.infokuryr.cz\/n\/wp-content\/uploads\/2023\/11\/12pro-300x87.png\" alt=\"\" width=\"979\" height=\"284\" srcset=\"https:\/\/www.infokuryr.cz\/n\/wp-content\/uploads\/2023\/11\/12pro-300x87.png 300w, https:\/\/www.infokuryr.cz\/n\/wp-content\/uploads\/2023\/11\/12pro.png 366w\" sizes=\"(max-width: 979px) 100vw, 979px\" \/><\/a><\/p>\n<\/div>\n<p>&nbsp;<\/p>\n<\/div>\n","protected":false},"excerpt":{"rendered":"<p>SKUTE\u010cN\u00dd DOKUMENT! Autentick\u00fd p\u0159eklad vy\u0161\u0161\u00ed rasy americk\u00e9 ne nepodobn\u00fd \u00e1rijsk\u00e9 nad\u0159azenosti (dnes americk\u00e9) v d\u00edle&#8230;<\/p>\n","protected":false},"author":2,"featured_media":56553,"comment_status":"closed","ping_status":"closed","sticky":false,"template":"","format":"standard","meta":[],"categories":[6],"tags":[1835,323,1503,158,31,37],"_links":{"self":[{"href":"https:\/\/www.infokuryr.cz\/n\/wp-json\/wp\/v2\/posts\/56552"}],"collection":[{"href":"https:\/\/www.infokuryr.cz\/n\/wp-json\/wp\/v2\/posts"}],"about":[{"href":"https:\/\/www.infokuryr.cz\/n\/wp-json\/wp\/v2\/types\/post"}],"author":[{"embeddable":true,"href":"https:\/\/www.infokuryr.cz\/n\/wp-json\/wp\/v2\/users\/2"}],"replies":[{"embeddable":true,"href":"https:\/\/www.infokuryr.cz\/n\/wp-json\/wp\/v2\/comments?post=56552"}],"version-history":[{"count":1,"href":"https:\/\/www.infokuryr.cz\/n\/wp-json\/wp\/v2\/posts\/56552\/revisions"}],"predecessor-version":[{"id":56554,"href":"https:\/\/www.infokuryr.cz\/n\/wp-json\/wp\/v2\/posts\/56552\/revisions\/56554"}],"wp:featuredmedia":[{"embeddable":true,"href":"https:\/\/www.infokuryr.cz\/n\/wp-json\/wp\/v2\/media\/56553"}],"wp:attachment":[{"href":"https:\/\/www.infokuryr.cz\/n\/wp-json\/wp\/v2\/media?parent=56552"}],"wp:term":[{"taxonomy":"category","embeddable":true,"href":"https:\/\/www.infokuryr.cz\/n\/wp-json\/wp\/v2\/categories?post=56552"},{"taxonomy":"post_tag","embeddable":true,"href":"https:\/\/www.infokuryr.cz\/n\/wp-json\/wp\/v2\/tags?post=56552"}],"curies":[{"name":"wp","href":"https:\/\/api.w.org\/{rel}","templated":true}]}}