{"id":56541,"date":"2024-06-28T00:42:49","date_gmt":"2024-06-27T22:42:49","guid":{"rendered":"https:\/\/www.infokuryr.cz\/n\/?p=56541"},"modified":"2024-06-27T17:57:28","modified_gmt":"2024-06-27T15:57:28","slug":"durynsky-ustavni-soud-zakaz-vychazeni-pro-neockovane-osoby-byl-protiustavni","status":"publish","type":"post","link":"https:\/\/www.infokuryr.cz\/n\/2024\/06\/28\/durynsky-ustavni-soud-zakaz-vychazeni-pro-neockovane-osoby-byl-protiustavni\/","title":{"rendered":"Durynsk\u00fd \u00fastavn\u00ed soud: Z\u00e1kaz vych\u00e1zen\u00ed pro neo\u010dkovan\u00e9 osoby byl proti\u00fastavn\u00ed"},"content":{"rendered":"<div id=\"fb-root\"><\/div>\n<p><strong>V N\u011bmecku se ob\u010das spravedlnosti st\u00e1le (\u010d\u00e1ste\u010dn\u011b) da\u0159\u00ed: Po \u017ealob\u011b AfD nyn\u00ed durynsk\u00fd \u00fastavn\u00ed soud rozhodl, \u017ee z\u00e1kaz vych\u00e1zen\u00ed pro neo\u010dkovan\u00e9 a neuzdraven\u00e9 osoby na za\u010d\u00e1tku roku 2022 byl proti\u00fastavn\u00ed. Durynsk\u00e9mu ministerstvu zdravotnictv\u00ed se nicm\u00e9n\u011b jeho kroky proti vlastn\u00edm ob\u010dan\u016fm potvrdily.<\/strong><\/p>\n<p>\u017daloba poslaneck\u00e9ho klubu AfD se ve skute\u010dnosti odvol\u00e1vala na \u0159adu ustanoven\u00ed koronov\u00e9 vyhl\u00e1\u0161ky z ledna 2022, ale durynsk\u00fd \u00fastavn\u00ed soud se ve sv\u00e9m st\u0159ede\u010dn\u00edm rozhodnut\u00ed omezil na to, \u017ee z\u00e1kaz vych\u00e1zen\u00ed pro neo\u010dkovan\u00e9 osoby mezi 21. lednem a 6. \u00fanorem 2022 ozna\u010dil za proti\u00fastavn\u00ed. . V t\u00e9 dob\u011b byli neo\u010dkovan\u00ed a nevyl\u00e9\u010den\u00ed lid\u00e9 otev\u0159en\u011b diskriminov\u00e1ni t\u00edm, \u017ee od 22:00 byla speci\u00e1ln\u011b pro n\u011b uvalena uzam\u010den\u00ed. Skute\u010dnost, \u017ee toto opat\u0159en\u00ed bylo bezp\u0159edm\u011btn\u00e9, byla ji\u017e v t\u00e9 dob\u011b \u0161iroce akceptov\u00e1na celost\u00e1tn\u011b, ale to nezabr\u00e1nilo durynsk\u00e9 zemsk\u00e9 vl\u00e1d\u011b v jeho zaveden\u00ed.\u00a0<strong>Soud nyn\u00ed konstatoval, \u017ee toto poru\u0161en\u00ed z\u00e1kladn\u00edho pr\u00e1va na fyzickou svobodu pohybu bylo\u00a0<a href=\"https:\/\/www.msn.com\/de-de\/gesundheit\/other\/th%C3%BCringen-corona-ausgangssperre-f%C3%BCr-ungeimpfte-war-verfassungswidrig\/ar-BB1oVJGT\" target=\"_blank\" rel=\"noreferrer noopener\">proti\u00fastavn\u00ed<\/a> . Na\u0159\u00edzen\u00ed rovn\u011b\u017e nespl\u0148ovalo form\u00e1ln\u00ed n\u00e1le\u017eitosti.<\/strong><\/p>\n<p>Durynsk\u00e9 ministerstvo zdravotnictv\u00ed to vid\u00ed klidn\u011b.\u00a0<a href=\"https:\/\/www.mdr.de\/nachrichten\/thueringen\/mitte-thueringen\/weimar\/gericht-afd-corona-klage-grundrechte-100~amp.html\" target=\"_blank\" rel=\"noreferrer noopener\">Jak uv\u00e1d\u00ed MDR<\/a>\u00a0, jeho \u010diny jsou z velk\u00e9 \u010d\u00e1sti potvrzeny: st\u00e1tn\u00ed tajemnice Ines Feierabendov\u00e1 ozn\u00e1mila m\u00e9diu, \u017ee soud klasifikoval pravidla Corona jako z 90 procent leg\u00e1ln\u00ed, pouze z deseti procent nikoli.\u00a0\u00a0<strong>Tehdej\u0161\u00ed na\u0159\u00edzen\u00ed Corona nebylo dostate\u010dn\u011b od\u016fvodn\u011bn\u00e9 \u2013 ministerstvo se z toho mohlo pou\u010dit pro budouc\u00ed na\u0159\u00edzen\u00ed.<\/strong>\u00a0Podle jej\u00edho n\u00e1zoru v\u0161ak \u00dastavn\u00ed soud potvrdil z\u00e1kladn\u00ed p\u0159\u00edstup \u201eochrany lid\u00ed\u201c s po\u017eadavky Corona.<\/p>\n<p>Co to znamen\u00e1 srozumiteln\u00fdm jazykem? A\u017e se p\u0159\u00ed\u0161t\u011b budou zam\u011b\u0159ovat na zvl\u00e1\u0161tn\u00ed skupiny obyvatelstva, zkop\u00edrujete jednodu\u0161e do textu na\u0159\u00edzen\u00ed n\u011bkolik dal\u0161\u00edch \u201ezd\u016fvodn\u011bn\u00ed\u201c? Mo\u017en\u00e1 i proto m\u016f\u017ee m\u00edt AfD radost z tak vysok\u00fdch \u010d\u00edsel pr\u016fzkum\u016f v Durynsku, kter\u00e9 je st\u00e1le levicov\u00e9, rudozelen\u00e9. Koalice siln\u011b kontroverzn\u00edho levicov\u00e9ho Ramelowa stejn\u011b nem\u00e1 v zemsk\u00e9m parlamentu v\u011bt\u0161inu: je na CDU, aby byla po\u0161lap\u00e1v\u00e1na v\u016fle voli\u010d\u016f a AfD nen\u00ed ve vl\u00e1d\u011b. P\u0159\u00ed\u0161t\u00ed zemsk\u00e9 volby v Durynsku se budou konat\u00a0<a href=\"https:\/\/www.msn.com\/de-de\/nachrichten\/politik\/alle-umfragen-zu-den-landtagswahlen-in-th%C3%BCringen-sachsen-und-brandenburg-afd-vorn-bsw-im-aufwind-cdu-holt-auf\/ar-BB1o1JoV\" target=\"_blank\" rel=\"noreferrer noopener\">1. z\u00e1\u0159\u00ed<\/a>\u00a0.<\/p>\n<p><img decoding=\"async\" loading=\"lazy\" class=\"alignnone size-full wp-image-1185\" src=\"http:\/\/www.infokuryr.cz\/n\/wp-content\/uploads\/2021\/04\/kuryr-podpis.png\" alt=\"\" width=\"84\" height=\"24\" \/><\/p>\n","protected":false},"excerpt":{"rendered":"<p>V N\u011bmecku se ob\u010das spravedlnosti st\u00e1le (\u010d\u00e1ste\u010dn\u011b) da\u0159\u00ed: Po \u017ealob\u011b AfD nyn\u00ed durynsk\u00fd \u00fastavn\u00ed soud&#8230;<\/p>\n","protected":false},"author":2,"featured_media":22411,"comment_status":"closed","ping_status":"closed","sticky":false,"template":"","format":"standard","meta":[],"categories":[7],"tags":[23,84,520,324],"_links":{"self":[{"href":"https:\/\/www.infokuryr.cz\/n\/wp-json\/wp\/v2\/posts\/56541"}],"collection":[{"href":"https:\/\/www.infokuryr.cz\/n\/wp-json\/wp\/v2\/posts"}],"about":[{"href":"https:\/\/www.infokuryr.cz\/n\/wp-json\/wp\/v2\/types\/post"}],"author":[{"embeddable":true,"href":"https:\/\/www.infokuryr.cz\/n\/wp-json\/wp\/v2\/users\/2"}],"replies":[{"embeddable":true,"href":"https:\/\/www.infokuryr.cz\/n\/wp-json\/wp\/v2\/comments?post=56541"}],"version-history":[{"count":0,"href":"https:\/\/www.infokuryr.cz\/n\/wp-json\/wp\/v2\/posts\/56541\/revisions"}],"wp:featuredmedia":[{"embeddable":true,"href":"https:\/\/www.infokuryr.cz\/n\/wp-json\/wp\/v2\/media\/22411"}],"wp:attachment":[{"href":"https:\/\/www.infokuryr.cz\/n\/wp-json\/wp\/v2\/media?parent=56541"}],"wp:term":[{"taxonomy":"category","embeddable":true,"href":"https:\/\/www.infokuryr.cz\/n\/wp-json\/wp\/v2\/categories?post=56541"},{"taxonomy":"post_tag","embeddable":true,"href":"https:\/\/www.infokuryr.cz\/n\/wp-json\/wp\/v2\/tags?post=56541"}],"curies":[{"name":"wp","href":"https:\/\/api.w.org\/{rel}","templated":true}]}}